{"id":77453,"date":"2025-06-09T11:00:14","date_gmt":"2025-06-09T09:00:14","guid":{"rendered":"https:\/\/miradordeatarfe.es\/?p=77453"},"modified":"2025-06-08T10:58:02","modified_gmt":"2025-06-08T08:58:02","slug":"el-ceip-clara-campoamor-de-ataref-recibe-la-tercera-bandera-de-ecoescuelas","status":"publish","type":"post","link":"https:\/\/miradordeatarfe.es\/?p=77453","title":{"rendered":"EL CEIP CLARA CAMPOAMOR DE ATARFE RECIBE LA TERCERA BANDERA DE ECOESCUELAS"},"content":{"rendered":"\n<p class=\"has-medium-font-size\"><strong>El pasado d\u00eda  5 de junio fue un d\u00eda muy especial ya que celebramos el D\u00eda del Medioambiente, y y el CEIP CLARA CAMPOAMOR  DE ATARFE  ha sido galardonado de nuevo con la Bandera Verde! YA ES LA TERCERA. <\/strong><\/p>\n\n\n\n<p>Por eso motivo se han reunido en el patio del centro y hemos tenido el placer de que nos acompa\u00f1ara nuestra Alcaldesa D\u00aa Yolanda Fern\u00e1ndez y nuestro Concejal de Medioambiente, D. Jos\u00e9 Gonz\u00e1lez, para celebrar esa magnifica noticia.<\/p>\n\n\n\n<p>Como expreso la Alcaldesa <em>\u00abQueremos felicitar p\u00fablicamente al Colegio Clara Campoamor por la renovaci\u00f3n de su tercera Bandera Verde, un reconocimiento internacional que premia su compromiso real con el medio ambiente. Este centro se ha convertido en uno de los referentes andaluces del programa Ecoescuelas, impulsado por la Fundaci\u00f3n Europea de Educaci\u00f3n Ambiental y la Junta de Andaluc\u00eda.\u00bb<\/em><\/p>\n\n\n\n<p><em>\u00a1Qu\u00e9 mejor manera de celebrar el D\u00eda Mundial del Medio Ambiente! Gracias por ser ejemplo de sostenibilidad, por trabajar d\u00eda a d\u00eda en la naturalizaci\u00f3n del entorn<\/em>o <em>escolar, fomentar el reciclaje, el ahorro energ\u00e9tico y, sobre todo, por implicar activamente a toda la comunidad educativa en la protecci\u00f3n del planeta.<\/em><\/p>\n\n\n\n<p>La Directora del Centro D\u00aa Francisca Higueras  se preguntaba :<em>\u00bfSab\u00e9is lo que significa tener una bandera verde? Significa que todos y todas, juntos, hemos demostrado que nos importa cuidar nuestro <strong>Planeta<\/strong>.<\/em><\/p>\n\n\n\n<p>Y al mismo tiempo que daba las gracias a la comunidad educativa por todo lo que han realizado:<\/p>\n\n\n\n<ul class=\"wp-block-list\">\n<li><em>por cada  vez que hab\u00e9is reciclado,<\/em><\/li>\n\n\n\n<li><em>por cada planta que hab\u00e9is plantado y cuidado con mucho mimo<\/em>,<\/li>\n\n\n\n<li><em>por cada vez que hab\u00e9is apagado la luz para ahorrar energ\u00eda<\/em>,<\/li>\n\n\n\n<li><em>por cerrar el grifo para no malgastar el agua,<\/em><\/li>\n<\/ul>\n\n\n\n<p><em>y por todas esas peque\u00f1as acciones que, aunque parezcan peque\u00f1as, juntas hacen algo muy grande.<\/em><\/p>\n\n\n\n<p><em>La Bandera Verde no es solo un premio, es un s\u00edmbolo. Nos recuerda que podemos hacer del mundo un lugar mejor si trabajamos en equipo y <strong>cuidamos nuestro entorno<\/strong>. Tener este distintivo internacional en nuestro colegio significa que somos un ejemplo para otros, que demostramos que los ni\u00f1os y ni\u00f1as pueden cambiar el mundo, empezando por su colegio, su casa, su barrio y su pueblo<\/em>.<\/p>\n\n\n\n<p><em>Os animo a seguir siendo tan <strong>responsables y comprometidos<\/strong> como hasta ahora. Sigamos cuidando de nuestro colegio, de los parques, de los animales y de la naturaleza. Porque cada uno de vosotros y vosotras es un h\u00e9roe del medioambiente.<\/em><\/p>\n\n\n\n<p>EL CLARACAMPOAMOR ha recibido su nueva bandera verde por su extraordinario proyecto de Ecoescuela. Hace ya 10 a\u00f1os este Centro Educativo se propuso pasar a la accion y convertirse en Ecoescuela con la finalidad de Ayudar a mejorar nuestro planeta. Desde entonces han sido muchas las acciones y proyectos realizados que han trascendido las puertas del colegio impactando en las familias y todo el pueblo de Atarfe.Felicidades a toda la Comunidad Educativa por este merecido reconocimiento!<\/p>\n\n\n\n<p><em>\u00a1Enhorabuena a todos y todas! Esta Bandera Verde es vuestra.<\/em><\/p>\n\n\n\n<figure class=\"wp-block-image size-full\"><img data-recalc-dims=\"1\" loading=\"lazy\" decoding=\"async\" width=\"600\" height=\"750\" src=\"https:\/\/i0.wp.com\/miradordeatarfe.es\/wp-content\/uploads\/2025\/06\/Imagen-de-WhatsApp-2025-06-05-a-las-18.30.38_9bf1eda1.jpg?resize=600%2C750&#038;ssl=1\" alt=\"\" class=\"wp-image-77454\" srcset=\"https:\/\/i0.wp.com\/miradordeatarfe.es\/wp-content\/uploads\/2025\/06\/Imagen-de-WhatsApp-2025-06-05-a-las-18.30.38_9bf1eda1.jpg?w=600&amp;ssl=1 600w, https:\/\/i0.wp.com\/miradordeatarfe.es\/wp-content\/uploads\/2025\/06\/Imagen-de-WhatsApp-2025-06-05-a-las-18.30.38_9bf1eda1.jpg?resize=240%2C300&amp;ssl=1 240w\" sizes=\"auto, (max-width: 600px) 100vw, 600px\" \/><\/figure>\n\n\n\n<p>FOTO: RECOGIDA DE LA BANDERA VERDE DEL A\u00d1O 2019<\/p>\n\n\n\n\n","protected":false},"excerpt":{"rendered":"<p>El pasado d\u00eda 5 de junio fue un d\u00eda muy especial ya que celebramos el&#8230;<\/p>\n","protected":false},"author":1,"featured_media":77455,"comment_status":"closed","ping_status":"closed","sticky":false,"template":"","format":"standard","meta":{"_coblocks_attr":"","_coblocks_dimensions":"","_coblocks_responsive_height":"","_coblocks_accordion_ie_support":"","jetpack_post_was_ever_published":false,"_jetpack_newsletter_access":"","_jetpack_dont_email_post_to_subs":false,"_jetpack_newsletter_tier_id":0,"_jetpack_memberships_contains_paywalled_content":false,"_jetpack_memberships_contains_paid_content":false,"footnotes":"","jetpack_publicize_message":"","jetpack_publicize_feature_enabled":true,"jetpack_social_post_already_shared":true,"jetpack_social_options":{"image_generator_settings":{"template":"highway","default_image_id":0,"enabled":false},"version":2}},"categories":[187,186,44],"tags":[],"class_list":["post-77453","post","type-post","status-publish","format-standard","has-post-thumbnail","hentry","category-centros-educativos","category-instituciones","category-noticias-de-hoy"],"jetpack_publicize_connections":[],"jetpack_featured_media_url":"https:\/\/i0.wp.com\/miradordeatarfe.es\/wp-content\/uploads\/2025\/06\/BANDERA.jpeg?fit=474%2C176&ssl=1","jetpack_likes_enabled":true,"jetpack_sharing_enabled":true,"_links":{"self":[{"href":"https:\/\/miradordeatarfe.es\/index.php?rest_route=\/wp\/v2\/posts\/77453","targetHints":{"allow":["GET"]}}],"collection":[{"href":"https:\/\/miradordeatarfe.es\/index.php?rest_route=\/wp\/v2\/posts"}],"about":[{"href":"https:\/\/miradordeatarfe.es\/index.php?rest_route=\/wp\/v2\/types\/post"}],"author":[{"embeddable":true,"href":"https:\/\/miradordeatarfe.es\/index.php?rest_route=\/wp\/v2\/users\/1"}],"replies":[{"embeddable":true,"href":"https:\/\/miradordeatarfe.es\/index.php?rest_route=%2Fwp%2Fv2%2Fcomments&post=77453"}],"version-history":[{"count":2,"href":"https:\/\/miradordeatarfe.es\/index.php?rest_route=\/wp\/v2\/posts\/77453\/revisions"}],"predecessor-version":[{"id":77457,"href":"https:\/\/miradordeatarfe.es\/index.php?rest_route=\/wp\/v2\/posts\/77453\/revisions\/77457"}],"wp:featuredmedia":[{"embeddable":true,"href":"https:\/\/miradordeatarfe.es\/index.php?rest_route=\/wp\/v2\/media\/77455"}],"wp:attachment":[{"href":"https:\/\/miradordeatarfe.es\/index.php?rest_route=%2Fwp%2Fv2%2Fmedia&parent=77453"}],"wp:term":[{"taxonomy":"category","embeddable":true,"href":"https:\/\/miradordeatarfe.es\/index.php?rest_route=%2Fwp%2Fv2%2Fcategories&post=77453"},{"taxonomy":"post_tag","embeddable":true,"href":"https:\/\/miradordeatarfe.es\/index.php?rest_route=%2Fwp%2Fv2%2Ftags&post=77453"}],"curies":[{"name":"wp","href":"https:\/\/api.w.org\/{rel}","templated":true}]}}