{"id":77478,"date":"2025-06-12T11:20:59","date_gmt":"2025-06-12T09:20:59","guid":{"rendered":"https:\/\/miradordeatarfe.es\/?p=77478"},"modified":"2025-06-11T10:35:54","modified_gmt":"2025-06-11T08:35:54","slug":"ruta-por-la-vega-celebra-la-proteccion-del-medio-ambiente-caminando","status":"publish","type":"post","link":"https:\/\/miradordeatarfe.es\/?p=77478","title":{"rendered":"Ruta por la Vega. Celebra la protecci\u00f3n del Medio Ambiente caminando"},"content":{"rendered":"\n<p class=\"has-medium-font-size\"><strong>El pr\u00f3ximo 14 de junio el Ayuntamiento de Atarfe te invita a una experiencia \u00fanica para reconectar con la naturaleza, descubrir la historia de nuestra tierra y celebrar la protecci\u00f3n del Medio Ambiente como mejor sabemos: \u00a1pisando la Vega!&nbsp;<\/strong><\/p>\n\n\n\n<p>Una ruta guiada por Tatiana Fern\u00e1ndez con la colaboraci\u00f3n del Club de Senderismo El Castillejo, donde exploraremos el R\u00edo Genil, las alamedas, la Noria Contreras, la Mezquita \u00c1rabe, el Camino del Matadero y muchos rincones m\u00e1s llenos de historia, leyenda y vida.<\/p>\n\n\n\n<p>Conoceremos sistemas de cultivo tradicionales, usos actuales de la tierra y reviviremos las historias que marcaron este rinc\u00f3n de la Vega tan querido por Atarfe.<\/p>\n\n\n\n<p>\u00a1Una oportunidad para cuidar, valorar y disfrutar nuestro entorno!<\/p>\n\n\n\n<p><strong>Salida: 8:00 h desde el Ayuntamiento<br \/>&#8211;&nbsp;Duraci\u00f3n: 2 horas y media aprox.<br \/>&#8211;&nbsp;Distancia: 9-10 km<br \/>&#8211;&nbsp;Dificultad: F\u00e1cil<br \/>&#8211; Inscripciones: Centro Cultural Medina Elvira<\/strong><\/p>\n\n\n\n<figure class=\"wp-block-image size-full\"><img data-recalc-dims=\"1\" loading=\"lazy\" decoding=\"async\" width=\"600\" height=\"750\" src=\"https:\/\/i0.wp.com\/miradordeatarfe.es\/wp-content\/uploads\/2025\/06\/ruta-vega-14-junio.jpg?resize=600%2C750&#038;ssl=1\" alt=\"\" class=\"wp-image-77479\" srcset=\"https:\/\/i0.wp.com\/miradordeatarfe.es\/wp-content\/uploads\/2025\/06\/ruta-vega-14-junio.jpg?w=600&amp;ssl=1 600w, https:\/\/i0.wp.com\/miradordeatarfe.es\/wp-content\/uploads\/2025\/06\/ruta-vega-14-junio.jpg?resize=240%2C300&amp;ssl=1 240w\" sizes=\"auto, (max-width: 600px) 100vw, 600px\" \/><\/figure>\n\n\n\n<p>FOTO: https:\/\/www.expedia.com\/es\/Cosas-que-hacer-en-Atarfe.d6034202.Actividades<\/p>\n","protected":false},"excerpt":{"rendered":"<p>El pr\u00f3ximo 14 de junio el Ayuntamiento de Atarfe te invita a una experiencia \u00fanica&#8230;<\/p>\n","protected":false},"author":1,"featured_media":77482,"comment_status":"closed","ping_status":"closed","sticky":false,"template":"","format":"standard","meta":{"_coblocks_attr":"","_coblocks_dimensions":"","_coblocks_responsive_height":"","_coblocks_accordion_ie_support":"","jetpack_post_was_ever_published":false,"_jetpack_newsletter_access":"","_jetpack_dont_email_post_to_subs":false,"_jetpack_newsletter_tier_id":0,"_jetpack_memberships_contains_paywalled_content":false,"_jetpack_memberships_contains_paid_content":false,"footnotes":"","jetpack_publicize_message":"","jetpack_publicize_feature_enabled":true,"jetpack_social_post_already_shared":true,"jetpack_social_options":{"image_generator_settings":{"template":"highway","default_image_id":0,"enabled":false},"version":2}},"categories":[12,186,9,44],"tags":[],"class_list":["post-77478","post","type-post","status-publish","format-standard","has-post-thumbnail","hentry","category-cultura","category-instituciones","category-medio-ambiente","category-noticias-de-hoy"],"jetpack_publicize_connections":[],"jetpack_featured_media_url":"https:\/\/i0.wp.com\/miradordeatarfe.es\/wp-content\/uploads\/2025\/06\/ba028df5ca6fc76585172724c8d2b98c.jpg?fit=1544%2C1028&ssl=1","jetpack_likes_enabled":true,"jetpack_sharing_enabled":true,"_links":{"self":[{"href":"https:\/\/miradordeatarfe.es\/index.php?rest_route=\/wp\/v2\/posts\/77478","targetHints":{"allow":["GET"]}}],"collection":[{"href":"https:\/\/miradordeatarfe.es\/index.php?rest_route=\/wp\/v2\/posts"}],"about":[{"href":"https:\/\/miradordeatarfe.es\/index.php?rest_route=\/wp\/v2\/types\/post"}],"author":[{"embeddable":true,"href":"https:\/\/miradordeatarfe.es\/index.php?rest_route=\/wp\/v2\/users\/1"}],"replies":[{"embeddable":true,"href":"https:\/\/miradordeatarfe.es\/index.php?rest_route=%2Fwp%2Fv2%2Fcomments&post=77478"}],"version-history":[{"count":2,"href":"https:\/\/miradordeatarfe.es\/index.php?rest_route=\/wp\/v2\/posts\/77478\/revisions"}],"predecessor-version":[{"id":77483,"href":"https:\/\/miradordeatarfe.es\/index.php?rest_route=\/wp\/v2\/posts\/77478\/revisions\/77483"}],"wp:featuredmedia":[{"embeddable":true,"href":"https:\/\/miradordeatarfe.es\/index.php?rest_route=\/wp\/v2\/media\/77482"}],"wp:attachment":[{"href":"https:\/\/miradordeatarfe.es\/index.php?rest_route=%2Fwp%2Fv2%2Fmedia&parent=77478"}],"wp:term":[{"taxonomy":"category","embeddable":true,"href":"https:\/\/miradordeatarfe.es\/index.php?rest_route=%2Fwp%2Fv2%2Fcategories&post=77478"},{"taxonomy":"post_tag","embeddable":true,"href":"https:\/\/miradordeatarfe.es\/index.php?rest_route=%2Fwp%2Fv2%2Ftags&post=77478"}],"curies":[{"name":"wp","href":"https:\/\/api.w.org\/{rel}","templated":true}]}}