{"id":77503,"date":"2025-06-14T10:30:00","date_gmt":"2025-06-14T08:30:00","guid":{"rendered":"https:\/\/miradordeatarfe.es\/?p=77503"},"modified":"2025-06-14T10:35:10","modified_gmt":"2025-06-14T08:35:10","slug":"la-junta-inicia-las-obras-del-nuevo-punto-limpio-de-atarfe","status":"publish","type":"post","link":"https:\/\/miradordeatarfe.es\/?p=77503","title":{"rendered":"La Junta inicia las obras del nuevo punto limpio de Atarfe"},"content":{"rendered":"\n<p class=\"has-medium-font-size\"><strong>La instalaci\u00f3n, con una inversi\u00f3n superior a los 540.000 euros, forma parte del Plan de Puntos Limpios de Andaluc\u00eda e impulsar\u00e1 la recogida selectiva de residuos en el municipio<\/strong><\/p>\n\n\n\n<p>La Junta de Andaluc\u00eda ha iniciado las obras para la construcci\u00f3n del nuevo punto limpio en el municipio granadino de Atarfe. As\u00ed lo ha anunciado el delegado territorial de Sostenibilidad y Medio Ambiente en Granada, Manuel Francisco Garc\u00eda, durante una visita t\u00e9cnica al municipio, donde ha estado acompa\u00f1ado por representantes del ayuntamiento. Durante la visita han recorrido el emplazamiento que acoger\u00e1 esta nueva infraestructura, destacando su importancia como herramienta clave para fomentar la econom\u00eda circular y avanzar hacia una gesti\u00f3n m\u00e1s eficiente de los residuos.<\/p>\n\n\n\n<p>El proyecto ha sido adjudicado a la empresa LIROLA INGENIER\u00cdA Y OBRAS, S.L., y contar\u00e1 con una inversi\u00f3n de 543.457 euros. Esta actuaci\u00f3n se enmarca en el Plan de Puntos Limpios de Andaluc\u00eda, que contempla la creaci\u00f3n de 12 nuevas instalaciones en siete municipios andaluces: Atarfe y Pulianas (Granada), Aracena (Huelva), Bormujos (Sevilla), Casares (M\u00e1laga), y J\u00f3dar y Meng\u00edbar (Ja\u00e9n). El presupuesto total destinado a este plan alcanza los 7 millones de euros.<\/p>\n\n\n\n<p>Durante su intervenci\u00f3n, el delegado territorial ha subrayado que \u00abestas nuevas infraestructuras no solo suponen un avance significativo en la gesti\u00f3n sostenible de los residuos, sino que dotan a los municipios de instrumentos esenciales para cumplir con los objetivos de sostenibilidad marcados por la Uni\u00f3n Europea\u00bb. Adem\u00e1s, ha a\u00f1adido que \u00abesta actuaci\u00f3n representa una muestra del firme compromiso de la Junta de Andaluc\u00eda con un modelo de desarrollo compatible con el progreso econ\u00f3mico, el bienestar social y la protecci\u00f3n del entorno\u00bb.<\/p>\n\n\n\n<p>Por su parte, los representantes del Ayuntamiento de Atarfe ha mostrado su satisfacci\u00f3n por el inicio de las obras, destacando que \u00abeste punto limpio responde a una necesidad ciudadana y supone un paso adelante en la mejora de los servicios medioambientales del municipio, al ofrecer a los vecinos un espacio seguro y adecuado para depositar residuos especiales que no pueden gestionarse a trav\u00e9s de los contenedores convencionales\u00bb.<\/p>\n\n\n\n<p>Los puntos limpios son instalaciones espec\u00edficas para la recepci\u00f3n y almacenamiento temporal de residuos dom\u00e9sticos que, por su naturaleza, no deben ser depositados en los contenedores tradicionales. Entre estos se incluyen residuos voluminosos, aparatos el\u00e9ctricos y electr\u00f3nicos, pilas, aceites usados, pinturas y otros materiales peligrosos. Estas infraestructuras resultan esenciales para fomentar la recogida selectiva, mejorar los procesos de tratamiento y reciclaje, y evitar vertidos incontrolados que puedan afectar negativamente al medio ambiente.<\/p>\n\n\n\n<p>La construcci\u00f3n del punto limpio de Atarfe permitir\u00e1 mejorar notablemente el sistema local de gesti\u00f3n de residuos, ya que proporcionar\u00e1 una instalaci\u00f3n moderna, accesible y adaptada a las necesidades reales de la poblaci\u00f3n. Asimismo, facilitar\u00e1 la separaci\u00f3n en origen de los residuos y reducir\u00e1 la presi\u00f3n sobre el entorno natural, ayudando a prevenir la contaminaci\u00f3n del suelo, el agua y el aire.<\/p>\n\n\n\n<p>Esta actuaci\u00f3n se financia con fondos FEADER y forma parte de la segunda fase del Plan de Puntos Limpios de Andaluc\u00eda, que se puso en marcha en 2023. En concreto, se integra dentro de la Medida 41 del Plan Integral de Residuos de Andaluc\u00eda 2030 (PIRec), cuyo objetivo principal es que todos los municipios andaluces con m\u00e1s de 2.000 habitantes cuenten con al menos un punto limpio fijo o m\u00f3vil.<\/p>\n\n\n\n<p>Seg\u00fan ha explicado Garc\u00eda, \u00abesta iniciativa contribuye directamente al Objetivo 21 del PIRec, que busca garantizar y mejorar los sistemas de recogida separada de residuos municipales\u00bb. Adem\u00e1s, ha afirmado que \u00abcon este tipo de proyectos, la Junta de Andaluc\u00eda reafirma su compromiso con una transici\u00f3n ecol\u00f3gica justa\u00bb.<\/p>\n\n\n\n<p>La construcci\u00f3n del punto limpio de Atarfe responde tambi\u00e9n a los principios de la Ley 3\/2023, de 30 de marzo, de Econom\u00eda Circular de Andaluc\u00eda, que marca un antes y un despu\u00e9s en la forma en que se abordan los recursos y los residuos en nuestra comunidad aut\u00f3noma. \u00abEsta norma, pionera a nivel nacional, tiene como finalidad la transici\u00f3n hacia un modelo productivo m\u00e1s sostenible, en el que se minimice el impacto ambiental y se fomente un uso eficiente de los recursos naturales\u00bb, ha agregado el delegado territorial.<\/p>\n\n\n\n<p>M\u00e1s all\u00e1 de la mejora ambiental, el proyecto tendr\u00e1 tambi\u00e9n una repercusi\u00f3n social y econ\u00f3mica positiva, ya que se prev\u00e9 la creaci\u00f3n de empleo local, tanto directo como indirecto, durante las fases de obra y puesta en funcionamiento. Igualmente, se espera que la nueva instalaci\u00f3n fortalezca la concienciaci\u00f3n ciudadana en torno a la importancia de adoptar h\u00e1bitos sostenibles en el d\u00eda a d\u00eda.<\/p>\n\n\n\n<p>En definitiva, la Junta de Andaluc\u00eda contin\u00faa avanzando en su compromiso con un modelo de desarrollo sostenible. \u00abCon esta nueva actuaci\u00f3n, Atarfe se suma a una red creciente de municipios comprometidos con la sostenibilidad, el reciclaje y la lucha contra el cambio clim\u00e1tico, consolidando su papel como referente en la gesti\u00f3n ambiental dentro de la provincia de Granada\u00bb, ha concluido el delegado territorial.<\/p>\n","protected":false},"excerpt":{"rendered":"<p>La instalaci\u00f3n, con una inversi\u00f3n superior a los 540.000 euros, forma parte del Plan de&#8230;<\/p>\n","protected":false},"author":1,"featured_media":77504,"comment_status":"closed","ping_status":"closed","sticky":false,"template":"","format":"standard","meta":{"_coblocks_attr":"","_coblocks_dimensions":"","_coblocks_responsive_height":"","_coblocks_accordion_ie_support":"","jetpack_post_was_ever_published":false,"_jetpack_newsletter_access":"","_jetpack_dont_email_post_to_subs":false,"_jetpack_newsletter_tier_id":0,"_jetpack_memberships_contains_paywalled_content":false,"_jetpack_memberships_contains_paid_content":false,"footnotes":"","jetpack_publicize_message":"","jetpack_publicize_feature_enabled":true,"jetpack_social_post_already_shared":false,"jetpack_social_options":{"image_generator_settings":{"template":"highway","default_image_id":0,"enabled":false},"version":2}},"categories":[6916,9,44,1],"tags":[],"class_list":["post-77503","post","type-post","status-publish","format-standard","has-post-thumbnail","hentry","category-ayuntamiento-de-atarfe","category-medio-ambiente","category-noticias-de-hoy","category-uncategorized"],"jetpack_publicize_connections":[],"jetpack_featured_media_url":"https:\/\/i0.wp.com\/miradordeatarfe.es\/wp-content\/uploads\/2025\/06\/atarfe.webp?fit=2144%2C1424&ssl=1","jetpack_likes_enabled":true,"jetpack_sharing_enabled":true,"_links":{"self":[{"href":"https:\/\/miradordeatarfe.es\/index.php?rest_route=\/wp\/v2\/posts\/77503","targetHints":{"allow":["GET"]}}],"collection":[{"href":"https:\/\/miradordeatarfe.es\/index.php?rest_route=\/wp\/v2\/posts"}],"about":[{"href":"https:\/\/miradordeatarfe.es\/index.php?rest_route=\/wp\/v2\/types\/post"}],"author":[{"embeddable":true,"href":"https:\/\/miradordeatarfe.es\/index.php?rest_route=\/wp\/v2\/users\/1"}],"replies":[{"embeddable":true,"href":"https:\/\/miradordeatarfe.es\/index.php?rest_route=%2Fwp%2Fv2%2Fcomments&post=77503"}],"version-history":[{"count":1,"href":"https:\/\/miradordeatarfe.es\/index.php?rest_route=\/wp\/v2\/posts\/77503\/revisions"}],"predecessor-version":[{"id":77505,"href":"https:\/\/miradordeatarfe.es\/index.php?rest_route=\/wp\/v2\/posts\/77503\/revisions\/77505"}],"wp:featuredmedia":[{"embeddable":true,"href":"https:\/\/miradordeatarfe.es\/index.php?rest_route=\/wp\/v2\/media\/77504"}],"wp:attachment":[{"href":"https:\/\/miradordeatarfe.es\/index.php?rest_route=%2Fwp%2Fv2%2Fmedia&parent=77503"}],"wp:term":[{"taxonomy":"category","embeddable":true,"href":"https:\/\/miradordeatarfe.es\/index.php?rest_route=%2Fwp%2Fv2%2Fcategories&post=77503"},{"taxonomy":"post_tag","embeddable":true,"href":"https:\/\/miradordeatarfe.es\/index.php?rest_route=%2Fwp%2Fv2%2Ftags&post=77503"}],"curies":[{"name":"wp","href":"https:\/\/api.w.org\/{rel}","templated":true}]}}