{"id":77547,"date":"2025-06-17T11:00:42","date_gmt":"2025-06-17T09:00:42","guid":{"rendered":"https:\/\/miradordeatarfe.es\/?p=77547"},"modified":"2025-06-11T11:12:51","modified_gmt":"2025-06-11T09:12:51","slug":"atarfe-presentacion-de-la-asociacion-arco-iliberis","status":"publish","type":"post","link":"https:\/\/miradordeatarfe.es\/?p=77547","title":{"rendered":"ATARFE: Presentaci\u00f3n de la Asociaci\u00f3n Arco Il\u00edberis."},"content":{"rendered":"\n<p class=\"has-medium-font-size\"><strong>El pr\u00f3ximo viernes 20 de junio a las 19:00h te esperamos en el Centro C\u00edvico para un encuentro muy especial: Presentaci\u00f3n de la Asociaci\u00f3n Arco Il\u00edberis.<\/strong><\/p>\n\n\n\n<p class=\"has-large-font-size\"><strong>Atarfe suma colores, suma derechos, suma diversidad<\/strong><\/p>\n\n\n\n<p>Un espacio de encuentro, apoyo y visibilidad para las personas LGTBI+ de nuestro pueblo, donde compartiremos y construiremos un Atarfe m\u00e1s abierto, m\u00e1s justo y m\u00e1s libre.<\/p>\n\n\n\n<p>Porque escuchar, entender y visibilizar es el primer paso para avanzar juntos.<\/p>\n\n\n\n<p>Desde 2013, el <strong>100% de las acciones de ARCO IRIS <\/strong>se sostiene gracias a la labor <strong>activista<\/strong>.<\/p>\n\n\n\n<p>Para el desarrollo de acciones y proyectos, se llevan a cabo de forma fil\u00e1ntropa, con botes, donaciones de parte del activismo, colaboraciones y a trav\u00e9s de&nbsp;personas allegadas a nuestro proyecto.<\/p>\n\n\n\n<p>Entendemos que no necesitamos subvenciones para hacer nuestras acciones y que no necesitamos contratar a personas para hacer tareas administrativas, porque <strong>podemos funcionar de forma independiente<\/strong> y autogestinarnos.<\/p>\n\n\n\n<p>En ARCO IRIS contamos con personas muy diversas, lo que nos une va mucho m\u00e1s all\u00e1 de ser, o no, parte del colectivo LGBTI+, <strong>nos une el trabajo educativo por la diversidad<\/strong>.<\/p>\n\n\n\n<p>Sabemos que no representamos a todo el colectivo LGBTI+, porque es un colectivo muy diverso, y tampoco pretendemos representar a todo un colectivo. Nos representamos de forma individual, como activistas LGBTI+ y <strong>trabajamos de forma conjunta<\/strong> por la diversidad.<\/p>\n\n\n\n<p>Trabajamos <strong>desde los<\/strong><strong>&nbsp;espacios rurales<\/strong> hacia las capitales, y no al rev\u00e9s, porque <strong>queremos vivir en sociedad en nuestros pueblos<\/strong> o ciudades peque\u00f1as, participar en la <strong>convivencia local<\/strong> y con el compromiso de <strong>no abandonar nuestro entorno <\/strong>si queremos vivir en nuestros pueblos y ciudades.<br \/><\/p>\n\n\n\n<p>Siempre ponemos <strong>prioridad a acciones en los pueblos<\/strong> y ciudades peque\u00f1as, antes que a las capitales de provincia, porque entendemos que son municipios donde existen menos acciones LGBTI+.<\/p>\n\n\n\n<p>Adem\u00e1s otra prioridad es hacer activismo en municipios <strong>donde no existan asociaciones LGBTI+<\/strong> que ya desarrollen programas de actividades o acciones, porque queremos llegar a municipios donde no se est\u00e1 actuando.<\/p>\n\n\n\n<figure class=\"wp-block-image size-full\"><img data-recalc-dims=\"1\" loading=\"lazy\" decoding=\"async\" width=\"600\" height=\"750\" src=\"https:\/\/i0.wp.com\/miradordeatarfe.es\/wp-content\/uploads\/2025\/06\/presentacion-asociacion-arco-iliberis.jpg?resize=600%2C750&#038;ssl=1\" alt=\"\" class=\"wp-image-77548\" srcset=\"https:\/\/i0.wp.com\/miradordeatarfe.es\/wp-content\/uploads\/2025\/06\/presentacion-asociacion-arco-iliberis.jpg?w=600&amp;ssl=1 600w, https:\/\/i0.wp.com\/miradordeatarfe.es\/wp-content\/uploads\/2025\/06\/presentacion-asociacion-arco-iliberis.jpg?resize=240%2C300&amp;ssl=1 240w\" sizes=\"auto, (max-width: 600px) 100vw, 600px\" \/><\/figure>\n","protected":false},"excerpt":{"rendered":"<p>El pr\u00f3ximo viernes 20 de junio a las 19:00h te esperamos en el Centro C\u00edvico&#8230;<\/p>\n","protected":false},"author":1,"featured_media":77549,"comment_status":"closed","ping_status":"closed","sticky":false,"template":"","format":"standard","meta":{"_coblocks_attr":"","_coblocks_dimensions":"","_coblocks_responsive_height":"","_coblocks_accordion_ie_support":"","jetpack_post_was_ever_published":false,"_jetpack_newsletter_access":"","_jetpack_dont_email_post_to_subs":false,"_jetpack_newsletter_tier_id":0,"_jetpack_memberships_contains_paywalled_content":false,"_jetpack_memberships_contains_paid_content":false,"footnotes":"","jetpack_publicize_message":"","jetpack_publicize_feature_enabled":true,"jetpack_social_post_already_shared":true,"jetpack_social_options":{"image_generator_settings":{"template":"highway","default_image_id":0,"enabled":false},"version":2}},"categories":[1161,14,186,44,6937],"tags":[],"class_list":["post-77547","post","type-post","status-publish","format-standard","has-post-thumbnail","hentry","category-ciudadania","category-feminismo","category-instituciones","category-noticias-de-hoy","category-sociedad"],"jetpack_publicize_connections":[],"jetpack_featured_media_url":"https:\/\/i0.wp.com\/miradordeatarfe.es\/wp-content\/uploads\/2025\/06\/000-CAMPANA-EDUCATIVA-ESPACIO-LIBRE-2021-FEDERACION-ANDALUZA-ARCO-IRIS-LGBTI-LGBT-LGTB.png?fit=400%2C400&ssl=1","jetpack_likes_enabled":true,"jetpack_sharing_enabled":true,"_links":{"self":[{"href":"https:\/\/miradordeatarfe.es\/index.php?rest_route=\/wp\/v2\/posts\/77547","targetHints":{"allow":["GET"]}}],"collection":[{"href":"https:\/\/miradordeatarfe.es\/index.php?rest_route=\/wp\/v2\/posts"}],"about":[{"href":"https:\/\/miradordeatarfe.es\/index.php?rest_route=\/wp\/v2\/types\/post"}],"author":[{"embeddable":true,"href":"https:\/\/miradordeatarfe.es\/index.php?rest_route=\/wp\/v2\/users\/1"}],"replies":[{"embeddable":true,"href":"https:\/\/miradordeatarfe.es\/index.php?rest_route=%2Fwp%2Fv2%2Fcomments&post=77547"}],"version-history":[{"count":1,"href":"https:\/\/miradordeatarfe.es\/index.php?rest_route=\/wp\/v2\/posts\/77547\/revisions"}],"predecessor-version":[{"id":77550,"href":"https:\/\/miradordeatarfe.es\/index.php?rest_route=\/wp\/v2\/posts\/77547\/revisions\/77550"}],"wp:featuredmedia":[{"embeddable":true,"href":"https:\/\/miradordeatarfe.es\/index.php?rest_route=\/wp\/v2\/media\/77549"}],"wp:attachment":[{"href":"https:\/\/miradordeatarfe.es\/index.php?rest_route=%2Fwp%2Fv2%2Fmedia&parent=77547"}],"wp:term":[{"taxonomy":"category","embeddable":true,"href":"https:\/\/miradordeatarfe.es\/index.php?rest_route=%2Fwp%2Fv2%2Fcategories&post=77547"},{"taxonomy":"post_tag","embeddable":true,"href":"https:\/\/miradordeatarfe.es\/index.php?rest_route=%2Fwp%2Fv2%2Ftags&post=77547"}],"curies":[{"name":"wp","href":"https:\/\/api.w.org\/{rel}","templated":true}]}}