{"id":77592,"date":"2025-06-16T11:00:00","date_gmt":"2025-06-16T09:00:00","guid":{"rendered":"https:\/\/miradordeatarfe.es\/?p=77592"},"modified":"2025-06-15T18:25:57","modified_gmt":"2025-06-15T16:25:57","slug":"sanchez-como-problemapor-remedios-sanchez","status":"publish","type":"post","link":"https:\/\/miradordeatarfe.es\/?p=77592","title":{"rendered":"\u00abS\u00c1NCHEZ COMO PROBLEMA\u00bbpor Remedios S\u00e1nchez"},"content":{"rendered":"\n<p>\u00a0Los espa\u00f1oles somos unos supervivientes desde los tiempos de don Pelayo o tal vez antes. Desde entonces hasta anteayer hemos aguantado diversas categor\u00edas de gobernantes que incluyen a reyes obtusos, a validos funestos, a militares levantiscos, a dictadores p\u00e9rfidos, a ministros chulescos o somormujos, cualificados o vergonzantes. Es decir, a la diversidad de la condici\u00f3n humana. Y luego lleg\u00f3 Pedro S\u00e1nchez, que empez\u00f3 a tocar poder real justo cuando la sociedad demandaba un cambio en el modelo de liderazgo, rompiendo con la din\u00e1mica en la que el mandam\u00e1s saliente designaba a su sucesor; as\u00ed, fue elegido Secretario General del PSOE coincidiendo con la fragmentaci\u00f3n del panorama tras la llegada de \u2018Podemos\u2019 y \u2018Ciudadanos\u2019, que desencaden\u00f3 dos elecciones generales sucesivas: en diciembre de 2015 y junio de 2016. <\/p>\n\n\n\n<p>En ese momento ya algunos vieron la dimensi\u00f3n de su ambici\u00f3n y trataron de descabalgarlo aplicando la democracia interna. Lo lograron moment\u00e1neamente, pero quedaron tocados porque no se supo explicar bien la condici\u00f3n del personaje y ah\u00ed empez\u00f3 a forjarse el mito. Pedro y su Peugeot por los pueblos de Espa\u00f1a; Pedro como protom\u00e1rtir enfrentado al aparato que apostaba por la moderaci\u00f3n de Susana; Pedro y su equipo de marginados (con nombre y apellidos: Santos Cerd\u00e1n, Koldo y \u00c1balos) con un discurso populista frente a Susana D\u00edaz y Patxi L\u00f3pez; Pedro triunfante, alcanzando la presidencia del Gobierno tras la moci\u00f3n de censura a Rajoy por la corrupci\u00f3n en la que Jos\u00e9 Luis \u00c1balos fue el portavoz de su mensaje de regeneraci\u00f3n. \u00a0<\/p>\n\n\n\n<p>Desde ese instante a hoy han pasado siete a\u00f1os en los que como Secretario General, ha ido eliminando con estrategia militar\u00a0a cada posible rival, aplastando la m\u00e1s m\u00ednima disidencia para colocar a sus palmeros en cada autonom\u00eda, aniquilando el debate interno que fue se\u00f1a identitaria del PSOE. Sacando del gobierno a cualquier persona con m\u00e1s capacidad y m\u00e9rito que \u00e9l y, de camino, tratando de borrar lo que ha supuesto el socialismo heterodoxo para transformarlo en el sanchismo monol\u00edtico con un modelo de estructurar las relaciones internas basado en la idolatr\u00eda, al modo de los faraones egipcios. <\/p>\n\n\n\n<p>Leer el \u2018Manual de resistencia\u2019 permite comprender de qu\u00e9 manera han medrado estos individuos que han sido sus apoyos de total confianza. Porque esto trasciende los votos que Koldo afirma haber manipulado en 2014, el desprop\u00f3sito surrealista del caso Leire o la podredumbre vinculada a las grabaciones de Cerd\u00e1n y \u00c1balos \u2013y los que vendr\u00e1n\u2013. Lo m\u00e1s grave de todo es la teatralizaci\u00f3n discursiva del pasado jueves pidiendo perd\u00f3n y asegurando que su gobierno aguantar\u00e1 hasta 2027, esa arrogancia de fondo que da el retrato m\u00e1s acabado de quien se resiste a aceptar la realidad: que, si sab\u00eda lo que suced\u00eda, debi\u00f3 hacer limpieza; y que, si no lo sab\u00eda, hizo mal su trabajo. <\/p>\n\n\n\n<p>Exactamente lo mismo que \u00e9l exigi\u00f3 a M. Rajoy en 2016. Es decir, que S\u00e1nchez ha ca\u00eddo en la trampa que JFK advirti\u00f3 en su toma de posesi\u00f3n: buscar fren\u00e9ticamente el poder montado sobre un tigre que avanza velozmente. Ahora, mientras el tigre lo devora, los socialistas afrontan una oportunidad decisiva: rescatar la legitimidad de unas siglas que, en 140 a\u00f1os de historia, han sobrevivido a las tragedias m\u00e1s desoladoras. De ellos y de sus decisiones inmediatas depende la posibilidad de restituir al PSOE a su espacio natural como el partido de Estado que Espa\u00f1a merece.<\/p>\n","protected":false},"excerpt":{"rendered":"<p>\u00a0Los espa\u00f1oles somos unos supervivientes desde los tiempos de don Pelayo o tal vez antes&#8230;.<\/p>\n","protected":false},"author":1,"featured_media":77593,"comment_status":"closed","ping_status":"closed","sticky":false,"template":"","format":"standard","meta":{"_coblocks_attr":"","_coblocks_dimensions":"","_coblocks_responsive_height":"","_coblocks_accordion_ie_support":"","jetpack_post_was_ever_published":false,"_jetpack_newsletter_access":"","_jetpack_dont_email_post_to_subs":false,"_jetpack_newsletter_tier_id":0,"_jetpack_memberships_contains_paywalled_content":false,"_jetpack_memberships_contains_paid_content":false,"footnotes":"","jetpack_publicize_message":"","jetpack_publicize_feature_enabled":true,"jetpack_social_post_already_shared":true,"jetpack_social_options":{"image_generator_settings":{"template":"highway","default_image_id":0,"enabled":false},"version":2}},"categories":[1161,44,7671,6914],"tags":[],"class_list":["post-77592","post","type-post","status-publish","format-standard","has-post-thumbnail","hentry","category-ciudadania","category-noticias-de-hoy","category-politica","category-opinion-de-reme-sanchez"],"jetpack_publicize_connections":[],"jetpack_featured_media_url":"https:\/\/i0.wp.com\/miradordeatarfe.es\/wp-content\/uploads\/2025\/06\/b0636131-187e-404d-9ae5-391ac46b516e_16-9-aspect-ratio_default_0.jpg?fit=880%2C495&ssl=1","jetpack_likes_enabled":true,"jetpack_sharing_enabled":true,"_links":{"self":[{"href":"https:\/\/miradordeatarfe.es\/index.php?rest_route=\/wp\/v2\/posts\/77592","targetHints":{"allow":["GET"]}}],"collection":[{"href":"https:\/\/miradordeatarfe.es\/index.php?rest_route=\/wp\/v2\/posts"}],"about":[{"href":"https:\/\/miradordeatarfe.es\/index.php?rest_route=\/wp\/v2\/types\/post"}],"author":[{"embeddable":true,"href":"https:\/\/miradordeatarfe.es\/index.php?rest_route=\/wp\/v2\/users\/1"}],"replies":[{"embeddable":true,"href":"https:\/\/miradordeatarfe.es\/index.php?rest_route=%2Fwp%2Fv2%2Fcomments&post=77592"}],"version-history":[{"count":1,"href":"https:\/\/miradordeatarfe.es\/index.php?rest_route=\/wp\/v2\/posts\/77592\/revisions"}],"predecessor-version":[{"id":77594,"href":"https:\/\/miradordeatarfe.es\/index.php?rest_route=\/wp\/v2\/posts\/77592\/revisions\/77594"}],"wp:featuredmedia":[{"embeddable":true,"href":"https:\/\/miradordeatarfe.es\/index.php?rest_route=\/wp\/v2\/media\/77593"}],"wp:attachment":[{"href":"https:\/\/miradordeatarfe.es\/index.php?rest_route=%2Fwp%2Fv2%2Fmedia&parent=77592"}],"wp:term":[{"taxonomy":"category","embeddable":true,"href":"https:\/\/miradordeatarfe.es\/index.php?rest_route=%2Fwp%2Fv2%2Fcategories&post=77592"},{"taxonomy":"post_tag","embeddable":true,"href":"https:\/\/miradordeatarfe.es\/index.php?rest_route=%2Fwp%2Fv2%2Ftags&post=77592"}],"curies":[{"name":"wp","href":"https:\/\/api.w.org\/{rel}","templated":true}]}}