{"id":77595,"date":"2025-06-16T11:28:00","date_gmt":"2025-06-16T09:28:00","guid":{"rendered":"https:\/\/miradordeatarfe.es\/?p=77595"},"modified":"2025-07-16T10:14:26","modified_gmt":"2025-07-16T08:14:26","slug":"francisca-higueras-directora-del-ceip-clara-campoamor-recibe-el-premio-al-profesorado-en-los-i-premios-fampa-alhambra","status":"publish","type":"post","link":"https:\/\/miradordeatarfe.es\/?p=77595","title":{"rendered":"Francisca Higueras, directora del CEIP Clara Campoamor, recibe el Premio al Profesorado en los I Premios FAMPA Alhambra por Fran L\u00f3pez"},"content":{"rendered":"\n<p class=\"has-medium-font-size\"><strong>El pasado s\u00e1bado se celebr\u00f3 en el Campus N\u00e1utico del Embalse de Cubillas la entrega de los I Premios FAMPA Alhambra, organizados por la Federaci\u00f3n de AMPAs de la provincia de Granada.<\/strong> <\/p>\n\n\n\n<p>En esta primera edici\u00f3n, el AMPA La Ermita del CEIP Clara Campoamor de Atarfe fue galardonado con el Premio al Profesorado, por una candidatura muy especial presentada en secreto a nombre de Francisca Higueras Mart\u00ednez, directora del centro desde hace 14 a\u00f1os, y conocida con cari\u00f1o por toda la<br \/>comunidad como Se\u00f1o Paqui.<\/p>\n\n\n\n<p>El galard\u00f3n reconoce no solo su impecable trayectoria profesional, sino sobre todo su calidad humana, su forma de liderar desde la cercan\u00eda y su compromiso con una educaci\u00f3n p\u00fablica inclusiva, participativa y emocionalmente segura. <\/p>\n\n\n\n<p>La candidatura fue presentada por el AMPA en riguroso secreto. En ella se pon\u00eda en valor su vocaci\u00f3n, su<br \/>presencia constante y su capacidad para cuidar, escuchar y transformar el entorno educativo desde los gestos cotidianos.<\/p>\n\n\n\n<p>El pasado jueves, las familias, el equipo docente y el alumnado sorprendieron a Paqui anunci\u00e1ndole el galard\u00f3n en un breve acto en la entrada del centro. Visiblemente emocionada, escuch\u00f3 c\u00f3mo los ni\u00f1os y ni\u00f1as coreaban su nombre en una muestra espont\u00e1nea de cari\u00f1o que dej\u00f3 claro el impacto que tiene en quienes la rodean. Fue un momento \u00edntimo, cargado de simbolismo, y reflejo del afecto real que la comunidad educativa le profesa.<\/p>\n\n\n\n<p>Durante la ceremonia oficial de entrega del premio, celebrada el s\u00e1bado 14, se proyect\u00f3 un v\u00eddeo realizado por el AMPA en el que el alumnado defin\u00eda a Paqui con palabras como \u00abcercana\u00bb, \u00abvaliente\u00bb, \u00abalegre\u00bb o \u00ab\u00fanica\u00bb, acompa\u00f1adas de im\u00e1genes llenas de ternura y gratitud. En su intervenci\u00f3n, Paqui dedic\u00f3 el premio a su alumnado y a las familias, destacando la importancia de trabajar juntos por una escuela p\u00fablica en la que nadie quede atr\u00e1s.<br \/><br \/>El AMPA La Ermita ha querido, con este reconocimiento, rendir homenaje a una figura clave del centro, que ha sabido construir puentes, sostener procesos, y liderar desde el compromiso, la ternura y la firmeza. Este premio es tambi\u00e9n un logro colectivo de una comunidad educativa que cree en la colaboraci\u00f3n, el respeto mutuo y la educaci\u00f3n como bien com\u00fan.<br \/>La ceremonia oficial de entrega del premio se celebr\u00f3 el s\u00e1bado en el Campus N\u00e1utico del Embalse de Cubillas (UGR). Durante el acto, se proyect\u00f3 un v\u00eddeo homenaje realizado por el AMPA con la participaci\u00f3n del alumnado, que emocion\u00f3 profundamente a la galardonada. Paqui dirigi\u00f3 unas palabras muy sentidas en las que puso el foco en las familias, en el alumnado, en su equipo docente y en la defensa de la Educaci\u00f3n P\u00fablica como pilar de equidad y futuro.<br \/>Este reconocimiento supone un motivo de orgullo para el CEIP Clara Campoamor y para toda la localidad de Atarfe, que cuenta con una directora ejemplar, profundamente comprometida con su alumnado y con la transformaci\u00f3n positiva de su entorno educativo.<\/p>\n\n\n\n<p>FRANCISCO JOS\u00c9 L\u00d3PEZ GARC\u00cdA<\/p>\n\n\n\n<p>Presidente del AMPA la Ermita<\/p>\n\n\n\n<figure class=\"wp-block-image size-large\"><img data-recalc-dims=\"1\" loading=\"lazy\" decoding=\"async\" width=\"640\" height=\"480\" src=\"https:\/\/i0.wp.com\/miradordeatarfe.es\/wp-content\/uploads\/2025\/06\/Imagen-de-WhatsApp-2025-06-15-a-las-12.33.01_1fe38ee4.jpg?resize=640%2C480&#038;ssl=1\" alt=\"\" class=\"wp-image-77597\" srcset=\"https:\/\/i0.wp.com\/miradordeatarfe.es\/wp-content\/uploads\/2025\/06\/Imagen-de-WhatsApp-2025-06-15-a-las-12.33.01_1fe38ee4.jpg?resize=1024%2C768&amp;ssl=1 1024w, https:\/\/i0.wp.com\/miradordeatarfe.es\/wp-content\/uploads\/2025\/06\/Imagen-de-WhatsApp-2025-06-15-a-las-12.33.01_1fe38ee4.jpg?resize=300%2C225&amp;ssl=1 300w, https:\/\/i0.wp.com\/miradordeatarfe.es\/wp-content\/uploads\/2025\/06\/Imagen-de-WhatsApp-2025-06-15-a-las-12.33.01_1fe38ee4.jpg?resize=768%2C576&amp;ssl=1 768w, https:\/\/i0.wp.com\/miradordeatarfe.es\/wp-content\/uploads\/2025\/06\/Imagen-de-WhatsApp-2025-06-15-a-las-12.33.01_1fe38ee4.jpg?resize=1536%2C1152&amp;ssl=1 1536w, https:\/\/i0.wp.com\/miradordeatarfe.es\/wp-content\/uploads\/2025\/06\/Imagen-de-WhatsApp-2025-06-15-a-las-12.33.01_1fe38ee4.jpg?resize=1320%2C990&amp;ssl=1 1320w, https:\/\/i0.wp.com\/miradordeatarfe.es\/wp-content\/uploads\/2025\/06\/Imagen-de-WhatsApp-2025-06-15-a-las-12.33.01_1fe38ee4.jpg?w=2040&amp;ssl=1 2040w, https:\/\/i0.wp.com\/miradordeatarfe.es\/wp-content\/uploads\/2025\/06\/Imagen-de-WhatsApp-2025-06-15-a-las-12.33.01_1fe38ee4.jpg?w=1920&amp;ssl=1 1920w\" sizes=\"auto, (max-width: 640px) 100vw, 640px\" \/><\/figure>\n\n\n\n<figure class=\"wp-block-gallery has-nested-images columns-default is-cropped wp-block-gallery-1 is-layout-flex wp-block-gallery-is-layout-flex\">\n<figure class=\"wp-block-image size-large\"><img data-recalc-dims=\"1\" loading=\"lazy\" decoding=\"async\" width=\"640\" height=\"480\" data-id=\"77601\" src=\"https:\/\/i0.wp.com\/miradordeatarfe.es\/wp-content\/uploads\/2025\/06\/Imagen-de-WhatsApp-2025-06-14-a-las-20.37.05_002e8ab8-1.jpg?resize=640%2C480&#038;ssl=1\" alt=\"\" class=\"wp-image-77601\" srcset=\"https:\/\/i0.wp.com\/miradordeatarfe.es\/wp-content\/uploads\/2025\/06\/Imagen-de-WhatsApp-2025-06-14-a-las-20.37.05_002e8ab8-1.jpg?resize=1024%2C768&amp;ssl=1 1024w, https:\/\/i0.wp.com\/miradordeatarfe.es\/wp-content\/uploads\/2025\/06\/Imagen-de-WhatsApp-2025-06-14-a-las-20.37.05_002e8ab8-1.jpg?resize=300%2C225&amp;ssl=1 300w, https:\/\/i0.wp.com\/miradordeatarfe.es\/wp-content\/uploads\/2025\/06\/Imagen-de-WhatsApp-2025-06-14-a-las-20.37.05_002e8ab8-1.jpg?resize=768%2C576&amp;ssl=1 768w, https:\/\/i0.wp.com\/miradordeatarfe.es\/wp-content\/uploads\/2025\/06\/Imagen-de-WhatsApp-2025-06-14-a-las-20.37.05_002e8ab8-1.jpg?resize=1536%2C1152&amp;ssl=1 1536w, https:\/\/i0.wp.com\/miradordeatarfe.es\/wp-content\/uploads\/2025\/06\/Imagen-de-WhatsApp-2025-06-14-a-las-20.37.05_002e8ab8-1.jpg?resize=1320%2C990&amp;ssl=1 1320w, https:\/\/i0.wp.com\/miradordeatarfe.es\/wp-content\/uploads\/2025\/06\/Imagen-de-WhatsApp-2025-06-14-a-las-20.37.05_002e8ab8-1.jpg?w=2040&amp;ssl=1 2040w, https:\/\/i0.wp.com\/miradordeatarfe.es\/wp-content\/uploads\/2025\/06\/Imagen-de-WhatsApp-2025-06-14-a-las-20.37.05_002e8ab8-1.jpg?w=1920&amp;ssl=1 1920w\" sizes=\"auto, (max-width: 640px) 100vw, 640px\" \/><\/figure>\n\n\n\n<figure class=\"wp-block-image size-large\"><img data-recalc-dims=\"1\" loading=\"lazy\" decoding=\"async\" width=\"640\" height=\"480\" data-id=\"77602\" src=\"https:\/\/i0.wp.com\/miradordeatarfe.es\/wp-content\/uploads\/2025\/06\/Imagen-de-WhatsApp-2025-06-14-a-las-20.37.05_9cf986a9-1.jpg?resize=640%2C480&#038;ssl=1\" alt=\"\" class=\"wp-image-77602\" srcset=\"https:\/\/i0.wp.com\/miradordeatarfe.es\/wp-content\/uploads\/2025\/06\/Imagen-de-WhatsApp-2025-06-14-a-las-20.37.05_9cf986a9-1.jpg?resize=1024%2C768&amp;ssl=1 1024w, https:\/\/i0.wp.com\/miradordeatarfe.es\/wp-content\/uploads\/2025\/06\/Imagen-de-WhatsApp-2025-06-14-a-las-20.37.05_9cf986a9-1.jpg?resize=300%2C225&amp;ssl=1 300w, https:\/\/i0.wp.com\/miradordeatarfe.es\/wp-content\/uploads\/2025\/06\/Imagen-de-WhatsApp-2025-06-14-a-las-20.37.05_9cf986a9-1.jpg?resize=768%2C576&amp;ssl=1 768w, https:\/\/i0.wp.com\/miradordeatarfe.es\/wp-content\/uploads\/2025\/06\/Imagen-de-WhatsApp-2025-06-14-a-las-20.37.05_9cf986a9-1.jpg?resize=1536%2C1152&amp;ssl=1 1536w, https:\/\/i0.wp.com\/miradordeatarfe.es\/wp-content\/uploads\/2025\/06\/Imagen-de-WhatsApp-2025-06-14-a-las-20.37.05_9cf986a9-1.jpg?resize=1320%2C990&amp;ssl=1 1320w, https:\/\/i0.wp.com\/miradordeatarfe.es\/wp-content\/uploads\/2025\/06\/Imagen-de-WhatsApp-2025-06-14-a-las-20.37.05_9cf986a9-1.jpg?w=2040&amp;ssl=1 2040w, https:\/\/i0.wp.com\/miradordeatarfe.es\/wp-content\/uploads\/2025\/06\/Imagen-de-WhatsApp-2025-06-14-a-las-20.37.05_9cf986a9-1.jpg?w=1920&amp;ssl=1 1920w\" sizes=\"auto, (max-width: 640px) 100vw, 640px\" \/><\/figure>\n\n\n\n<figure class=\"wp-block-image size-large\"><img data-recalc-dims=\"1\" loading=\"lazy\" decoding=\"async\" width=\"640\" height=\"480\" data-id=\"77603\" src=\"https:\/\/i0.wp.com\/miradordeatarfe.es\/wp-content\/uploads\/2025\/06\/Imagen-de-WhatsApp-2025-06-14-a-las-20.37.05_89da751b-1.jpg?resize=640%2C480&#038;ssl=1\" alt=\"\" class=\"wp-image-77603\" srcset=\"https:\/\/i0.wp.com\/miradordeatarfe.es\/wp-content\/uploads\/2025\/06\/Imagen-de-WhatsApp-2025-06-14-a-las-20.37.05_89da751b-1.jpg?resize=1024%2C768&amp;ssl=1 1024w, https:\/\/i0.wp.com\/miradordeatarfe.es\/wp-content\/uploads\/2025\/06\/Imagen-de-WhatsApp-2025-06-14-a-las-20.37.05_89da751b-1.jpg?resize=300%2C225&amp;ssl=1 300w, https:\/\/i0.wp.com\/miradordeatarfe.es\/wp-content\/uploads\/2025\/06\/Imagen-de-WhatsApp-2025-06-14-a-las-20.37.05_89da751b-1.jpg?resize=768%2C576&amp;ssl=1 768w, https:\/\/i0.wp.com\/miradordeatarfe.es\/wp-content\/uploads\/2025\/06\/Imagen-de-WhatsApp-2025-06-14-a-las-20.37.05_89da751b-1.jpg?resize=1536%2C1152&amp;ssl=1 1536w, https:\/\/i0.wp.com\/miradordeatarfe.es\/wp-content\/uploads\/2025\/06\/Imagen-de-WhatsApp-2025-06-14-a-las-20.37.05_89da751b-1.jpg?resize=1320%2C990&amp;ssl=1 1320w, https:\/\/i0.wp.com\/miradordeatarfe.es\/wp-content\/uploads\/2025\/06\/Imagen-de-WhatsApp-2025-06-14-a-las-20.37.05_89da751b-1.jpg?w=2040&amp;ssl=1 2040w, https:\/\/i0.wp.com\/miradordeatarfe.es\/wp-content\/uploads\/2025\/06\/Imagen-de-WhatsApp-2025-06-14-a-las-20.37.05_89da751b-1.jpg?w=1920&amp;ssl=1 1920w\" sizes=\"auto, (max-width: 640px) 100vw, 640px\" \/><\/figure>\n<\/figure>\n\n\n\n\n","protected":false},"excerpt":{"rendered":"<p>El pasado s\u00e1bado se celebr\u00f3 en el Campus N\u00e1utico del Embalse de Cubillas la entrega&#8230;<\/p>\n","protected":false},"author":1,"featured_media":77596,"comment_status":"closed","ping_status":"closed","sticky":false,"template":"","format":"standard","meta":{"_coblocks_attr":"","_coblocks_dimensions":"","_coblocks_responsive_height":"","_coblocks_accordion_ie_support":"","jetpack_post_was_ever_published":false,"_jetpack_newsletter_access":"","_jetpack_dont_email_post_to_subs":false,"_jetpack_newsletter_tier_id":0,"_jetpack_memberships_contains_paywalled_content":false,"_jetpack_memberships_contains_paid_content":false,"footnotes":"","jetpack_publicize_message":"","jetpack_publicize_feature_enabled":true,"jetpack_social_post_already_shared":true,"jetpack_social_options":{"image_generator_settings":{"template":"highway","default_image_id":0,"enabled":false},"version":2}},"categories":[187,10794,186,44],"tags":[],"class_list":["post-77595","post","type-post","status-publish","format-standard","has-post-thumbnail","hentry","category-centros-educativos","category-fran-lopez","category-instituciones","category-noticias-de-hoy"],"jetpack_publicize_connections":[],"jetpack_featured_media_url":"https:\/\/i0.wp.com\/miradordeatarfe.es\/wp-content\/uploads\/2025\/06\/Entrega-galardon.jpg?fit=874%2C659&ssl=1","jetpack_likes_enabled":true,"jetpack_sharing_enabled":true,"_links":{"self":[{"href":"https:\/\/miradordeatarfe.es\/index.php?rest_route=\/wp\/v2\/posts\/77595","targetHints":{"allow":["GET"]}}],"collection":[{"href":"https:\/\/miradordeatarfe.es\/index.php?rest_route=\/wp\/v2\/posts"}],"about":[{"href":"https:\/\/miradordeatarfe.es\/index.php?rest_route=\/wp\/v2\/types\/post"}],"author":[{"embeddable":true,"href":"https:\/\/miradordeatarfe.es\/index.php?rest_route=\/wp\/v2\/users\/1"}],"replies":[{"embeddable":true,"href":"https:\/\/miradordeatarfe.es\/index.php?rest_route=%2Fwp%2Fv2%2Fcomments&post=77595"}],"version-history":[{"count":2,"href":"https:\/\/miradordeatarfe.es\/index.php?rest_route=\/wp\/v2\/posts\/77595\/revisions"}],"predecessor-version":[{"id":78218,"href":"https:\/\/miradordeatarfe.es\/index.php?rest_route=\/wp\/v2\/posts\/77595\/revisions\/78218"}],"wp:featuredmedia":[{"embeddable":true,"href":"https:\/\/miradordeatarfe.es\/index.php?rest_route=\/wp\/v2\/media\/77596"}],"wp:attachment":[{"href":"https:\/\/miradordeatarfe.es\/index.php?rest_route=%2Fwp%2Fv2%2Fmedia&parent=77595"}],"wp:term":[{"taxonomy":"category","embeddable":true,"href":"https:\/\/miradordeatarfe.es\/index.php?rest_route=%2Fwp%2Fv2%2Fcategories&post=77595"},{"taxonomy":"post_tag","embeddable":true,"href":"https:\/\/miradordeatarfe.es\/index.php?rest_route=%2Fwp%2Fv2%2Ftags&post=77595"}],"curies":[{"name":"wp","href":"https:\/\/api.w.org\/{rel}","templated":true}]}}