{"id":77624,"date":"2025-06-18T08:32:00","date_gmt":"2025-06-18T06:32:00","guid":{"rendered":"https:\/\/miradordeatarfe.es\/?p=77624"},"modified":"2025-06-15T20:37:54","modified_gmt":"2025-06-15T18:37:54","slug":"luna-de-fresa-2025-cuando-es-la-luna-llena-de-junio","status":"publish","type":"post","link":"https:\/\/miradordeatarfe.es\/?p=77624","title":{"rendered":"Luna de Fresa 2025: cu\u00e1ndo es la luna llena de junio"},"content":{"rendered":"\n<h1 class=\"wp-block-heading has-medium-font-size\" id=\"article-title\"><strong>El fen\u00f3meno astron\u00f3mico recibe su nombre por tradiciones de pueblos al norte de Am\u00e9rica y no volver\u00e1 a repetirse hasta 2043<\/strong>.<\/h1>\n\n\n\n<ul class=\"wp-block-list\"><\/ul>\n\n\n\n<p>Este mes de junio se podr\u00e1 observar una luna llena diferente. Recibe el nombre de Luna de Fresa y es un fen\u00f3meno que destaca por <a href=\"https:\/\/www.publico.es\/sociedad\/son-sintomas-golpe-calor-evitarlo.html\">su simbolismo estacional<\/a> y su posici\u00f3n relativamente baja en el horizonte. Adem\u00e1s, se trata de un acontecimiento astron\u00f3mico que <strong>no volver\u00e1 a repetirse hasta 2043<\/strong>, ya que solo se repite cada 18 a\u00f1os.<\/p>\n\n\n\n<p>A pesar de su nombre, la Luna que se podr\u00e1 observar no tendr\u00e1 un color extremadamente rosado o <a href=\"https:\/\/www.publico.es\/ciencias\/luna-sangre-ver-eclipse-lunar-espana.html\">rojizo<\/a> como se podr\u00eda esperar. Esto se debe a que el apodo de Luna de Fresa no es por su color, sino por <strong>tradiciones de \u00e9pocas pasadas<\/strong>. Concretamente, el concepto naci\u00f3 en pueblos situados en el norte de Am\u00e9rica donde asociaron esta Luna de junio a la recolecci\u00f3n de fresas, t\u00edpica de este mes.<\/p>\n\n\n\n<p>El fen\u00f3meno natural generar\u00e1 tambi\u00e9n una<strong> ilusi\u00f3n \u00f3ptica<\/strong>, pareciendo m\u00e1s grande de lo habitual, ya que hace que veamos la luna m\u00e1s cerca del horizonte. El efecto se produce por su <strong>baja altura en el cielo<\/strong> y permitir\u00e1 observar la Luna de Fresa sin necesidad de un telescopio. Asimismo, se trata de la Luna m\u00e1s baja que se contempla desde 2006.<\/p>\n\n\n\n<h2 class=\"wp-block-heading\">Cuando es la Luna de Fresa<\/h2>\n\n\n\n<p>La Luna de Fresa podr\u00e1 ser contemplada en el cielo entre el <strong>10 y el 11 de junio<\/strong>. Seg\u00fan destaca&nbsp;<strong>National Geographic<\/strong>, aunque el fen\u00f3meno alcanzar\u00e1 su plenitud a las 09.44 horas (hora peninsular espa\u00f1ola) de este mi\u00e9rcoles, el mejor momento para observarla es durante la noche de este martes y la madrugada del mi\u00e9rcoles. Horas donde la ausencia de la luz solar permitir\u00e1 contemplar de mejor forma la luna llena.<\/p>\n\n\n\n<h2 class=\"wp-block-heading\">Desde d\u00f3nde se podr\u00e1 ver<\/h2>\n\n\n\n<p>El mejor espacio donde disfrutar del fen\u00f3meno son <strong>zonas elevadas y alejadas de la contaminaci\u00f3n lum\u00ednica<\/strong>, como playas, colinas o \u00e1reas rurales. La observaci\u00f3n ser\u00e1 posible desde toda la pen\u00ednsula, aunque la previsi\u00f3n del tiempo que indica nubosidad en gran parte de Espa\u00f1a, podr\u00eda complicar la observaci\u00f3n de este espect\u00e1culo astron\u00f3mico.<\/p>\n\n\n\n<p>A pesar de las previsiones meteorol\u00f3gicas, los expertos aseguran que ser\u00e1 posible contemplar el fen\u00f3meno en las zonas m\u00e1s elevadas, donde el horizonte este y suroeste quede lo m\u00e1s despejado posible.<\/p>\n\n\n\n<h2 class=\"wp-block-heading\">Qu\u00e9 es el lun\u00e1stico<\/h2>\n\n\n\n<p>La Luna de Fresa coincide a su vez con un fen\u00f3meno poco com\u00fan conocido como<strong> lun\u00e1stico<\/strong>. Se trata de una etapa del ciclo lunar que ocurre cada 18,6 a\u00f1os en el que la \u00f3rbita de la Luna alcanza un <strong>m\u00e1ximo<\/strong>. Esto resulta, en latitudes altas, en una mayor altitud de la Luna. Esto permite que la luna llena aparezca m\u00e1s baja del cielo del hemisferio norte, generando una ilusi\u00f3n \u00f3ptica que permitir\u00e1 verla m\u00e1s grande. A su vez, al atravesar una mayor parte de la atm\u00f3sfera terrestre, se destacar\u00e1n sus tonos c\u00e1lidos.<\/p>\n\n\n\n<p><strong>EL PUBLICO<\/strong><\/p>\n\n\n\n<p>FOTO: Luna de Fresa vista en Bandung, Indonesia.<strong>Ian L. Sitren\/Zuma Press\/Europa Press<\/strong><\/p>\n\n\n\n<p><a href=\"https:\/\/www.publico.es\/sociedad\/m-ambiente\/luna-fresa-2025-luna-llena-junio.html\">https:\/\/www.publico.es\/sociedad\/m-ambiente\/luna-fresa-2025-luna-llena-junio.html<\/a><\/p>\n","protected":false},"excerpt":{"rendered":"<p>El fen\u00f3meno astron\u00f3mico recibe su nombre por tradiciones de pueblos al norte de Am\u00e9rica y&#8230;<\/p>\n","protected":false},"author":1,"featured_media":77625,"comment_status":"closed","ping_status":"closed","sticky":false,"template":"","format":"standard","meta":{"_coblocks_attr":"","_coblocks_dimensions":"","_coblocks_responsive_height":"","_coblocks_accordion_ie_support":"","jetpack_post_was_ever_published":false,"_jetpack_newsletter_access":"","_jetpack_dont_email_post_to_subs":false,"_jetpack_newsletter_tier_id":0,"_jetpack_memberships_contains_paywalled_content":false,"_jetpack_memberships_contains_paid_content":false,"footnotes":"","jetpack_publicize_message":"","jetpack_publicize_feature_enabled":true,"jetpack_social_post_already_shared":true,"jetpack_social_options":{"image_generator_settings":{"template":"highway","default_image_id":0,"enabled":false},"version":2}},"categories":[10797,44,6937],"tags":[],"class_list":["post-77624","post","type-post","status-publish","format-standard","has-post-thumbnail","hentry","category-ciencia","category-noticias-de-hoy","category-sociedad"],"jetpack_publicize_connections":[],"jetpack_featured_media_url":"https:\/\/i0.wp.com\/miradordeatarfe.es\/wp-content\/uploads\/2025\/06\/6848633b5553c.jpeg?fit=990%2C557&ssl=1","jetpack_likes_enabled":true,"jetpack_sharing_enabled":true,"_links":{"self":[{"href":"https:\/\/miradordeatarfe.es\/index.php?rest_route=\/wp\/v2\/posts\/77624","targetHints":{"allow":["GET"]}}],"collection":[{"href":"https:\/\/miradordeatarfe.es\/index.php?rest_route=\/wp\/v2\/posts"}],"about":[{"href":"https:\/\/miradordeatarfe.es\/index.php?rest_route=\/wp\/v2\/types\/post"}],"author":[{"embeddable":true,"href":"https:\/\/miradordeatarfe.es\/index.php?rest_route=\/wp\/v2\/users\/1"}],"replies":[{"embeddable":true,"href":"https:\/\/miradordeatarfe.es\/index.php?rest_route=%2Fwp%2Fv2%2Fcomments&post=77624"}],"version-history":[{"count":1,"href":"https:\/\/miradordeatarfe.es\/index.php?rest_route=\/wp\/v2\/posts\/77624\/revisions"}],"predecessor-version":[{"id":77626,"href":"https:\/\/miradordeatarfe.es\/index.php?rest_route=\/wp\/v2\/posts\/77624\/revisions\/77626"}],"wp:featuredmedia":[{"embeddable":true,"href":"https:\/\/miradordeatarfe.es\/index.php?rest_route=\/wp\/v2\/media\/77625"}],"wp:attachment":[{"href":"https:\/\/miradordeatarfe.es\/index.php?rest_route=%2Fwp%2Fv2%2Fmedia&parent=77624"}],"wp:term":[{"taxonomy":"category","embeddable":true,"href":"https:\/\/miradordeatarfe.es\/index.php?rest_route=%2Fwp%2Fv2%2Fcategories&post=77624"},{"taxonomy":"post_tag","embeddable":true,"href":"https:\/\/miradordeatarfe.es\/index.php?rest_route=%2Fwp%2Fv2%2Ftags&post=77624"}],"curies":[{"name":"wp","href":"https:\/\/api.w.org\/{rel}","templated":true}]}}