{"id":77637,"date":"2025-06-23T10:30:00","date_gmt":"2025-06-23T08:30:00","guid":{"rendered":"https:\/\/miradordeatarfe.es\/?p=77637"},"modified":"2025-06-24T11:58:35","modified_gmt":"2025-06-24T09:58:35","slug":"77637","status":"publish","type":"post","link":"https:\/\/miradordeatarfe.es\/?p=77637","title":{"rendered":"ATARFE SUENA EN EL LAGO : 40 a\u00f1os del debut discogr\u00e1fico de Duncan Dhu"},"content":{"rendered":"\n<p class=\"has-medium-font-size\"><strong>DUNCAN DHU TOUR 2025 har\u00e1 su \u00fanica fecha en Granada dentro del ciclo Atarfe Suena en el Lago 2025, el pr\u00f3ximo viernes 11 de julio.<\/strong><\/p>\n\n\n\n<p><strong>REPETIMOS: \u00a1\u00danica Fecha en Granada!<\/strong><\/p>\n\n\n\n<p>Y as\u00ed nos lo cuenta Mikel Erentxun:<br \/><em>Queridos amigos desconocidos, <strong>este pr\u00f3ximo 2025 se cumplen 40 a\u00f1os del debut discogr\u00e1fico de Duncan Dhu<\/strong> y saldr\u00e9 a la carretera a celebrarlo acompa\u00f1ado de mi banda: <strong>Ruben Caballero<\/strong>, guitarra, <strong>Mikel Azpiroz<\/strong>, teclados,<strong> Fernando Neira<\/strong>, bajo, <strong>Karlos Arancegui<\/strong>, bater\u00eda.<br \/>Un concierto con un repertorio que incluir\u00e1 todos los cl\u00e1sicos y que pasar\u00e1 por Atarfe (Granada) el pr\u00f3ximo 11 de julio.<br \/>Canciones incluidas desde los discos<strong> POR TIERRAS ESCOCESAS hasta EL DUELO<\/strong>.<br \/>Un par\u00e9ntesis en mi carrera, aparcando mi discograf\u00eda en solitario durante este 2025, para centrarme exclusivamente en la de Duncan Dhu.<\/em><br \/>\u00a1\u00a1Nos vemos en Atarfe!!<\/p>\n\n\n\n<p>La voz de las &#8216;cien gaviotas&#8217; dio por finalizada la etapa Duncan Dhu en 1995 (aunque luego hubo reuni\u00f3n temporal y disco &#8216;Crep\u00fasculo&#8217; en 2001), y est\u00e1 claro que siguiendo sus carreras individuales Diego Vasallo y Mikel, aunque muy bien avenidos personalmente, viven en mundos absolutamente distintos. Vasallo ha declarado que no participar\u00e1 en la gira 40 aniversario de Duncan Dhu: \u00abNo participar\u00e9 en esta nueva etapa del grupo con el nombre del caballero escoc\u00e9s. Demasiados a\u00f1os a la espalda, demasiados recuerdos, demasiado de todo. Me apeo aqu\u00ed ya definitivamente de este tren que se pone de nuevo en marcha. Las energ\u00edas que me queden las reservo para dar forma a un nuevo proyecto.\u00bb<\/p>\n\n\n\n<p>MIkel Erentxun celebrar\u00e1 el 40 aniversario de Duncan Dhu acompa\u00f1ado de su banda: Rub\u00e9n Caballero a la guitarra, Mikel Azpiroz a los teclados, Fernando Neira al bajo y Karlos Arancegi a la bater\u00eda. El repertorio de estos conciertos incluir\u00e1 todos los cl\u00e1sicos. Canciones incluidas desde los discos de \u2018Por tierras escocesas\u2019 (1985) hasta \u2018El duelo\u2019 (2013).<\/p>\n\n\n\n<p>La carrera de Erentxun en solitario comenz\u00f3 en 1992, en una pausa de Duncan Dhu con un \u00e1lbum que inclu\u00eda algunas canciones desechadas para el repertorio de los Duncan: &#8216;Naufragios&#8217;, donde tambi\u00e9n adaptaba a The Smiths en &#8216;Esta luz nunca se apagar\u00e1&#8217;. &#8216;El abrazo del erizo&#8217; y &#8216;Acr\u00f3batas&#8217; fueron los siguientes t\u00edtulos, ya dando forma a un estilo con profundas influencias del pop brit\u00e1nico m\u00e1s tradicional.<\/p>\n\n\n\n<p>Con el cambio de siglo el caraque\u00f1o\/donostiarra dar\u00eda un giro completo a su carrera march\u00e1ndose a Estados Unidos para grabar con un equipo casi completamente americano su cuarto disco en solitario: &#8216;Te dejas ver&#8217;. Ser\u00eda tambi\u00e9n el arranque de su conquista del mercado gringo, donde actualmente tiene una relevante situaci\u00f3n en el circuito universitario.<\/p>\n\n\n\n<p>Artista Invitado: OTRO GOLPE<\/p>\n\n\n\n<p>Entradas A LA VENTA: <a href=\"https:\/\/www.redentradas.com\/?entradas=duncan-dhu&amp;provincia=granada&amp;cpro=18&amp;eid=3150\">https:\/\/www.redentradas.com\/?entradas=duncan-dhu&amp;provincia=granada&amp;cpro=18&amp;eid=3150<\/a><\/p>\n\n\n\n<p>Un concierto \u00fanico en un entorno m\u00e1gico. No te quedes sin tu entrada.<\/p>\n\n\n\n<figure class=\"wp-block-image size-full\"><img data-recalc-dims=\"1\" loading=\"lazy\" decoding=\"async\" width=\"600\" height=\"750\" src=\"https:\/\/i0.wp.com\/miradordeatarfe.es\/wp-content\/uploads\/2025\/06\/duncandhu-tour-2025.jpg?resize=600%2C750&#038;ssl=1\" alt=\"\" class=\"wp-image-77638\" srcset=\"https:\/\/i0.wp.com\/miradordeatarfe.es\/wp-content\/uploads\/2025\/06\/duncandhu-tour-2025.jpg?w=600&amp;ssl=1 600w, https:\/\/i0.wp.com\/miradordeatarfe.es\/wp-content\/uploads\/2025\/06\/duncandhu-tour-2025.jpg?resize=240%2C300&amp;ssl=1 240w\" sizes=\"auto, (max-width: 600px) 100vw, 600px\" \/><\/figure>\n","protected":false},"excerpt":{"rendered":"<p>DUNCAN DHU TOUR 2025 har\u00e1 su \u00fanica fecha en Granada dentro del ciclo Atarfe Suena&#8230;<\/p>\n","protected":false},"author":1,"featured_media":77639,"comment_status":"closed","ping_status":"closed","sticky":false,"template":"","format":"standard","meta":{"_coblocks_attr":"","_coblocks_dimensions":"","_coblocks_responsive_height":"","_coblocks_accordion_ie_support":"","jetpack_post_was_ever_published":false,"_jetpack_newsletter_access":"","_jetpack_dont_email_post_to_subs":false,"_jetpack_newsletter_tier_id":0,"_jetpack_memberships_contains_paywalled_content":false,"_jetpack_memberships_contains_paid_content":false,"footnotes":"","jetpack_publicize_message":"","jetpack_publicize_feature_enabled":true,"jetpack_social_post_already_shared":true,"jetpack_social_options":{"image_generator_settings":{"template":"highway","default_image_id":0,"enabled":false},"version":2}},"categories":[6916,1161,44],"tags":[],"class_list":["post-77637","post","type-post","status-publish","format-standard","has-post-thumbnail","hentry","category-ayuntamiento-de-atarfe","category-ciudadania","category-noticias-de-hoy"],"jetpack_publicize_connections":[],"jetpack_featured_media_url":"https:\/\/i0.wp.com\/miradordeatarfe.es\/wp-content\/uploads\/2025\/06\/DD40.jpeg?fit=270%2C180&ssl=1","jetpack_likes_enabled":true,"jetpack_sharing_enabled":true,"_links":{"self":[{"href":"https:\/\/miradordeatarfe.es\/index.php?rest_route=\/wp\/v2\/posts\/77637","targetHints":{"allow":["GET"]}}],"collection":[{"href":"https:\/\/miradordeatarfe.es\/index.php?rest_route=\/wp\/v2\/posts"}],"about":[{"href":"https:\/\/miradordeatarfe.es\/index.php?rest_route=\/wp\/v2\/types\/post"}],"author":[{"embeddable":true,"href":"https:\/\/miradordeatarfe.es\/index.php?rest_route=\/wp\/v2\/users\/1"}],"replies":[{"embeddable":true,"href":"https:\/\/miradordeatarfe.es\/index.php?rest_route=%2Fwp%2Fv2%2Fcomments&post=77637"}],"version-history":[{"count":2,"href":"https:\/\/miradordeatarfe.es\/index.php?rest_route=\/wp\/v2\/posts\/77637\/revisions"}],"predecessor-version":[{"id":77642,"href":"https:\/\/miradordeatarfe.es\/index.php?rest_route=\/wp\/v2\/posts\/77637\/revisions\/77642"}],"wp:featuredmedia":[{"embeddable":true,"href":"https:\/\/miradordeatarfe.es\/index.php?rest_route=\/wp\/v2\/media\/77639"}],"wp:attachment":[{"href":"https:\/\/miradordeatarfe.es\/index.php?rest_route=%2Fwp%2Fv2%2Fmedia&parent=77637"}],"wp:term":[{"taxonomy":"category","embeddable":true,"href":"https:\/\/miradordeatarfe.es\/index.php?rest_route=%2Fwp%2Fv2%2Fcategories&post=77637"},{"taxonomy":"post_tag","embeddable":true,"href":"https:\/\/miradordeatarfe.es\/index.php?rest_route=%2Fwp%2Fv2%2Ftags&post=77637"}],"curies":[{"name":"wp","href":"https:\/\/api.w.org\/{rel}","templated":true}]}}