{"id":77660,"date":"2025-06-18T09:00:00","date_gmt":"2025-06-18T07:00:00","guid":{"rendered":"https:\/\/miradordeatarfe.es\/?p=77660"},"modified":"2025-06-17T13:37:33","modified_gmt":"2025-06-17T11:37:33","slug":"nuevas-tarifas-para-el-transporte-publico-a-partir-del-1-de-julio","status":"publish","type":"post","link":"https:\/\/miradordeatarfe.es\/?p=77660","title":{"rendered":"Nuevas tarifas para el transporte p\u00fablico a partir del 1 de julio"},"content":{"rendered":"\n<p class=\"has-medium-font-size\"><strong>Gratis para menores de 15 a\u00f1os y un descuento de hasta el 70% al resto.<\/strong> <strong>Estas iniciativas se enmarcan en un paquete de 355 millones de euros destinado a financiar las bonificaciones a las comunidades aut\u00f3nomas y entidades locales<\/strong><\/p>\n\n\n\n<p>El Ministerio de Transportes y Movilidad Sostenible ha anunciado este jueves las nuevas tarifas que se aplicar\u00e1n al <a href=\"https:\/\/cincodias.elpais.com\/companias\/2025-02-09\/renfe-logra-record-historico-en-2024-al-sumar-mas-de-537-millones-de-pasajeros.html\">transporte p\u00fablico colectivo <\/a>de titularidad estatal a partir del pr\u00f3ximo 1 de julio. Entre las principales medidas figuran un billete \u00fanico de Cercan\u00edas para todas las zonas y n\u00facleos de Espa\u00f1a por 20 euros al mes, la gratuidad del transporte para menores de 15 a\u00f1os, descuentos especiales para j\u00f3venes, tarifas reducidas para usuarios recurrentes y nuevas ayudas para fomentar el uso cotidiano de la bicicleta.<\/p>\n\n\n\n<p>Estas iniciativas se enmarcan en un paquete de 355 millones de euros destinado a financiar las bonificaciones a las <a href=\"https:\/\/cincodias.elpais.com\/opinion\/2025-02-27\/la-conectividad-regional-un-motor-para-el-acceso-a-la-vivienda-asequible.html\">comunidades aut\u00f3nomas y entidades locales<\/a> que lo soliciten, y en otro fondo adicional de 10 millones de euros para subvencionar al 50% los abonos de sistemas de pr\u00e9stamo de bicicletas.<\/p>\n\n\n\n<figure class=\"wp-block-image size-full is-resized\"><img data-recalc-dims=\"1\" loading=\"lazy\" decoding=\"async\" width=\"640\" height=\"395\" src=\"https:\/\/i0.wp.com\/miradordeatarfe.es\/wp-content\/uploads\/2025\/06\/Screenshot-2025-06-17-at-13-27-18-Nuevas-tarifas-para-el-transporte-publico-a-partir-del-1-de-julio-gratis-para-menores-de-15-anos-y-un-descuento-de-hasta-el-70-al-resto-Empresas-Cinco-Dias.png?resize=640%2C395&#038;ssl=1\" alt=\"\" class=\"wp-image-77662\" style=\"width:910px;height:auto\" srcset=\"https:\/\/i0.wp.com\/miradordeatarfe.es\/wp-content\/uploads\/2025\/06\/Screenshot-2025-06-17-at-13-27-18-Nuevas-tarifas-para-el-transporte-publico-a-partir-del-1-de-julio-gratis-para-menores-de-15-anos-y-un-descuento-de-hasta-el-70-al-resto-Empresas-Cinco-Dias.png?w=824&amp;ssl=1 824w, https:\/\/i0.wp.com\/miradordeatarfe.es\/wp-content\/uploads\/2025\/06\/Screenshot-2025-06-17-at-13-27-18-Nuevas-tarifas-para-el-transporte-publico-a-partir-del-1-de-julio-gratis-para-menores-de-15-anos-y-un-descuento-de-hasta-el-70-al-resto-Empresas-Cinco-Dias.png?resize=300%2C185&amp;ssl=1 300w, https:\/\/i0.wp.com\/miradordeatarfe.es\/wp-content\/uploads\/2025\/06\/Screenshot-2025-06-17-at-13-27-18-Nuevas-tarifas-para-el-transporte-publico-a-partir-del-1-de-julio-gratis-para-menores-de-15-anos-y-un-descuento-de-hasta-el-70-al-resto-Empresas-Cinco-Dias.png?resize=768%2C474&amp;ssl=1 768w\" sizes=\"auto, (max-width: 640px) 100vw, 640px\" \/><\/figure>\n\n\n\n<p>En el caso de los servicios de autob\u00fas estatal, se aplicar\u00e1n descuentos de entre el 40% y el 70% seg\u00fan la edad y el tipo de abono. Los t\u00edtulos de 10 viajes tendr\u00e1n una rebaja del 40%, mientras que el abono mensual ser\u00e1 un 50% m\u00e1s barato para el p\u00fablico general, un 70% para j\u00f3venes de entre 15 y 26 a\u00f1os y gratuito para los menores de 15.<\/p>\n\n\n\n<h3 class=\"wp-block-heading\">Cercan\u00edas<\/h3>\n\n\n\n<p>En primer lugar, en los servicios de Cercan\u00edas se crea un billete \u00fanico para todas las zonas y n\u00facleos de Espa\u00f1a, que se divide en tres modalidades en funci\u00f3n de la edad. Para mayores de 26 a\u00f1os, abono mensual nominativo, v\u00e1lido desde su primer uso efectivo siempre durante los 10 d\u00edas posteriores a la venta. La tarifa de este abono ser\u00e1 de 20 euros al mes.<\/p>\n\n\n\n<p>Para j\u00f3venes nacidos entre el 1 de enero de 1999 y el 31 de diciembre de 2010 (de 15 a 26 a\u00f1os) con nacionalidad espa\u00f1ola o extranjera con residencia legal en Espa\u00f1a, abono mensual nominativo, con validez de un mes desde su primer uso efectivo. La tarifa de este abono ser\u00e1 de 10 euros al mes.<\/p>\n\n\n\n<p>Para menores de 15 a\u00f1os (nacidos entre el 1 de enero de 2011 y el 31 de diciembre de 2025) con nacionalidad espa\u00f1ola o extranjera con residencia legal en Espa\u00f1a, abono semestral nominativo sin coste, v\u00e1lido todo el a\u00f1o 2025.<\/p>\n\n\n\n<p>Adem\u00e1s, se crea un bono de 10 viajes multipersonal por zonas y n\u00facleos de Cercan\u00edas con un 40% de descuento, v\u00e1lido para ser utilizado durante el a\u00f1o siguiente a la fecha de su primer uso efectivo, siempre antes del 31 de diciembre de 2025.<\/p>\n\n\n\n<h3 class=\"wp-block-heading\">Media Distancia<\/h3>\n\n\n\n<p>Los abonos de media distancia convencional para mayores de 26 a\u00f1os ser\u00e1n un abono mensual nominativo con un descuento del 40%, v\u00e1lido durante un mes desde su primer uso efectivo. Para j\u00f3venes nacidos entre el 1 de enero de 1999 y el 31 de diciembre de 2010 (de 15 a 26 a\u00f1os) con nacionalidad espa\u00f1ola o extranjera con residencia legal en Espa\u00f1a, abono mensual nominativo con un descuento del 50% respecto del mensual bonificado, v\u00e1lido durante un mes desde su primer uso efectivo.<\/p>\n\n\n\n<p>Para menores de 15 a\u00f1os (nacidos entre el 1 de enero de 2011 y el 31 de diciembre de 2025) con nacionalidad espa\u00f1ola o extranjera con residencia legal en Espa\u00f1a, abono semestral nominativo sin coste, v\u00e1lido hasta finalizar 2025.<\/p>\n\n\n\n<p>Adem\u00e1s, los abonos multipersonales de 10 viajes de Media Distancia Convencional tendr\u00e1n un 40% de descuento, y ser\u00e1n v\u00e1lidos durante el a\u00f1o siguiente a la fecha de su primer uso efectivo, que debe ser anterior al 31 de diciembre de 2025.<\/p>\n\n\n\n<p>Este descuento se aplicar\u00e1 tambi\u00e9n en los servicios Avant entre Madrid-Salamanca, as\u00ed como en el servicio Avant entre A Coru\u00f1a-Ourense y en la relaci\u00f3n Murcia-Alicante a trav\u00e9s de la red de Altas Prestaciones, en ambos casos en todos sus or\u00edgenes y destinos intermedios. Tambi\u00e9n podr\u00e1n utilizarse en el servicio Avant Expr\u00e9s de Barcelona a Tortosa, excluido el origen-destino Barcelona-Tarragona.<\/p>\n\n\n\n<p>Los abonos Avant mantienen una bonificaci\u00f3n del 50% hasta final de a\u00f1o, a excepci\u00f3n de los t\u00edtulos Avant de Oferta de Servicio P\u00fablico a los que se aplica el descuento de media distancia convencional mencionado anteriormente.<\/p>\n\n\n\n<h3 class=\"wp-block-heading\">Descuentos auton\u00f3micos<\/h3>\n\n\n\n<p>Paralelamente a estas ayudas, el Ministerio de Transportes y Movilidad Sostenible ha activado un paquete de 355 millones de euros que financiar\u00e1 el nuevo esquema de bonificaciones previsto para el transporte colectivo urbano e interurbano en el segundo semestre de 2025 a todas aquellas comunidades aut\u00f3nomas y entidades locales que lo hayan solicitado. Este nuevo esquema contempla diferentes rebajas en funci\u00f3n del tipo de usuario para impulsar el uso de alternativas de movilidad diaria m\u00e1s sostenibles y eficientes.<\/p>\n\n\n\n<p>Los tres tipos de descuentos son la gratuidad para menores de 15 a\u00f1os, la reducci\u00f3n del 50% del precio de los abonos joven y t\u00edtulos multiviaje joven. Cada administraci\u00f3n definir\u00e1 la horquilla de edad que se considera joven para este tipo de descuentos, y la rebaja de, al menos, un 40% en el resto de los abonos y t\u00edtulos multiviaje.<\/p>\n\n\n\n<p>El Gobierno financiar\u00e1 un 20% de los descuentos siempre y cuando las entidades locales o comunidades aut\u00f3nomas competentes se comprometan a financiar con sus propios presupuestos otra rebaja adicional del 20%. Quedan excluidos de este esquema de descuentos los billetes sencillos, los de ida y vuelta y los t\u00edtulos tur\u00edsticos.<\/p>\n\n\n\n<p>En el caso particular de Canarias y Baleares, se han habilitado 183 millones de euros adicionales para mantener la gratuidad del transporte p\u00fablico durante todo 2025, como respuesta a su hecho insular y para hacer efectivo el principio de solidaridad reconocido en la Constituci\u00f3n Espa\u00f1ola.<\/p>\n\n\n\n<p>Por \u00faltimo, el Ministerio de Transportes ha activado otro paquete de 10 millones de euros para cofinanciar una rebaja del 50% en los abonos recurrentes de los sistemas de pr\u00e9stamo de bicicletas. As\u00ed, el Ministerio asume el 30% de la bonificaci\u00f3n mientras que la comunidad aut\u00f3noma o la entidad local lo hace con el 20% restante.<\/p>\n\n\n\n<p><strong><a href=\"https:\/\/cincodias.elpais.com\/autor\/cinco-dias\/#?rel=author_top\">CINCO D\u00cdAS<\/a> Agencias<\/strong><\/p>\n\n\n\n<p>FOTO: Pasajeros junto a un tren de cercan\u00edas en la estaci\u00f3n de tren de Santa Justa en Sevilla.PACO PUENTES<\/p>\n\n\n\n<p><a href=\"https:\/\/cincodias.elpais.com\/companias\/2025-06-12\/nuevas-tarifas-para-el-transporte-publico-a-partir-del-1-de-julio-gratis-para-menores-de-15-anos-y-un-descuento-de-hasta-el-70-al-resto.html\">https:\/\/cincodias.elpais.com\/companias\/2025-06-12\/nuevas-tarifas-para-el-transporte-publico-a-partir-del-1-de-julio-gratis-para-menores-de-15-anos-y-un-descuento-de-hasta-el-70-al-resto.html<\/a><\/p>\n","protected":false},"excerpt":{"rendered":"<p>Gratis para menores de 15 a\u00f1os y un descuento de hasta el 70% al resto&#8230;.<\/p>\n","protected":false},"author":1,"featured_media":77661,"comment_status":"closed","ping_status":"closed","sticky":false,"template":"","format":"standard","meta":{"_coblocks_attr":"","_coblocks_dimensions":"","_coblocks_responsive_height":"","_coblocks_accordion_ie_support":"","jetpack_post_was_ever_published":false,"_jetpack_newsletter_access":"","_jetpack_dont_email_post_to_subs":false,"_jetpack_newsletter_tier_id":0,"_jetpack_memberships_contains_paywalled_content":false,"_jetpack_memberships_contains_paid_content":false,"footnotes":"","jetpack_publicize_message":"","jetpack_publicize_feature_enabled":true,"jetpack_social_post_already_shared":true,"jetpack_social_options":{"image_generator_settings":{"template":"highway","default_image_id":0,"enabled":false},"version":2}},"categories":[1161,44,7671,6937],"tags":[],"class_list":["post-77660","post","type-post","status-publish","format-standard","has-post-thumbnail","hentry","category-ciudadania","category-noticias-de-hoy","category-politica","category-sociedad"],"jetpack_publicize_connections":[],"jetpack_featured_media_url":"https:\/\/i0.wp.com\/miradordeatarfe.es\/wp-content\/uploads\/2025\/06\/Screenshot-2025-06-17-at-13-33-30-Nuevas-tarifas-para-el-transporte-publico-a-partir-del-1-de-julio-gratis-para-menores-de-15-anos-y-un-descuento-de-hasta-el-70-al-resto-Empresas-Cinco-Dias.png?fit=689%2C472&ssl=1","jetpack_likes_enabled":true,"jetpack_sharing_enabled":true,"_links":{"self":[{"href":"https:\/\/miradordeatarfe.es\/index.php?rest_route=\/wp\/v2\/posts\/77660","targetHints":{"allow":["GET"]}}],"collection":[{"href":"https:\/\/miradordeatarfe.es\/index.php?rest_route=\/wp\/v2\/posts"}],"about":[{"href":"https:\/\/miradordeatarfe.es\/index.php?rest_route=\/wp\/v2\/types\/post"}],"author":[{"embeddable":true,"href":"https:\/\/miradordeatarfe.es\/index.php?rest_route=\/wp\/v2\/users\/1"}],"replies":[{"embeddable":true,"href":"https:\/\/miradordeatarfe.es\/index.php?rest_route=%2Fwp%2Fv2%2Fcomments&post=77660"}],"version-history":[{"count":1,"href":"https:\/\/miradordeatarfe.es\/index.php?rest_route=\/wp\/v2\/posts\/77660\/revisions"}],"predecessor-version":[{"id":77663,"href":"https:\/\/miradordeatarfe.es\/index.php?rest_route=\/wp\/v2\/posts\/77660\/revisions\/77663"}],"wp:featuredmedia":[{"embeddable":true,"href":"https:\/\/miradordeatarfe.es\/index.php?rest_route=\/wp\/v2\/media\/77661"}],"wp:attachment":[{"href":"https:\/\/miradordeatarfe.es\/index.php?rest_route=%2Fwp%2Fv2%2Fmedia&parent=77660"}],"wp:term":[{"taxonomy":"category","embeddable":true,"href":"https:\/\/miradordeatarfe.es\/index.php?rest_route=%2Fwp%2Fv2%2Fcategories&post=77660"},{"taxonomy":"post_tag","embeddable":true,"href":"https:\/\/miradordeatarfe.es\/index.php?rest_route=%2Fwp%2Fv2%2Ftags&post=77660"}],"curies":[{"name":"wp","href":"https:\/\/api.w.org\/{rel}","templated":true}]}}