{"id":77699,"date":"2025-06-22T10:30:00","date_gmt":"2025-06-22T08:30:00","guid":{"rendered":"https:\/\/miradordeatarfe.es\/?p=77699"},"modified":"2025-06-19T17:49:50","modified_gmt":"2025-06-19T15:49:50","slug":"atarfe-descuentos-a-jovenes-para-viajar-en-verano","status":"publish","type":"post","link":"https:\/\/miradordeatarfe.es\/?p=77699","title":{"rendered":"ATARFE: Descuentos a j\u00f3venes para viajar en verano"},"content":{"rendered":"\n<p class=\"has-medium-font-size\"><strong>La Concejal\u00eda de Juventud informa de que el Ministerio de Transportes y Movilidad Sostenible ha activado descuentos de hasta el 90% para facilitar a los j\u00f3venes de entre 18 y 30 a\u00f1os viajar en transporte p\u00fablico este verano, tanto por Espa\u00f1a como por Europa.<\/strong><\/p>\n\n\n\n<p>Las rebajas se aplicar\u00e1n en los billetes sencillos y de ida y vuelta de los trenes y de los autobuses de titularidad estatal y de los pases Interrail que tengan fecha para viajar <strong>entre el 1 de julio y el 30 de septiembre de 2025.<\/strong><\/p>\n\n\n\n<p>Si tienes entre <strong>18 y 30 a\u00f1os<\/strong>, prep\u00e1rate para viajar este verano con importantes descuentos en tren y autob\u00fas por toda Espa\u00f1a y Europa.\u00a0<\/p>\n\n\n\n<p>\u00bfQu\u00e9 te ofrece esta iniciativa?<br \/>&#8211;&nbsp;Descuentos de hasta el 90% en servicios de autob\u00fas estatales.<br \/>&#8211;&nbsp;Descuentos de hasta el 50% en trenes de media y larga distancia.<br \/>&#8211;&nbsp;Descuentos para Interrail si decides explorar Europa.<\/p>\n\n\n\n<p>\u00bfQui\u00e9n puede beneficiarse?<br \/>&#8211;&nbsp;J\u00f3venes nacidos entre 1995 y 2007.<br \/>&#8211;&nbsp;Nacionalidad espa\u00f1ola o residencia legal en Espa\u00f1a.<\/p>\n\n\n\n<p>Periodo de viaje:<br \/>Desde el 1 de julio al 30 de septiembre de 2025.<\/p>\n\n\n\n<p>Es necesario registrarse previamente para obtener el c\u00f3digo personal con el que aplicar los descuentos.<\/p>\n\n\n\n<h2 class=\"wp-block-heading\">\u00bfC\u00f3mo funciona?<\/h2>\n\n\n\n<p>Para ser beneficiario debes registrarte, al menos, 24 horas antes de realizar la primera compra para comprobar que se cumplen los requisitos de elegibilidad.<\/p>\n\n\n\n<p>Tras el registro, obtendr\u00e1s un c\u00f3digo que se debe proporcionar a la empresa operadora a la hora de adquirir el billete para el descuento.<\/p>\n\n\n\n<p>Las empresas pondr\u00e1n en marcha la venta de los billetes con descuentos a medida que vayan adaptando sus sistemas. M\u00e1s informaci\u00f3n en las p\u00e1ginas web y canales habituales&nbsp;de los operadores.<\/p>\n\n\n\n<h2 class=\"wp-block-heading\">Requisitos<\/h2>\n\n\n\n<ul class=\"wp-block-list\">\n<li>\u00a0 Haber nacido entre <strong>el 1 de enero de 1995\u00a0y el 31 de diciembre de 2007, ambos inclusive.<\/strong><\/li>\n\n\n\n<li>\u00a0 Tener <strong>nacionalidad espa\u00f1ola.<\/strong><\/li>\n\n\n\n<li>\u00a0\u00a0<strong>Extranjeros con<\/strong>\u00a0<strong>residencia legal en Espa\u00f1a.<\/strong><\/li>\n<\/ul>\n\n\n\n<h2 class=\"wp-block-heading\">\u00bfD\u00f3nde se aplican?<\/h2>\n\n\n\n<ul class=\"wp-block-list\">\n<li><img decoding=\"async\" src=\"https:\/\/cdn.transportes.gob.es\/portal-web-transportes\/ministerio\/acciones-comunicacion\/2025\/verano-joven\/icon-tren.svg\" alt=\"\"\/> Las rebajas se aplicar\u00e1n en los billetes sencillos y de <strong>ida y vuelta de los trenes.<\/strong><\/li>\n\n\n\n<li><img decoding=\"async\" src=\"https:\/\/cdn.transportes.gob.es\/portal-web-transportes\/ministerio\/acciones-comunicacion\/2025\/verano-joven\/icon-tickets.svg\" alt=\"\"\/> <strong>Autobuses<\/strong> de titularidad estatal.<\/li>\n<\/ul>\n\n\n\n<p class=\"has-medium-font-size\">Toda la informaci\u00f3n:<strong>\u00a0<a href=\"https:\/\/www.transportes.gob.es\/transporte_terrestre\/verano-joven\">https:\/\/www.transportes.gob.es\/transporte_terrestre\/verano-joven<\/a><\/strong><\/p>\n\n\n\n<p>\u00a1Aprovecha esta oportunidad \u00fanica para recorrer, descubrir y disfrutar de nuevas experiencias este verano!<\/p>\n\n\n\n<figure class=\"wp-block-image\"><img data-recalc-dims=\"1\" decoding=\"async\" src=\"https:\/\/i0.wp.com\/www.atarfe.es\/data\/CoreImages\/verano-joven-2025.jpg?w=640&#038;ssl=1\" alt=\"\"\/><\/figure>\n","protected":false},"excerpt":{"rendered":"<p>La Concejal\u00eda de Juventud informa de que el Ministerio de Transportes y Movilidad Sostenible ha&#8230;<\/p>\n","protected":false},"author":1,"featured_media":77700,"comment_status":"closed","ping_status":"closed","sticky":false,"template":"","format":"standard","meta":{"_coblocks_attr":"","_coblocks_dimensions":"","_coblocks_responsive_height":"","_coblocks_accordion_ie_support":"","jetpack_post_was_ever_published":false,"_jetpack_newsletter_access":"","_jetpack_dont_email_post_to_subs":false,"_jetpack_newsletter_tier_id":0,"_jetpack_memberships_contains_paywalled_content":false,"_jetpack_memberships_contains_paid_content":false,"footnotes":"","jetpack_publicize_message":"","jetpack_publicize_feature_enabled":true,"jetpack_social_post_already_shared":true,"jetpack_social_options":{"image_generator_settings":{"template":"highway","default_image_id":0,"enabled":false},"version":2}},"categories":[6916,1161,186,44],"tags":[],"class_list":["post-77699","post","type-post","status-publish","format-standard","has-post-thumbnail","hentry","category-ayuntamiento-de-atarfe","category-ciudadania","category-instituciones","category-noticias-de-hoy"],"jetpack_publicize_connections":[],"jetpack_featured_media_url":"https:\/\/i0.wp.com\/miradordeatarfe.es\/wp-content\/uploads\/2025\/06\/banner_verano_joven_2025.png?fit=650%2C433&ssl=1","jetpack_likes_enabled":true,"jetpack_sharing_enabled":true,"_links":{"self":[{"href":"https:\/\/miradordeatarfe.es\/index.php?rest_route=\/wp\/v2\/posts\/77699","targetHints":{"allow":["GET"]}}],"collection":[{"href":"https:\/\/miradordeatarfe.es\/index.php?rest_route=\/wp\/v2\/posts"}],"about":[{"href":"https:\/\/miradordeatarfe.es\/index.php?rest_route=\/wp\/v2\/types\/post"}],"author":[{"embeddable":true,"href":"https:\/\/miradordeatarfe.es\/index.php?rest_route=\/wp\/v2\/users\/1"}],"replies":[{"embeddable":true,"href":"https:\/\/miradordeatarfe.es\/index.php?rest_route=%2Fwp%2Fv2%2Fcomments&post=77699"}],"version-history":[{"count":1,"href":"https:\/\/miradordeatarfe.es\/index.php?rest_route=\/wp\/v2\/posts\/77699\/revisions"}],"predecessor-version":[{"id":77701,"href":"https:\/\/miradordeatarfe.es\/index.php?rest_route=\/wp\/v2\/posts\/77699\/revisions\/77701"}],"wp:featuredmedia":[{"embeddable":true,"href":"https:\/\/miradordeatarfe.es\/index.php?rest_route=\/wp\/v2\/media\/77700"}],"wp:attachment":[{"href":"https:\/\/miradordeatarfe.es\/index.php?rest_route=%2Fwp%2Fv2%2Fmedia&parent=77699"}],"wp:term":[{"taxonomy":"category","embeddable":true,"href":"https:\/\/miradordeatarfe.es\/index.php?rest_route=%2Fwp%2Fv2%2Fcategories&post=77699"},{"taxonomy":"post_tag","embeddable":true,"href":"https:\/\/miradordeatarfe.es\/index.php?rest_route=%2Fwp%2Fv2%2Ftags&post=77699"}],"curies":[{"name":"wp","href":"https:\/\/api.w.org\/{rel}","templated":true}]}}