{"id":77714,"date":"2025-06-21T11:00:00","date_gmt":"2025-06-21T09:00:00","guid":{"rendered":"https:\/\/miradordeatarfe.es\/?p=77714"},"modified":"2025-06-29T13:31:55","modified_gmt":"2025-06-29T11:31:55","slug":"historia-de-los-apellidos-de-atarfe-5-por-teresa-garcia-del-moral","status":"publish","type":"post","link":"https:\/\/miradordeatarfe.es\/?p=77714","title":{"rendered":"HISTORIA DE LOS APELLIDOS DE ATARFE (5) por Teresa Garc\u00eda del Moral"},"content":{"rendered":"\n<p>Proseguimos con las entregas referidas a los apellidos de Atarfe. Tengo que hacer una<br \/>aclaraci\u00f3n porque, como ya apunt\u00e9 en el primer art\u00edculo, los datos de los apellidos van<br \/>apareciendo por el cabeza de casa, especificando, en caso de estar casado, su mujer, sus<br \/>hijos, los criados y otros parientes que vivan en la misma vivienda. Pues bien, esto es lo<br \/>que nos ha ocurrido ya con el apellido Barea que aparece como segundo apellido, o el<br \/>caso de Ysavel Zervantes, de la que no hab\u00edamos dado referencia anterior y como,<br \/>asimismo, veremos con la esposa de Francisco Fern\u00e1ndez Parra que es Estefan\u00eda<br \/>Poyatos.<\/p>\n\n\n\n<p><strong>VERDEJO<\/strong><br \/>No encontramos ninguna referencia en el LAR (siglo XVI).<br \/>En el siglo XVIII (CME) encontramos a Mar\u00eda Berdexo, casada con Francisco<br \/>Zervantes (jornalero).<br \/>En la actualidad nos aparecen cuatro personas con el apellido Verdejo como segundo<br \/>apellido.<br \/>Berdejo es un apellido topon\u00edmico derivado del nombre del municipio y castillo de<br \/>Berdejo, en la provincia de Zaragoza, NA.<br \/><\/p>\n\n\n\n<p><strong>FERN\u00c1NDEZ<\/strong><br \/>En el Libro de Apeos (siglo XVI) encontramos: Juan Fern\u00e1ndez, (vecino de Consuegra)<br \/>con propiedades en Atarfe; Francisco Fern\u00e1ndez y Loren\u00e7o Fern\u00e1ndez.<br \/>Encontramos en el siglo XVIII (CME): Gabriela Fern\u00e1ndez (viuda); Luis Fern\u00e1ndez de<br \/>Barea (jornalero), casado con Isavel Zervantes; Juan Fern\u00e1ndez Calvo, menor<br \/>(jornalero), casado con Ysavel de Almod\u00f3var; Mar\u00eda Fern\u00e1ndez (viuda), con dos hijas,<br \/>una Isavel Ana Garc\u00eda y la otra Polonia Garc\u00eda; Juan Fern\u00e1ndez Zamora, menor<br \/>(labrador), casado con Mar\u00eda de Sierra; Francisco Fern\u00e1ndez Parra (jornalero), casado<br \/>con Estefan\u00eda Poyatos y Manuel Fern\u00e1ndez, jornalero.<br \/>En la actualidad hay muchas personas con este apellido en Atarfe.<br \/>Fern\u00e1ndez es un patron\u00edmico castellano en -ez derivado del nombre de pila castellano<br \/>Fernando, procedente del nombre personal germ\u00e1nico Frid-nand \u2018paz-valor\u2019, latinizado<br \/>como FREDENANDUS, que evolucion\u00f3 a la forma intermedia FERNANDUS, DAE.<\/p>\n\n\n\n<p><br \/><strong>GALLARDO<\/strong><br \/>En el Libro de Apeos (LAR) se cita tan solo a un vecino con este apellido: Bartolom\u00e9<br \/>Gallardo, vezino de \u00cdllora, que tiene casa en Atarfe.<br \/>En el CME del siglo XVIII aparece Manuel Gallardo (jornalero), casado con Manuela<br \/>de Rueda.<br \/>En la actualidad encontramos dos personas apellidadas Gallardo como primer apellido.<br \/>Patron\u00edmico no marcado procedente del antiguo nombre de pila castellano Gallardo,<br \/>tomado probablemente del nombre franc\u00e9s Gaillard, de significado igual que el nombre<br \/>castellano \u2018lozano y vigoroso\u2019 y hoy \u2018valiente y apuesto\u2019, DAE.<br \/><\/p>\n\n\n\n<p><strong>GUERRERO<\/strong><\/p>\n\n\n\n<p>En el siglo XVI (Libro de Apeos) no aparece.<br \/>En el CME, siglo XVIII encontramos solo Francisco Guerrero (jornalero), casado con<br \/>Ana de Rueda.<br \/>Actualmente hay al menos cinco personas con este apellido.<br \/>Nombre de oficio derivado del castellano guerrero \u2018soldado\u2019, \u2018persona combativa e<br \/>inclinada a luchar o ir a la guerra\u2019, DAE.<br \/><\/p>\n\n\n\n<p><strong>GUIRAU<\/strong><br \/>En el siglo XVI (Apeos) no encontramos ese apellido.<br \/>En el siglo XVIII (CME) solo a Ysavel Guirau (viuda).<br \/>Actualmente solo hemos encontrado a una persona apellidada Guirado.<br \/>Guirao (variante Guirado): Patron\u00edmico no marcado, procedente del nombre de linaje<br \/>catal\u00e1n Guiral, Guirau (DCVB), derivado de un nombre personal germano compuesto<br \/>de ger\/geir \u2018lanza\u2019 y wald \u2018gobierno\u2019, DEN.<\/p>\n\n\n\n<p><strong>G\u00d3MEZ<\/strong><br \/>En Apeos (LAR) solo aparece una persona con propiedades en Atarfe, un vecino del<br \/>que solo se citan sus apellidos, Garc\u00eda G\u00f3mez.<br \/>En el CME s\u00ed encontramos algunas personas con este apellido: Juan G\u00f3mez (jornalero),<br \/>casado con Floriana Rodr\u00edguez; Mar\u00eda G\u00f3mez, viuda; Antonio G\u00f3mez (jornalero),<br \/>casado con Antonia Espinosa.<br \/>Actualmente encontramos trece personas apellidadas G\u00f3mez como primer apellido.<br \/>Patron\u00edmico castellano en -ez derivado del antiguo nombre propio Gomo o Gome, que<br \/>se remonta probablemente a la ra\u00edz g\u00f3tica gom\/gum \u2018hombre\u2019, DAE.<\/p>\n\n\n\n<p><strong>GONZ\u00c1LEZ<\/strong><br \/>En el siglo XVI (Lar) no encontramos ninguna persona con este apellido.<br \/>En el CME (siglo XVIII): Joseph Gonz\u00e1lez (jornalero), casado con Jazinta Carolilla;<br \/>Francisco Gonz\u00e1lez (jornalero), casado con \u00c1gueda Mart\u00edn; Pedro Gonz\u00e1lez (jornalero),<br \/>casado con Mar\u00eda de Herrera.<br \/>Actualmente hay m\u00e1s de 50 personas apellidadas Gonz\u00e1les como primer apellido.<br \/>Patron\u00edmico castellano en -ez derivado del nombre propio Gonzalo, NA.<br \/>Gonzalo: Patron\u00edmico no marcado procedente del nombre de pila Gonzalo, derivado del<br \/>nombre personal visig\u00f3tico latinizado como GUNDISALVUS (de gunthi \u2018lucha\u2019 y,<br \/>aparentemente, el lat\u00edn SALVUS \u2018seguro, a salvo\u2019, HGN.<br \/><\/p>\n\n\n\n<p><strong>BIBLIOGRAF\u00cdA<\/strong><\/p>\n\n\n\n<p>DAE: FAURE, Roberto; RIBES, Mar\u00eda Asunci\u00f3n; GARC\u00cdA, Antonio, Diccionario de<br \/>apellidos espa\u00f1oles, 2001, Madrid, Espasa Calpe.<br \/>DEN: MORLET, Marie-Th\u00e9r\u00e8se, Dictionnaire \u00c9tymologuique des Noms de Famille,<br \/>1991, Par\u00eds, Edition du Club France Loisirs.<br \/>HGN: PIEL, Joseph M. y Dieter KREMER, Hispano-gotisches Mamenbuch. Der<br \/>Niederschlag des Westgotischen in den alten und heutigen Persooonen- und<\/p>\n\n\n\n<p>Ortsnamen der Iberischen Halbinsel, 1976, Heidelberg, CarlWinter \/<br \/>Universit\u04d3tsverlag.<br \/>NA: FUNDACI\u00d3N IBN TUFAYL DE ESTUDIOS \u00c1RABES: Nombres y apellidos<br \/>tradicionales de Almer\u00eda y su provincia, Almer\u00eda, 2017.<\/p>\n","protected":false},"excerpt":{"rendered":"<p>Proseguimos con las entregas referidas a los apellidos de Atarfe. Tengo que hacer unaaclaraci\u00f3n porque,&#8230;<\/p>\n","protected":false},"author":1,"featured_media":77715,"comment_status":"closed","ping_status":"closed","sticky":false,"template":"","format":"standard","meta":{"_coblocks_attr":"","_coblocks_dimensions":"","_coblocks_responsive_height":"","_coblocks_accordion_ie_support":"","jetpack_post_was_ever_published":false,"_jetpack_newsletter_access":"","_jetpack_dont_email_post_to_subs":false,"_jetpack_newsletter_tier_id":0,"_jetpack_memberships_contains_paywalled_content":false,"_jetpack_memberships_contains_paid_content":false,"footnotes":"","jetpack_publicize_message":"","jetpack_publicize_feature_enabled":true,"jetpack_social_post_already_shared":true,"jetpack_social_options":{"image_generator_settings":{"template":"highway","default_image_id":0,"enabled":false},"version":2}},"categories":[2,1161,1225,186,6937],"tags":[],"class_list":["post-77714","post","type-post","status-publish","format-standard","has-post-thumbnail","hentry","category-atarfe","category-ciudadania","category-ha-de-atarfe","category-instituciones","category-sociedad"],"jetpack_publicize_connections":[],"jetpack_featured_media_url":"https:\/\/i0.wp.com\/miradordeatarfe.es\/wp-content\/uploads\/2025\/06\/catastro-2.jpg?fit=640%2C523&ssl=1","jetpack_likes_enabled":true,"jetpack_sharing_enabled":true,"_links":{"self":[{"href":"https:\/\/miradordeatarfe.es\/index.php?rest_route=\/wp\/v2\/posts\/77714","targetHints":{"allow":["GET"]}}],"collection":[{"href":"https:\/\/miradordeatarfe.es\/index.php?rest_route=\/wp\/v2\/posts"}],"about":[{"href":"https:\/\/miradordeatarfe.es\/index.php?rest_route=\/wp\/v2\/types\/post"}],"author":[{"embeddable":true,"href":"https:\/\/miradordeatarfe.es\/index.php?rest_route=\/wp\/v2\/users\/1"}],"replies":[{"embeddable":true,"href":"https:\/\/miradordeatarfe.es\/index.php?rest_route=%2Fwp%2Fv2%2Fcomments&post=77714"}],"version-history":[{"count":1,"href":"https:\/\/miradordeatarfe.es\/index.php?rest_route=\/wp\/v2\/posts\/77714\/revisions"}],"predecessor-version":[{"id":77716,"href":"https:\/\/miradordeatarfe.es\/index.php?rest_route=\/wp\/v2\/posts\/77714\/revisions\/77716"}],"wp:featuredmedia":[{"embeddable":true,"href":"https:\/\/miradordeatarfe.es\/index.php?rest_route=\/wp\/v2\/media\/77715"}],"wp:attachment":[{"href":"https:\/\/miradordeatarfe.es\/index.php?rest_route=%2Fwp%2Fv2%2Fmedia&parent=77714"}],"wp:term":[{"taxonomy":"category","embeddable":true,"href":"https:\/\/miradordeatarfe.es\/index.php?rest_route=%2Fwp%2Fv2%2Fcategories&post=77714"},{"taxonomy":"post_tag","embeddable":true,"href":"https:\/\/miradordeatarfe.es\/index.php?rest_route=%2Fwp%2Fv2%2Ftags&post=77714"}],"curies":[{"name":"wp","href":"https:\/\/api.w.org\/{rel}","templated":true}]}}