{"id":7774,"date":"2016-03-25T10:00:17","date_gmt":"2016-03-25T10:00:17","guid":{"rendered":"http:\/\/miradordeatarfe.es\/?p=7774"},"modified":"2016-03-25T10:09:24","modified_gmt":"2016-03-25T10:09:24","slug":"el-cartero-de-neruda-por-alberto-granados","status":"publish","type":"post","link":"https:\/\/miradordeatarfe.es\/?p=7774","title":{"rendered":"\u00abEl cartero de Neruda\u00bb por Alberto Granados"},"content":{"rendered":"<p style=\"text-align: justify;\">El escritor chileno Antonio Sk\u00e1rmeta public\u00f3 en 1985, en Buenos Aires, la novela <a href=\"https:\/\/es.wikipedia.org\/wiki\/Ardiente_paciencia\"><em>Ardiente paciencia<\/em><\/a>, una divertida f\u00e1bula de iniciaci\u00f3n juvenil en la que un chico de diecisiete a\u00f1os es contratado, por el mero hecho de tener bicicleta, para llevar hasta Isla Negra los numerosos env\u00edos postales que Pablo Neruda recibe a diario. <!--more--><\/p>\n<p style=\"text-align: justify;\">De su admiraci\u00f3n por el poeta van surgiendo una verdadera amistad, el intercambio de confidencias (le cuenta al Premio Nobel su enamoramiento de Beatriz, le pide asesoramiento sobre el tema amatorio, etc.), una verdadera\u00a0 adoraci\u00f3n por la figura del poeta, que incluso llega a ser padrino del ni\u00f1o que les nace a la pareja. La acci\u00f3n, iniciada en 1969, llega hasta los d\u00edas del golpe militar y la sospechosa muerte de Neruda (d\u00edas 11 y 23 de septiembre de 1973, respectivamente). Una atm\u00f3sfera de ternura, pasi\u00f3n, erotismo, frescura, humor, espontaneidad\u2026 recorre toda la novela, que termina con el amargo contrapunto de la muerte del poeta, s\u00edmbolo que engloba la muerte democr\u00e1tica de todo el pa\u00eds andino.<\/p>\n<p class=\"wp-caption aligncenter\" style=\"text-align: justify;\" data-shortcode=\"caption\"><a href=\"https:\/\/albertogranados.files.wordpress.com\/2016\/03\/el-cartro-de-neruda.jpg\" rel=\"attachment wp-att-7331\"><img data-recalc-dims=\"1\" loading=\"lazy\" decoding=\"async\" class=\"size-full wp-image-7331\" src=\"https:\/\/albertogranados.files.wordpress.com\/2016\/03\/el-cartro-de-neruda.jpg?w=560&#038;resize=369%2C553\" alt=\"El cartero de Neruda\" width=\"369\" height=\"553\" \/><\/a><\/p>\n<p class=\"wp-caption-text\">El cartero de Neruda<\/p>\n<p style=\"text-align: justify;\">\u00a0\u00a0\u00a0\u00a0\u00a0 La novela fue llevada al cine, en una versi\u00f3n bastante libre (la pel\u00edcula transcurre en un pueblecito italiano, con personajes mayores que los de la novela y con una atm\u00f3sfera totalmente diferente) por Michael Radford en 1994, con el t\u00edtulo de <a href=\"https:\/\/es.wikipedia.org\/wiki\/Il_Postino\"><em>Il postino<\/em><\/a> (t\u00edtulo traducido en el mundo hispano como <em>El cartero y Pablo Neruda<\/em>) y tuvo un notable \u00e9xito. Por motivos editoriales, la novela pas\u00f3 a llamarse desde entonces <em>El cartero de Neruda<\/em>.<\/p>\n<p class=\"wp-caption aligncenter\" style=\"text-align: justify;\" data-shortcode=\"caption\"><a href=\"https:\/\/albertogranados.files.wordpress.com\/2016\/03\/casa-de-pablo-neruda-en-isla-negra.jpg\" rel=\"attachment wp-att-7332\"><img data-recalc-dims=\"1\" loading=\"lazy\" decoding=\"async\" class=\"size-full wp-image-7332\" src=\"https:\/\/albertogranados.files.wordpress.com\/2016\/03\/casa-de-pablo-neruda-en-isla-negra.jpg?w=836&#038;h=564&#038;fit=836%2C564&#038;resize=560%2C375\" alt=\"Casa de Pablo Neruda en Isla Negra\" width=\"560\" height=\"375\" \/><\/a><\/p>\n<p class=\"wp-caption-text\">Casa de Pablo Neruda en Isla Negra<\/p>\n<p style=\"text-align: justify;\">\u00a0\u00a0\u00a0\u00a0\u00a0 El joven Mario, influido por la l\u00edrica de su amigo don Pablo, aprende a decirle a la chica de quien se ha enamorado los m\u00e1s ardientes poemas de la l\u00edrica nerudiana. Beatriz se derrite ante tanto efluvio po\u00e9tico (a\u00fan ignora el concepto <em>plagio<\/em>), lo que observa su madre, que tiene una divertida conversaci\u00f3n con su hija, un hilarante di\u00e1logo de consistencia netamente teatral (de hecho, la novela pas\u00f3 a los escenarios), que incorporo a la Antolog\u00eda de este blog:<\/p>\n<p style=\"text-align: justify;\">\u00a0\u00a0\u00a0\u00a0\u00a0<em> Cuando Beatriz volvi\u00f3 del roquer\u00edo directamente a la hoster\u00eda, y levant\u00f3 son\u00e1mbula de la mesa una botella a medio consumir que dos pescadores aligeraban tarareando el bolero La vela de Roberto Lacaros, provoc\u00e1ndoles estupor, para luego avanzar con el mal habido licor hacia su casa, la madre se dijo que era hora de cerrar, condon\u00f3 el pago del frustrado consumo a sus clientes, los acompa\u00f1\u00f3 hasta la puerta, y puso en acci\u00f3n el candado. La encontr\u00f3 en la habitaci\u00f3n expuesta al viento oto\u00f1al, la mirada acosada por la oblicua luna llena, la penumbra difusa sobre la colcha, la respiraci\u00f3n alborotada.<\/em><\/p>\n<p style=\"text-align: justify;\"><em>\u00a0\u00a0\u00a0\u00a0\u00a0 -\u00bfQu\u00e9 haces? \u2013le pregunt\u00f3.<\/em><\/p>\n<p style=\"text-align: justify;\"><em>\u00a0\u00a0\u00a0\u00a0\u00a0 -Estoy pensando.<\/em><\/p>\n<p style=\"text-align: justify;\"><em>\u00a0\u00a0\u00a0\u00a0\u00a0 De un manotazo accion\u00f3 el interruptor, y la luz agredi\u00f3 el rostro huido.<\/em><\/p>\n<p style=\"text-align: justify;\"><em>\u00a0\u00a0\u00a0\u00a0\u00a0 -Si est\u00e1s pensando, quiero ver qu\u00e9 cara pones cuando piensas \u2013Beatriz se cubri\u00f3 los ojos con las manos-. \u00a1Y con la ventana abirta en pleno oto\u00f1o!<\/em><\/p>\n<p style=\"text-align: justify;\"><em>\u00a0\u00a0\u00a0\u00a0\u00a0 -Es mi pieza, mam\u00e1.<\/em><\/p>\n<p style=\"text-align: justify;\"><em>\u00a0\u00a0\u00a0\u00a0\u00a0 -Pero las cuentas del m\u00e9dico las pago yo. Vamos a hablar claro, hijita. \u00bfQui\u00e9n es \u00e9l?<\/em><\/p>\n<p style=\"text-align: justify;\"><em>\u00a0\u00a0\u00a0\u00a0\u00a0 -Se llama Mario.<\/em><\/p>\n<p style=\"text-align: justify;\"><em>\u00a0\u00a0\u00a0\u00a0\u00a0 -\u00bfY qu\u00e9 hace?<\/em><\/p>\n<p style=\"text-align: justify;\"><em>\u00a0\u00a0\u00a0\u00a0\u00a0 -Es cartero.<\/em><\/p>\n<p style=\"text-align: justify;\"><em>\u00a0\u00a0\u00a0\u00a0\u00a0 -\u00bfCartero?<\/em><\/p>\n<p style=\"text-align: justify;\"><em>\u00a0\u00a0\u00a0\u00a0\u00a0 -\u00bfQu\u00e9 no le vio el bols\u00f3n?<\/em><\/p>\n<p style=\"text-align: justify;\"><em>\u00a0\u00a0\u00a0\u00a0\u00a0 -Y tambi\u00e9n vi para qu\u00e9 us\u00f3 el bols\u00f3n. Para meter una botella de vino.<\/em><\/p>\n<p style=\"text-align: justify;\"><em>\u00a0\u00a0\u00a0\u00a0\u00a0 -Porque ya hab\u00eda terminado el reparto.<\/em><\/p>\n<p style=\"text-align: justify;\"><em>\u00a0\u00a0\u00a0\u00a0\u00a0 -\u00bfA qui\u00e9n le lleva cartas?<\/em><\/p>\n<p style=\"text-align: justify;\"><em>\u00a0\u00a0\u00a0\u00a0\u00a0 -A don Pablo.<\/em><\/p>\n<p style=\"text-align: justify;\"><em>\u00a0\u00a0\u00a0\u00a0\u00a0 -\u00bfNeruda?<\/em><\/p>\n<p style=\"text-align: justify;\"><em>\u00a0\u00a0\u00a0\u00a0\u00a0 -Son amigos, pues.<\/em><\/p>\n<p style=\"text-align: justify;\"><em>\u00a0\u00a0\u00a0\u00a0\u00a0 -\u00bf\u00c9l te lo dijo?<\/em><\/p>\n<p style=\"text-align: justify;\"><em>\u00a0\u00a0\u00a0\u00a0\u00a0 -Yo los vi juntos. El otro d\u00eda estuvieron conversando en la hoster\u00eda.<\/em><\/p>\n<p style=\"text-align: justify;\"><em>\u00a0\u00a0\u00a0\u00a0\u00a0 -\u00bfDe qu\u00e9 hablaron?<\/em><\/p>\n<p style=\"text-align: justify;\"><em>\u00a0\u00a0\u00a0\u00a0\u00a0 -De pol\u00edtica.<\/em><\/p>\n<p style=\"text-align: justify;\"><em>\u00a0\u00a0\u00a0\u00a0\u00a0 -\u00a1Ah, adem\u00e1s es comunista!<\/em><\/p>\n<p style=\"text-align: justify;\"><em>\u00a0\u00a0\u00a0\u00a0\u00a0 -Mam\u00e1, Neruda va a ser presidente de Chile.<\/em><\/p>\n<p style=\"text-align: justify;\"><em>\u00a0\u00a0\u00a0\u00a0\u00a0 -Mijita, si usted confunde la poes\u00eda con la pol\u00edtica, lueguito va a ser madre soltera. \u00bfQu\u00e9 te dijo?<\/em><\/p>\n<p style=\"text-align: justify;\"><em>\u00a0\u00a0\u00a0\u00a0\u00a0 -Met\u00e1foras.<\/em><\/p>\n<p style=\"text-align: justify;\"><em>\u00a0\u00a0\u00a0\u00a0\u00a0 La madre se aferr\u00f3 a la perilla del r\u00fastico catre de bronce, apret\u00e1ndola hasta convencerse de que pod\u00eda derretirla.<\/em><\/p>\n<p style=\"text-align: justify;\"><em>\u00a0\u00a0\u00a0\u00a0\u00a0 -\u00bfQu\u00e9 le pasa mam\u00e1? \u00bfQu\u00e9 se qued\u00f3 pensando?<\/em><\/p>\n<p style=\"text-align: justify;\"><em>\u00a0\u00a0\u00a0\u00a0\u00a0 -Nunca te o\u00ed una palabra tan larga. \u00bfQu\u00e9 \u201cmet\u00e1foras\u201d te dijo?<\/em><\/p>\n<p style=\"text-align: justify;\"><em>\u00a0\u00a0\u00a0\u00a0\u00a0 -Me dijo\u2026Me dijo que mi sonrisa se extiende como una mariposa en mi rostro.<\/em><\/p>\n<p style=\"text-align: justify;\"><em>\u00a0\u00a0\u00a0\u00a0\u00a0 -\u00bfY qu\u00e9 m\u00e1s?<\/em><\/p>\n<p style=\"text-align: justify;\"><em>\u00a0\u00a0\u00a0\u00a0\u00a0 -Bueno, cuando dijo eso, yo me re\u00ed.<\/em><\/p>\n<p style=\"text-align: justify;\"><em>\u00a0\u00a0\u00a0\u00a0\u00a0 -\u00bfY entonces?<\/em><\/p>\n<p style=\"text-align: justify;\"><em>\u00a0\u00a0\u00a0\u00a0\u00a0 -Entonces dijo una cosa de mi risa. Dijo que mi risa era una rosa, una lanza que se desgrana, un agua que estalla. Dijo que mi risa era una repentina ola de plata.<\/em><\/p>\n<p style=\"text-align: justify;\"><em>\u00a0\u00a0\u00a0\u00a0\u00a0 -\u00bfY qu\u00e9 hiciste entonces?<\/em><\/p>\n<p style=\"text-align: justify;\"><em>\u00a0\u00a0\u00a0\u00a0\u00a0 -Me qued\u00e9 callada.<\/em><\/p>\n<p style=\"text-align: justify;\"><em>\u00a0\u00a0\u00a0\u00a0\u00a0 -\u00bfY \u00e9l?<\/em><\/p>\n<p style=\"text-align: justify;\"><em>\u00a0\u00a0\u00a0\u00a0\u00a0 -\u00bfQu\u00e9 m\u00e1s dijo?<\/em><\/p>\n<p style=\"text-align: justify;\"><em>\u00a0\u00a0\u00a0\u00a0\u00a0 -No, mijita. \u00a1Qu\u00e9 m\u00e1s le hizo! Porque su cartero adem\u00e1s de boca ha de tener manos.<\/em><\/p>\n<p style=\"text-align: justify;\"><em>\u00a0\u00a0\u00a0\u00a0\u00a0 -No me toc\u00f3 en ning\u00fan momento. Dijo que estaba feliz de estar tendido junto a una joven pura, como la orilla de un oc\u00e9ano blanco.<\/em><\/p>\n<p style=\"text-align: justify;\"><em>\u00a0\u00a0\u00a0\u00a0\u00a0 -Y t\u00fa<\/em><\/p>\n<p style=\"text-align: justify;\"><em>\u00a0\u00a0\u00a0\u00a0\u00a0 -Yo me qued\u00e9 callada pensando.<\/em><\/p>\n<p style=\"text-align: justify;\"><em>\u00a0\u00a0\u00a0\u00a0\u00a0 -\u00bfY \u00e9l?\u00a0\u00a0<\/em><\/p>\n<p style=\"text-align: justify;\"><em>\u00a0\u00a0\u00a0\u00a0\u00a0 -Me dijo que le gustaba cuando callaba porque estaba como ausente.<\/em><\/p>\n<p style=\"text-align: justify;\"><em>\u00a0\u00a0\u00a0\u00a0\u00a0 -\u00bfY t\u00fa?<\/em><\/p>\n<p style=\"text-align: justify;\"><em>\u00a0\u00a0\u00a0\u00a0\u00a0 -Yo lo mir\u00e9.<\/em><\/p>\n<p style=\"text-align: justify;\"><em>\u00a0\u00a0\u00a0\u00a0\u00a0 -\u00bfY \u00e9l?<\/em><\/p>\n<p style=\"text-align: justify;\"><em>\u00a0\u00a0\u00a0\u00a0\u00a0 -\u00c9l me mir\u00f3 tambi\u00e9n. Y despu\u00e9s dej\u00f3 de mirarme a los ojos y se estuvo un largo rato mir\u00e1ndome el pelo, sin decir nada, como si estuviera pensando. Y entonces me dijo: \u201cme falta tiempo para celebrar tus cabellos, uno por uno debo contarlos y alabarlos\u201d.<\/em><\/p>\n<p style=\"text-align: justify;\"><em>\u00a0\u00a0\u00a0\u00a0\u00a0 La madre se puso de pie y cruz\u00f3 delante de su pecho las palmas de las manos, horizontales como los filos de una guillotina.<\/em><\/p>\n<p style=\"text-align: justify;\"><em>\u00a0\u00a0\u00a0\u00a0\u00a0 -Mijita, no me cuente m\u00e1s. Estamos frente a un caso muy peligroso. Todos los hombres que primero tocan con la palabra, despu\u00e9s llegan m\u00e1s lejos con las manos.<\/em><\/p>\n<p style=\"text-align: justify;\"><em>\u00a0\u00a0\u00a0\u00a0\u00a0 -\u00a1Qu\u00e9 van a tener de malo las palabras! \u2013dijo Beatriz abraz\u00e1ndose a la almohada.<\/em><\/p>\n<p style=\"text-align: justify;\"><em>\u00a0\u00a0\u00a0\u00a0\u00a0 -No hay peor droga que el\u00a0bla-bla. Hace sentir a una mesonera de pueblo como una princesa veneciana. Y despu\u00e9s, cuando viene el momento de la verdad, la vuelta a la realidad, te das cuenta de que las palabras son un cheque sin fondo. \u00a1Prefiero mil veces que un borracho te toque el culo en el bar, a que te digan que una sonrisa tuya vuela m\u00e1s alto que una mariposa!<\/em><\/p>\n<p style=\"text-align: justify;\"><em>\u00a0\u00a0\u00a0\u00a0\u00a0 -\u00a1Se extiende como una mariposa! \u2013 salt\u00f3 Beatriz.<\/em><\/p>\n<p style=\"text-align: justify;\"><em>\u00a0\u00a0\u00a0\u00a0 -\u00a1Que vuele o que se extienda da lo mismo! \u00bfY sabes por qu\u00e9? Porque detr\u00e1s de las palabras no hay nada. Son luces de bengala que se deshacen en el aire.<\/em><\/p>\n<p style=\"text-align: justify;\"><em>\u00a0\u00a0\u00a0\u00a0\u00a0 -Las palabras que me dijo Mario no se han deshecho en el aire. Las s\u00e9 de memoria y me gusta pensar en ellas cuando trabajo.<\/em><\/p>\n<p style=\"text-align: justify;\"><em>\u00a0\u00a0\u00a0\u00a0\u00a0 -Ya me di cuenta. Ma\u00f1ana haces tu maleta y te vas unos d\u00edas donde tu t\u00eda en Santiago.<\/em><\/p>\n<p style=\"text-align: justify;\"><em>\u00a0\u00a0\u00a0\u00a0\u00a0 -No quiero.<\/em><\/p>\n<p style=\"text-align: justify;\"><em>\u00a0\u00a0\u00a0\u00a0\u00a0 -Tu opini\u00f3n no me importa. Esto se puso grave.<\/em><\/p>\n<p style=\"text-align: justify;\"><em>\u00a0\u00a0\u00a0\u00a0\u00a0 -\u00a1Qu\u00e9 tiene de grave que un cabro te hable! \u00a1A todas las chiquillas les pasa!<\/em><\/p>\n<p style=\"text-align: justify;\"><em>\u00a0\u00a0\u00a0\u00a0\u00a0 La madre hizo un nudo en su chal.<\/em><\/p>\n<p style=\"text-align: justify;\"><em>\u00a0\u00a0\u00a0\u00a0\u00a0 -Primero, que se nota a la legua que las cosas que te dice se las ha copiado a Neruda.<\/em><\/p>\n<p style=\"text-align: justify;\"><em>\u00a0\u00a0\u00a0\u00a0\u00a0 Beatriz dobl\u00f3 el cuello y mir\u00f3 la pared como si se tratara del horizonte.<\/em><\/p>\n<p style=\"text-align: justify;\"><em>\u00a0\u00a0\u00a0\u00a0\u00a0 -\u00a1No, mam\u00e1! Me miraba y le sal\u00edan palabras como p\u00e1jaros de la boca.<\/em><\/p>\n<p style=\"text-align: justify;\"><em>\u00a0\u00a0\u00a0\u00a0\u00a0 -Como \u201cp\u00e1jaros de la boca\u201d. \u00a1Esa misma noche haces tu maleta y partes a Santiago! \u00bfSabes c\u00f3mo se llama cuando uno dice cosas de otro y lo oculta? \u00a1Plagio! Y tu Mario puede ir a dar a la c\u00e1rcel por andarte diciendo\u2026 \u00a1met\u00e1foras! Yo misma voy a telefonear al poeta, y le voy a decir que el cartero le anda robando los versos.<\/em><\/p>\n<p style=\"text-align: justify;\"><em>\u00a0\u00a0\u00a0\u00a0\u00a0 -\u00a1C\u00f3mo se le ocurre, \u2018\u00f1ora, que don Pablo va a andar preocup\u00e1ndose de eso! Es candidato a la presidencia de la rep\u00fablica, a lo mejor le dan el Premio Nobel, y usted le va a ir a conventillear por un par de met\u00e1foras.<\/em><\/p>\n<p style=\"text-align: justify;\"><em>\u00a0\u00a0\u00a0\u00a0\u00a0 La mujer se pas\u00f3 el pulgar por la nariz igual que los boxeadores profesionales.<\/em><\/p>\n<p style=\"text-align: justify;\"><em>\u00a0\u00a0\u00a0\u00a0\u00a0 -\u201cUn par de met\u00e1foras\u201d. \u00bfTe has visto c\u00f3mo est\u00e1s?<\/em><\/p>\n<p style=\"text-align: justify;\"><em>\u00a0\u00a0\u00a0\u00a0\u00a0 Agarr\u00f3 a la chica de la oreja y la trajo hacia arriba, hasta que sus narices quedaron muy juntas.<\/em><\/p>\n<p style=\"text-align: justify;\"><em>\u00a0\u00a0\u00a0\u00a0\u00a0 -\u00a1Mam\u00e1!<\/em><\/p>\n<p style=\"text-align: justify;\"><em>\u00a0\u00a0\u00a0\u00a0\u00a0 -Est\u00e1s h\u00fameda como una planta. Tienes una calentura, hija, que s\u00f3lo se cura con dos medicinas. Las cachas o los viajes \u2013solt\u00f3 el l\u00f3bulo de la muchacha, extrajo la valija desde abajo del catre y la derram\u00f3 sobre la colcha\u2013. \u00a1Vaya haciendo su maleta!<\/em><\/p>\n<p style=\"text-align: justify;\"><em>\u00a0\u00a0\u00a0\u00a0\u00a0 -\u00a1No pienso! \u00a1Me quedo!<\/em><\/p>\n<p style=\"text-align: justify;\"><em>\u00a0\u00a0\u00a0\u00a0\u00a0 -Mijita, los r\u00edos arrastran piedras y las palabras embarazos. \u00a1La maletita!<\/em><\/p>\n<p style=\"text-align: justify;\"><em>\u00a0\u00a0\u00a0\u00a0\u00a0 -Yo s\u00e9 cuidarme.<\/em><\/p>\n<p style=\"text-align: justify;\"><em>\u00a0\u00a0\u00a0\u00a0\u00a0 -\u00a1Qu\u00e9 va a saber cuidarse usted! As\u00ed como la estoy viendo acabar\u00eda con el roce de una u\u00f1a. Y acu\u00e9rdese que yo le\u00eda a Neruda mucho antes que usted. No sabr\u00e9 yo que cuando los hombres se calientan, hasta el h\u00edgado se les pone po\u00e9tico.<\/em><\/p>\n<p style=\"text-align: justify;\"><em>\u00a0\u00a0\u00a0\u00a0\u00a0 -Neruda es una persona seria. \u00a1Va a ser presidente!<\/em><\/p>\n<p style=\"text-align: justify;\"><em>\u00a0\u00a0\u00a0\u00a0\u00a0 -Trat\u00e1ndose de ir a la cama no hay ninguna diferencia entre un presidente, un cura o un poeta comunista. \u00bfSabes qui\u00e9n escribi\u00f3 \u201camo el amor de los marineros que besan y se van. Dejan una promesa, no vuelven nunca m\u00e1s\u201d?<\/em><\/p>\n<p style=\"text-align: justify;\"><em>\u00a0\u00a0\u00a0\u00a0\u00a0 -\u00a1Neruda!<\/em><\/p>\n<p style=\"text-align: justify;\"><em>\u00a0\u00a0\u00a0\u00a0\u00a0 -\u00a1Claro, pu\u2019, Neruda! \u00bfY te quedas tan chicha fresca?<\/em><\/p>\n<p style=\"text-align: justify;\"><em>\u00a0\u00a0\u00a0\u00a0\u00a0 -\u00a1Yo no armar\u00eda tanto esc\u00e1ndalo por un beso!<\/em><\/p>\n<p style=\"text-align: justify;\"><em>\u00a0\u00a0\u00a0\u00a0\u00a0 -Por el beso no, pero el beso es la chispa que arma el incendio. Y aqu\u00ed tienes otro verso de Neruda: \u201cAmo el amor que se reparte, en besos, lecho y pan\u201d. O sea, mijita, hablando en plata, la cosa es hasta con desayuno en la cama.<\/em><\/p>\n<p style=\"text-align: justify;\"><em>\u00a0\u00a0\u00a0\u00a0\u00a0 -\u00a1Mam\u00e1!<\/em><\/p>\n<p style=\"text-align: justify;\"><em>\u00a0\u00a0\u00a0\u00a0\u00a0 -Y despu\u00e9s su cartero le va a recitar el inmortal poema nerudiano que yo escrib\u00ed en mi \u00e1lbum, cuando ten\u00eda su misma edad, se\u00f1orita: \u201cYo no lo quiero, amada, para que nada nos amarre, para que no nos una nada\u201d.<\/em><\/p>\n<p style=\"text-align: justify;\"><em>\u00a0\u00a0\u00a0\u00a0\u00a0 -Eso no lo entend\u00ed.<\/em><\/p>\n<p style=\"text-align: justify;\"><em>\u00a0\u00a0\u00a0\u00a0\u00a0 La madre fue armando con sus manos un imaginario globito que comenzaba a inflarse sobre su ombligo, alcanzaba su cenit a la altura del vientre, y declinaba al inicio de los muslos. Este fluido movimiento lo acompa\u00f1\u00f3 sincopando el verso en cada una de sus s\u00edlabas: \u201cYo-no-lo-quie-ro a-ma-da pa-ra que na-da nos a-ma-rre pa-ra que no nos u-na na-da\u201d.<\/em><\/p>\n<p style=\"text-align: justify;\"><em>\u00a0\u00a0\u00a0\u00a0\u00a0 Perpleja la chica termin\u00f3 de seguir el turgente desplazamiento de los dedos de su madre y entonces, inspirada en la se\u00f1al de viudez alrededor del anular de su mano, pregunt\u00f3 con la voz de un pajarito:<\/em><\/p>\n<p style=\"text-align: justify;\"><em>\u00a0\u00a0\u00a0\u00a0\u00a0 -\u00bfEl anillo?<\/em><\/p>\n<p style=\"text-align: justify;\"><em>\u00a0\u00a0\u00a0\u00a0\u00a0 La mujer hab\u00eda jurado no llorar m\u00e1s en su vida despu\u00e9s de la muerte de su leg\u00edtimo marido y padre de Beatriz, hasta que hubiera otro difunto tan querido en la familia. Mas esta vez, por lo menos una l\u00e1grima pugn\u00f3 por saltarle de sus c\u00f3rneas.<\/em><\/p>\n<p style=\"text-align: justify;\"><em>\u00a0\u00a0\u00a0\u00a0\u00a0 -S\u00ed, mijita. El anillo. Haga su maletita tranquila, no m\u00e1s.<\/em><\/p>\n<p style=\"text-align: justify;\"><em>\u00a0\u00a0\u00a0\u00a0\u00a0 La muchacha mordi\u00f3 la almohada, y despu\u00e9s, mostrando que esos dientes, aparte de seducir, pod\u00edan deshilachar tanto telas como carnes, vocifer\u00f3:<\/em><\/p>\n<p style=\"text-align: justify;\"><em>\u00a0\u00a0\u00a0\u00a0\u00a0 -\u00a1Esto es rid\u00edculo! \u00a1Porque un hombre me dijo que la sonrisa me aleteaba en la cara como una mariposa, tengo que irme a Santiago!<\/em><\/p>\n<p style=\"text-align: justify;\"><em>\u00a0\u00a0\u00a0\u00a0\u00a0 -\u00a1No sea pajarona! \u2013revent\u00f3 tambi\u00e9n la madre\u2013. \u00a1Ahora tu sonrisa es una mariposa, pero ma\u00f1ana tus tetas van a ser dos palomas que quieren ser arrulladas, tus pezones van a ser dos jugosas frambuesas, tu lengua va a ser la tibia alfombra de los dioses, tu culo va a ser el velamen de un nav\u00edo, y la cosa que ahora te humea entre las piernas va a ser el horno azabache donde se forja el erguido metal de la raza! \u00a1Buenas noches!\u2026<\/em><\/p>\n<p style=\"text-align: justify;\">\u00a0\u00a0\u00a0\u00a0\u00a0 Recomiendo el agridulce sabor que deja esta novela, que rebosa vida (y muerte) por los cuatro costados y acerca al lector a la figura de uno de los mejores poetas de la literatura hispana.<\/p>\n<p style=\"text-align: justify;\">\u00a0<strong>Alberto Granados <\/strong><\/p>\n<p style=\"text-align: justify;\"><strong>foto : Neruda en Isla Negra<br \/>\n<\/strong><\/p>\n<p><a href=\"https:\/\/albertogranados.wordpress.com\/\">https:\/\/albertogranados.wordpress.com\/<\/a><\/p>\n","protected":false},"excerpt":{"rendered":"<p>El escritor chileno Antonio Sk\u00e1rmeta public\u00f3 en 1985, en Buenos Aires, la novela Ardiente paciencia,&#8230;<\/p>\n","protected":false},"author":1,"featured_media":7775,"comment_status":"closed","ping_status":"closed","sticky":false,"template":"","format":"standard","meta":{"_coblocks_attr":"","_coblocks_dimensions":"","_coblocks_responsive_height":"","_coblocks_accordion_ie_support":"","jetpack_post_was_ever_published":false,"_jetpack_newsletter_access":"","_jetpack_dont_email_post_to_subs":false,"_jetpack_newsletter_tier_id":0,"_jetpack_memberships_contains_paywalled_content":false,"_jetpack_memberships_contains_paid_content":false,"footnotes":"","jetpack_publicize_message":"","jetpack_publicize_feature_enabled":true,"jetpack_social_post_already_shared":false,"jetpack_social_options":{"image_generator_settings":{"template":"highway","default_image_id":0,"enabled":false},"version":2}},"categories":[39,12,44,15],"tags":[459,2375],"class_list":["post-7774","post","type-post","status-publish","format-standard","has-post-thumbnail","hentry","category-opinion-de-alberto-granados","category-cultura","category-noticias-de-hoy","category-ultimas-noticias","tag-libros","tag-neruda"],"jetpack_publicize_connections":[],"jetpack_featured_media_url":"https:\/\/i0.wp.com\/miradordeatarfe.es\/wp-content\/uploads\/2016\/03\/neruda.jpg?fit=750%2C607&ssl=1","jetpack_likes_enabled":true,"jetpack_sharing_enabled":true,"_links":{"self":[{"href":"https:\/\/miradordeatarfe.es\/index.php?rest_route=\/wp\/v2\/posts\/7774","targetHints":{"allow":["GET"]}}],"collection":[{"href":"https:\/\/miradordeatarfe.es\/index.php?rest_route=\/wp\/v2\/posts"}],"about":[{"href":"https:\/\/miradordeatarfe.es\/index.php?rest_route=\/wp\/v2\/types\/post"}],"author":[{"embeddable":true,"href":"https:\/\/miradordeatarfe.es\/index.php?rest_route=\/wp\/v2\/users\/1"}],"replies":[{"embeddable":true,"href":"https:\/\/miradordeatarfe.es\/index.php?rest_route=%2Fwp%2Fv2%2Fcomments&post=7774"}],"version-history":[{"count":1,"href":"https:\/\/miradordeatarfe.es\/index.php?rest_route=\/wp\/v2\/posts\/7774\/revisions"}],"predecessor-version":[{"id":7776,"href":"https:\/\/miradordeatarfe.es\/index.php?rest_route=\/wp\/v2\/posts\/7774\/revisions\/7776"}],"wp:featuredmedia":[{"embeddable":true,"href":"https:\/\/miradordeatarfe.es\/index.php?rest_route=\/wp\/v2\/media\/7775"}],"wp:attachment":[{"href":"https:\/\/miradordeatarfe.es\/index.php?rest_route=%2Fwp%2Fv2%2Fmedia&parent=7774"}],"wp:term":[{"taxonomy":"category","embeddable":true,"href":"https:\/\/miradordeatarfe.es\/index.php?rest_route=%2Fwp%2Fv2%2Fcategories&post=7774"},{"taxonomy":"post_tag","embeddable":true,"href":"https:\/\/miradordeatarfe.es\/index.php?rest_route=%2Fwp%2Fv2%2Ftags&post=7774"}],"curies":[{"name":"wp","href":"https:\/\/api.w.org\/{rel}","templated":true}]}}