{"id":77746,"date":"2025-06-23T10:00:00","date_gmt":"2025-06-23T08:00:00","guid":{"rendered":"https:\/\/miradordeatarfe.es\/?p=77746"},"modified":"2025-10-16T09:58:02","modified_gmt":"2025-10-16T07:58:02","slug":"noticias-de-la-guerra-por-remedios-sanchez","status":"publish","type":"post","link":"https:\/\/miradordeatarfe.es\/?p=77746","title":{"rendered":"\u00abNOTICIAS DE LA GUERRA\u00bb por Remedios S\u00e1nchez"},"content":{"rendered":"\n<p>\u00bf<strong>C\u00f3mo ser\u00e1 la amanecida de una ciudad en guerra, ese olor a muerte en las calles vac\u00edas, el humo en la distancia, desdibujando el paisaje de edificios con balcones de holl\u00edn y una pared que ya no existe? \u00bfDe qu\u00e9 forma sobrellevar\u00e1n las noches de incertidumbre quienes no pueden salir del c\u00edrculo del miedo, sitiados entre escombros, aguardando a que regresen los obuses? Sin esperanza, con convencimiento. <\/strong><\/p>\n\n\n\n<p>\u00bfCu\u00e1ndo descansar\u00e1n los ni\u00f1os que observan aterrados la tragedia y no entienden las razones, ese morir por nada in\u00fatilmente, al comp\u00e1s del silbido de las balas? \u00bfQui\u00e9n frenar\u00e1 la sangre derramada, los nombres del dolor y la tragedia? Parece que nadie, porque s\u00f3lo las v\u00edctimas cargan con el peso de la destrucci\u00f3n; esas v\u00edctimas que nos son indiferentes, una cifra m\u00e1s sin rostro ni apellidos, que se suma a una lista interminable. Porque los conflictos b\u00e9licos, tantas confrontaciones como se vienen produciendo en Gaza, Ir\u00e1n, Ucrania, Sud\u00e1n, Etiop\u00eda -por s\u00f3lo mencionar algunas naciones como ejemplo- parece que han dejado de importarnos. La conciencia se va adormeciendo mientras las armas de destrucci\u00f3n masiva revientan cualquier posibilidad de cambio. <\/p>\n\n\n\n<p>Desconozco la manera en que hemos logrado que la geograf\u00eda del sufrimiento nos sea ajena, esa capacidad para quedarnos indiferentes frente al horror y a la desgracia siempre y cuando se mantengan a distancia y no nos estropeen la siesta. Pero tal vez ha llegado el momento de reflexionar c\u00f3mo es posible que todo se acepte con esta absoluta naturalidad que revela un modelo de sociedad individualista y anestesiada, capaz de banalizar el mal, que dir\u00eda Hannah Arendt.<\/p>\n\n\n\n<p>Este mundo delirante en que vivimos camina por el borde del precipicio de la deshumanizaci\u00f3n cada vez que permite que los poderosos aniquilen pa\u00edses enteros \u00fanicamente por decisiones geoestrat\u00e9gicas, porque hay que mantener ocupadas a las empresas armament\u00edsticas o simplemente para desviar la atenci\u00f3n de las problem\u00e1ticas internas de cada cual. Tanto da, cuando el resultado es el mismo: abandonar en su desesperaci\u00f3n a los que no tienen nada, cr\u00edmenes de lesa humanidad a los que nunca se har\u00e1 justicia y una cat\u00e1strofe que afectar\u00e1 a varias generaciones. <\/p>\n\n\n\n<p>Desde el ni\u00f1o que corre buscando la comida entre basuras que quedar\u00e1 marcado para siempre si sobrevive, a la anciana que mira al cielo por si all\u00e1 arriba encuentra explicaci\u00f3n a las torturas a las que han sometido a sus hijos.<\/p>\n\n\n\n<p>Y nosotros los observamos mientras esperamos a que se enfr\u00eden las lentejas desde este mundo huxleyano, como si entrara dentro de la normalidad, de una l\u00f3gica que es ajena a la raz\u00f3n, cada crisis humanitaria, tanto desamparo. Ese es el extremo de degradaci\u00f3n \u00e9tica que nos circunda: asumir sin cuestionamiento lo que sucede, mientras, quienes ni siquiera sabr\u00edan deletrear el nombre de las urbes arrasadas por sus drones, tratan de convencernos -sin hacer tampoco grandes esfuerzos- de que resulta razonable este nivel de miseria moral. Entonces, aunque sea sin quererlo ni darnos cuenta, con nuestro silencio colectivo nos convertimos en part\u00edcipes indirectos del drama, en parte del problema global y sin defensa posible. Desnudos de alma, vac\u00edos, sin dignidad y sin conciencia.<\/p>\n\n\n\n<p>Photo: UN\/Shareef Sarhan<\/p>\n","protected":false},"excerpt":{"rendered":"<p>\u00bfC\u00f3mo ser\u00e1 la amanecida de una ciudad en guerra, ese olor a muerte en las&#8230;<\/p>\n","protected":false},"author":1,"featured_media":77750,"comment_status":"closed","ping_status":"closed","sticky":false,"template":"","format":"standard","meta":{"_coblocks_attr":"","_coblocks_dimensions":"","_coblocks_responsive_height":"","_coblocks_accordion_ie_support":"","jetpack_post_was_ever_published":false,"_jetpack_newsletter_access":"","_jetpack_dont_email_post_to_subs":false,"_jetpack_newsletter_tier_id":0,"_jetpack_memberships_contains_paywalled_content":false,"_jetpack_memberships_contains_paid_content":false,"footnotes":"","jetpack_publicize_message":"","jetpack_publicize_feature_enabled":true,"jetpack_social_post_already_shared":false,"jetpack_social_options":{"image_generator_settings":{"template":"highway","default_image_id":0,"enabled":false},"version":2}},"categories":[1161,44,7671,6914],"tags":[],"class_list":["post-77746","post","type-post","status-publish","format-standard","has-post-thumbnail","hentry","category-ciudadania","category-noticias-de-hoy","category-politica","category-opinion-de-reme-sanchez"],"jetpack_publicize_connections":[],"jetpack_featured_media_url":"https:\/\/i0.wp.com\/miradordeatarfe.es\/wp-content\/uploads\/2025\/06\/Screenshot-2025-06-21-at-09-41-42-War-in-Gaza-Another-round-of-violence-with-no-end-in-sight-%E2%80%93-Monash-Lens.png?fit=646%2C403&ssl=1","jetpack_likes_enabled":true,"jetpack_sharing_enabled":true,"_links":{"self":[{"href":"https:\/\/miradordeatarfe.es\/index.php?rest_route=\/wp\/v2\/posts\/77746","targetHints":{"allow":["GET"]}}],"collection":[{"href":"https:\/\/miradordeatarfe.es\/index.php?rest_route=\/wp\/v2\/posts"}],"about":[{"href":"https:\/\/miradordeatarfe.es\/index.php?rest_route=\/wp\/v2\/types\/post"}],"author":[{"embeddable":true,"href":"https:\/\/miradordeatarfe.es\/index.php?rest_route=\/wp\/v2\/users\/1"}],"replies":[{"embeddable":true,"href":"https:\/\/miradordeatarfe.es\/index.php?rest_route=%2Fwp%2Fv2%2Fcomments&post=77746"}],"version-history":[{"count":2,"href":"https:\/\/miradordeatarfe.es\/index.php?rest_route=\/wp\/v2\/posts\/77746\/revisions"}],"predecessor-version":[{"id":77752,"href":"https:\/\/miradordeatarfe.es\/index.php?rest_route=\/wp\/v2\/posts\/77746\/revisions\/77752"}],"wp:featuredmedia":[{"embeddable":true,"href":"https:\/\/miradordeatarfe.es\/index.php?rest_route=\/wp\/v2\/media\/77750"}],"wp:attachment":[{"href":"https:\/\/miradordeatarfe.es\/index.php?rest_route=%2Fwp%2Fv2%2Fmedia&parent=77746"}],"wp:term":[{"taxonomy":"category","embeddable":true,"href":"https:\/\/miradordeatarfe.es\/index.php?rest_route=%2Fwp%2Fv2%2Fcategories&post=77746"},{"taxonomy":"post_tag","embeddable":true,"href":"https:\/\/miradordeatarfe.es\/index.php?rest_route=%2Fwp%2Fv2%2Ftags&post=77746"}],"curies":[{"name":"wp","href":"https:\/\/api.w.org\/{rel}","templated":true}]}}