{"id":77754,"date":"2025-06-22T11:00:00","date_gmt":"2025-06-22T09:00:00","guid":{"rendered":"https:\/\/miradordeatarfe.es\/?p=77754"},"modified":"2025-06-22T11:04:13","modified_gmt":"2025-06-22T09:04:13","slug":"atarfe-se-viste-de-orgullo","status":"publish","type":"post","link":"https:\/\/miradordeatarfe.es\/?p=77754","title":{"rendered":"\u00a1ATARFE SE VISTE DE ORGULLO!"},"content":{"rendered":"\n<p class=\"has-medium-font-size\">J<strong>unio es m\u00e1s que un mes\u2026 \u00a1es una declaraci\u00f3n de principios! En Atarfe celebramos el respeto, la igualdad, la diversidad y el amor en todas sus formas. <\/strong><\/p>\n\n\n\n<p style=\"margin-bottom: 0cm\">Junio es conocido como el Mes del Orgullo, una celebraci\u00f3n mundial en la que se conmemora la lucha por los derechos de las personas LGBTQ+ y se celebra la diversidad sexual y de g\u00e9nero. <\/p>\n\n\n\n<p>El pasado viernes d\u00eda 20 se hizo la presentaci\u00f3n OFICIAL de la asociaci\u00f3n ARCO ILIBERIS para la sociedad atarfe\u00f1a por medio de su presidenta Cyntia Diaz donde pudimos oir las experiencias de algunos miembros la asociaci\u00f3n.<\/p>\n\n\n\n<p><a href=\"https:\/\/www.instagram.com\/reel\/DLKFSImtZE6yDNpYbdCVi1ApzjCIBjotvhnALo0\/?igsh=MWRwemlxbjMxNXBnNg==\"><strong>https:\/\/www.instagram.com\/reel\/DLKFSImtZE6yDNpYbdCVi1ApzjCIBjotvhnALo0\/?igsh=MWRwemlxbjMxNXBnNg==<\/strong><\/a><\/p>\n\n\n\n<p> La fecha del ORGULLO no se eligi\u00f3 por causalidad, sino para conmemorar un hecho tr\u00e1gico ocurrido el 29 de junio de 1969. La madrugada de ese d\u00eda, la polic\u00eda de Nueva York allan\u00f3 un bar conocido como <a href=\"https:\/\/www.independentespanol.com\/noticias\/reino-unido-mes-del-orgullo-2021-historia-fundada-b1863802.html\">Stonewall,<\/a> en el vecindario de Greenwich Village, para arrestar a los clientes, pertenecientes a la comunidad LGBTQ. En el lugar hab\u00eda alrededor de 150 personas que se opusieron a la redada policial, por lo que se suscit\u00f3 un fuerte enfrentamiento.<\/p>\n\n\n\n<p>Adem\u00e1s de ser un centro de reuni\u00f3n para la comunidad LGBTQ, el bar Stonewall era conocido como un espacio de resistencia pol\u00edtica, por lo que la irrupci\u00f3n de la polic\u00eda en el lugar se interpret\u00f3 como un abuso contra la libertad de expresi\u00f3n de los grupos contrarios al <em>establishment.<\/em><\/p>\n\n\n\n<p>Un a\u00f1o m\u00e1s, Atarfe nos convertimos en la capital del Orgullo de la provincia de Granada. Porque en Atarfe no solo ondeamos la bandera\u2026 la vivimos, la defendemos y la celebramos. Estas son las siguientes actividades programadas<\/p>\n\n\n\n<p><strong>LUNES 23 de junio<\/strong><br \/>&#x1f555; 18:00h \u2013 Centro Cultural Medina Elvira<br \/>&#x1f4da; Charla-coloquio sobre novelas y c\u00f3mics del colectivo LGTBIQ+<br \/>&#x1f3a8; Inauguraci\u00f3n del Espacio de Valores en la Biblioteca P\u00fablica Mariana Pineda<\/p>\n\n\n\n<p><strong>&#x1f4c5; DOMINGO 29 de junio<\/strong><br \/>&#x1f557; 20:00h \u2013 Desde la Plaza de Toros<br \/>&#x1f389; Gran Desfile del Orgullo<br \/>&#x1f557; 20:30h \u2013 Paseo de Santa Ana<br \/>&#x1f483; Fiesta del Orgullo<\/p>\n\n\n\n<p>Porque la libertad se celebra, la diversidad se protege, y el amor nunca se esconde.<br \/>Este mes\u2026 y siempre<\/p>\n\n\n\n<figure class=\"wp-block-embed is-type-video is-provider-youtube wp-block-embed-youtube wp-embed-aspect-16-9 wp-has-aspect-ratio\"><div class=\"wp-block-embed__wrapper\">\n<iframe loading=\"lazy\" title=\"\ud83c\udff3\ufe0f\u200d\ud83c\udf08\u2728 \u00a1ATARFE SE VISTE DE ORGULLO! \u2728\ud83c\udff3\ufe0f\u200d\ud83c\udf08\" width=\"540\" height=\"960\" src=\"https:\/\/www.youtube.com\/embed\/2f_IXUamvPE?feature=oembed\" frameborder=\"0\" allow=\"accelerometer; autoplay; clipboard-write; encrypted-media; gyroscope; picture-in-picture; web-share\" referrerpolicy=\"strict-origin-when-cross-origin\" allowfullscreen><\/iframe>\n<\/div><\/figure>\n","protected":false},"excerpt":{"rendered":"<p>Junio es m\u00e1s que un mes\u2026 \u00a1es una declaraci\u00f3n de principios! En Atarfe celebramos el&#8230;<\/p>\n","protected":false},"author":1,"featured_media":77755,"comment_status":"closed","ping_status":"closed","sticky":false,"template":"","format":"standard","meta":{"_coblocks_attr":"","_coblocks_dimensions":"","_coblocks_responsive_height":"","_coblocks_accordion_ie_support":"","jetpack_post_was_ever_published":false,"_jetpack_newsletter_access":"","_jetpack_dont_email_post_to_subs":false,"_jetpack_newsletter_tier_id":0,"_jetpack_memberships_contains_paywalled_content":false,"_jetpack_memberships_contains_paid_content":false,"footnotes":"","jetpack_publicize_message":"","jetpack_publicize_feature_enabled":true,"jetpack_social_post_already_shared":false,"jetpack_social_options":{"image_generator_settings":{"template":"highway","default_image_id":0,"enabled":false},"version":2}},"categories":[1161,186,44,6937,1],"tags":[],"class_list":["post-77754","post","type-post","status-publish","format-standard","has-post-thumbnail","hentry","category-ciudadania","category-instituciones","category-noticias-de-hoy","category-sociedad","category-uncategorized"],"jetpack_publicize_connections":[],"jetpack_featured_media_url":"https:\/\/i0.wp.com\/miradordeatarfe.es\/wp-content\/uploads\/2025\/06\/IMG20250620194944-scaled.jpg?fit=2560%2C1928&ssl=1","jetpack_likes_enabled":true,"jetpack_sharing_enabled":true,"_links":{"self":[{"href":"https:\/\/miradordeatarfe.es\/index.php?rest_route=\/wp\/v2\/posts\/77754","targetHints":{"allow":["GET"]}}],"collection":[{"href":"https:\/\/miradordeatarfe.es\/index.php?rest_route=\/wp\/v2\/posts"}],"about":[{"href":"https:\/\/miradordeatarfe.es\/index.php?rest_route=\/wp\/v2\/types\/post"}],"author":[{"embeddable":true,"href":"https:\/\/miradordeatarfe.es\/index.php?rest_route=\/wp\/v2\/users\/1"}],"replies":[{"embeddable":true,"href":"https:\/\/miradordeatarfe.es\/index.php?rest_route=%2Fwp%2Fv2%2Fcomments&post=77754"}],"version-history":[{"count":1,"href":"https:\/\/miradordeatarfe.es\/index.php?rest_route=\/wp\/v2\/posts\/77754\/revisions"}],"predecessor-version":[{"id":77756,"href":"https:\/\/miradordeatarfe.es\/index.php?rest_route=\/wp\/v2\/posts\/77754\/revisions\/77756"}],"wp:featuredmedia":[{"embeddable":true,"href":"https:\/\/miradordeatarfe.es\/index.php?rest_route=\/wp\/v2\/media\/77755"}],"wp:attachment":[{"href":"https:\/\/miradordeatarfe.es\/index.php?rest_route=%2Fwp%2Fv2%2Fmedia&parent=77754"}],"wp:term":[{"taxonomy":"category","embeddable":true,"href":"https:\/\/miradordeatarfe.es\/index.php?rest_route=%2Fwp%2Fv2%2Fcategories&post=77754"},{"taxonomy":"post_tag","embeddable":true,"href":"https:\/\/miradordeatarfe.es\/index.php?rest_route=%2Fwp%2Fv2%2Ftags&post=77754"}],"curies":[{"name":"wp","href":"https:\/\/api.w.org\/{rel}","templated":true}]}}