{"id":77757,"date":"2025-06-23T09:00:00","date_gmt":"2025-06-23T07:00:00","guid":{"rendered":"https:\/\/miradordeatarfe.es\/?p=77757"},"modified":"2025-06-23T14:52:03","modified_gmt":"2025-06-23T12:52:03","slug":"cosas-que-te-cobran-restaurantes-y-bares-y-no-deberian","status":"publish","type":"post","link":"https:\/\/miradordeatarfe.es\/?p=77757","title":{"rendered":"Cosas que te cobran restaurantes y bares&#8230; y no deber\u00edan"},"content":{"rendered":"\n<p class=\"has-medium-font-size\"><strong>Los establecimientos deben cumplir una serie de requisitos para poder a\u00f1adir ese pico extra a la cuenta sin que pueda calificarse de pr\u00e1ctica ilegal o abusiva<\/strong><\/p>\n\n\n\n<p>Seguro que te ha pasado alguna vez: te sientas en una terraza, le pides un caf\u00e9 con hielo al camarero y, cuando llega la cuenta, los 2 euros que costaba la consumici\u00f3n se convierten en 2,80. Revisas el tique y resulta que te han cobrado 50 c\u00e9ntimos por el servicio de terraza y 30 por&#8230; \u00a1los hielos! \u00bfEs legal? \u00bfPueden bares y restaurante cobrar un suplemento por llevarte el caf\u00e9 a la mesa? \u00bfY por los hielos? \u00abNo existe una lista negra oficial en la que se indique expresamente qu\u00e9 se puede cobrar y qu\u00e9 no, pero s\u00ed hay una serie de requisitos que los establecimientos deben cumplir para poder a\u00f1adir ese pico extra a la cuenta sin que pueda calificarse de pr\u00e1ctica ilegal o abusiva\u00bb, aclaran en la Organizaci\u00f3n de Consumidores y Usuarios (OCU). Aqu\u00ed va una lista de los productos y servicios que te pueden incluir en la factura y los que no.<\/p>\n\n\n\n<h3 class=\"wp-block-heading\">El IVA<\/h3>\n\n\n\n<p>A la hora de pagar en un bar o un restaurante a veces nos llevamos sorpresas porque nos han a\u00f1adido extras con los que no cont\u00e1bamos como, por ejemplo, el IVA. Pues bien, los expertos recuerdan que \u00abno se puede engrosar la factura con un 10% adicional simplemente por sumar este impuesto. De hecho, poner &#8216;IVA no incluido&#8217; en el men\u00fa es ilegal. Los precios impresos en la carta que se entrega a los clientes ya deben llevar el IVA incluido\u00bb.<\/p>\n\n\n\n<h3 class=\"wp-block-heading\">Un &#8216;plus&#8217; por la reserva<\/h3>\n\n\n\n<p>Tampoco pueden cobrarte un suplemento por reservar una comida o una cena con antelaci\u00f3n, lo que s\u00ed pueden hacer \u2013y se hace cada vez m\u00e1s, sobre todo cuando se trata de grupos grandes\u2013 es \u00abpedirte una cantidad de dinero por adelantado en concepto de fianza, pero despu\u00e9s tienen que descontarla del importe total\u00bb, precisan en la OCU.<\/p>\n\n\n\n<h3 class=\"wp-block-heading\">Agua del grifo<\/h3>\n\n\n\n<p>Este es un tema muy pol\u00e9mico porque en algunos bares y restaurantes aplican una peque\u00f1a recarga y en otros directamente se niegan a servirla. Ambas actuaciones son ilegales. Seg\u00fan consta en la Ley de Residuos y Suelos Contaminantes para una Econom\u00eda Circular, el cliente est\u00e1 en todo su derecho a que le sirvan \u00abagua del grifo, no envasada y de manera gratuita\u00bb.<\/p>\n\n\n\n<h3 class=\"wp-block-heading\">Servicio de terraza, hielo, leche&#8230;<\/h3>\n\n\n\n<p>La normativa que regula el cobro de este tipo de servicios adicionales \u2013el art\u00edculo 60 de la Ley General para la Defensa de los Consumidores y Usuarios\u2013 deja muy claro que el cliente debe ser informado previamente del sobrecoste y adem\u00e1s se debe solicitar su consentimiento expreso. Por ejemplo, los establecimientos hosteleros est\u00e1n en todo su derecho de cobrar por el servicio de terraza, pero se debe avisar al cliente o advertirlo por escrito en un lugar visible.<\/p>\n\n\n\n<p>Volvamos al ejemplo del principio. Te sientas en la terraza y encima de la mesa solo hay un servilletero, pero ni rastro de una lista de precios. Viene el camarero, te da los buenos d\u00edas, toma nota de la comanda y te sirve el caf\u00e9 con hielo. Cuando pides la cuenta te encuentras con que, adem\u00e1s de los dos euros de la consumici\u00f3n, te han cobrado 50 c\u00e9ntimos adicionales por el servicio de terraza y 30 por el vaso con hielo. \u00bfTendr\u00edas derecho a reclamar? \u00abEn este caso s\u00ed, porque en ning\u00fan momento se inform\u00f3 al cliente sobre el suplemento ni tampoco dispon\u00eda de una lista de precios o un cartel donde se le advirtiese. Ahora bien, si el establecimiento hubiese tenido una carta donde se especificase el cobro de esta tasa entonces s\u00ed que se tendr\u00eda que abonarlo\u00bb, precisan en la OCU.<\/p>\n\n\n\n<p>Lo mismo ocurre cuando nos sirven un aperitivo que no hemos pedido o el pan. Solo lo pueden cobrarlos como un extra si consta por escrito en la lista de precios. Ocurre algo parecido con el llamado servicio de cubiertos. Seg\u00fan los expertos, no es legal cobrar aparte por conceptos como este, \u00abporque forman parte de la esencia de lo que est\u00e1s comprando. Si vas a comer a un restaurante, se sobreentiende que la vajilla, la cuberter\u00eda o la cristaler\u00eda est\u00e1n incluidas\u00bb.<\/p>\n\n\n\n<h3 class=\"wp-block-heading\">Propina&#8230; \u00bfobligatoria?<\/h3>\n\n\n\n<p>En Espa\u00f1a, la decisi\u00f3n de dejar propina es absolutamente voluntaria y no existe ninguna norma que obligue a los clientes a dejarla. \u00abPueden informarte de la posibilidad de dejar propina, pero en ning\u00fan caso pueden obligarte a pagarla\u00bb.<\/p>\n\n\n\n<h3 class=\"wp-block-heading\">El peligro del precio &#8216;seg\u00fan mercado&#8217; y el &#8216;fuera de carta&#8217;<\/h3>\n\n\n\n<p>Si vas a un restaurante y te ofrecen productos &#8216;fuera de carta&#8217;, deber\u00edan indicarte su precio antes de tomar la comanda . \u00abSi no es as\u00ed y pretenden cobrarte una cantidad que consideras abusiva, podr\u00edas negarte a pagarlo y abonar el importe de un producto similar que est\u00e9 en la carta\u00bb, explican en la OCU. Tambi\u00e9n es habitual encontrar en los men\u00fas expresiones del tipo &#8216;precio seg\u00fan mercado&#8217; en pescados, carnes y mariscos frescos o &#8216;precio seg\u00fan peso&#8217;. \u00abEn estos casos, deber\u00edan indicar, al menos, un precio de referencia para que el cliente pueda hacerse una idea del precio aproximado del plato\u00bb<\/p>\n\n\n\n<p><a href=\"https:\/\/www.ideal.es\/autor\/carmen-barreiro-3257.html\"><strong>Carmen Barreiro<\/strong><\/a><\/p>\n\n\n\n<p><a href=\"https:\/\/www.ideal.es\/vivir\/consumo\/cobran-restaurantes-bares-deberian-20250623184925-ntrc.html\">https:\/\/www.ideal.es\/vivir\/consumo\/cobran-restaurantes-bares-deberian-20250623184925-ntrc.html<\/a><\/p>\n\n\n\n\n","protected":false},"excerpt":{"rendered":"<p>Los establecimientos deben cumplir una serie de requisitos para poder a\u00f1adir ese pico extra a&#8230;<\/p>\n","protected":false},"author":1,"featured_media":77758,"comment_status":"closed","ping_status":"closed","sticky":false,"template":"","format":"standard","meta":{"_coblocks_attr":"","_coblocks_dimensions":"","_coblocks_responsive_height":"","_coblocks_accordion_ie_support":"","jetpack_post_was_ever_published":false,"_jetpack_newsletter_access":"","_jetpack_dont_email_post_to_subs":false,"_jetpack_newsletter_tier_id":0,"_jetpack_memberships_contains_paywalled_content":false,"_jetpack_memberships_contains_paid_content":false,"footnotes":"","jetpack_publicize_message":"","jetpack_publicize_feature_enabled":true,"jetpack_social_post_already_shared":true,"jetpack_social_options":{"image_generator_settings":{"template":"highway","default_image_id":0,"enabled":false},"version":2}},"categories":[1161,44,6937],"tags":[],"class_list":["post-77757","post","type-post","status-publish","format-standard","has-post-thumbnail","hentry","category-ciudadania","category-noticias-de-hoy","category-sociedad"],"jetpack_publicize_connections":[],"jetpack_featured_media_url":"https:\/\/i0.wp.com\/miradordeatarfe.es\/wp-content\/uploads\/2025\/06\/3-terraza-kuKE-U23021445303382jC-1200x840%40RC.webp?fit=1200%2C840&ssl=1","jetpack_likes_enabled":true,"jetpack_sharing_enabled":true,"_links":{"self":[{"href":"https:\/\/miradordeatarfe.es\/index.php?rest_route=\/wp\/v2\/posts\/77757","targetHints":{"allow":["GET"]}}],"collection":[{"href":"https:\/\/miradordeatarfe.es\/index.php?rest_route=\/wp\/v2\/posts"}],"about":[{"href":"https:\/\/miradordeatarfe.es\/index.php?rest_route=\/wp\/v2\/types\/post"}],"author":[{"embeddable":true,"href":"https:\/\/miradordeatarfe.es\/index.php?rest_route=\/wp\/v2\/users\/1"}],"replies":[{"embeddable":true,"href":"https:\/\/miradordeatarfe.es\/index.php?rest_route=%2Fwp%2Fv2%2Fcomments&post=77757"}],"version-history":[{"count":1,"href":"https:\/\/miradordeatarfe.es\/index.php?rest_route=\/wp\/v2\/posts\/77757\/revisions"}],"predecessor-version":[{"id":77759,"href":"https:\/\/miradordeatarfe.es\/index.php?rest_route=\/wp\/v2\/posts\/77757\/revisions\/77759"}],"wp:featuredmedia":[{"embeddable":true,"href":"https:\/\/miradordeatarfe.es\/index.php?rest_route=\/wp\/v2\/media\/77758"}],"wp:attachment":[{"href":"https:\/\/miradordeatarfe.es\/index.php?rest_route=%2Fwp%2Fv2%2Fmedia&parent=77757"}],"wp:term":[{"taxonomy":"category","embeddable":true,"href":"https:\/\/miradordeatarfe.es\/index.php?rest_route=%2Fwp%2Fv2%2Fcategories&post=77757"},{"taxonomy":"post_tag","embeddable":true,"href":"https:\/\/miradordeatarfe.es\/index.php?rest_route=%2Fwp%2Fv2%2Ftags&post=77757"}],"curies":[{"name":"wp","href":"https:\/\/api.w.org\/{rel}","templated":true}]}}