{"id":77797,"date":"2025-06-26T10:29:00","date_gmt":"2025-06-26T08:29:00","guid":{"rendered":"https:\/\/miradordeatarfe.es\/?p=77797"},"modified":"2025-06-26T09:37:26","modified_gmt":"2025-06-26T07:37:26","slug":"el-rock-vuelve-a-sonar-en-atarfe","status":"publish","type":"post","link":"https:\/\/miradordeatarfe.es\/?p=77797","title":{"rendered":"\u00a1El rock vuelve a sonar en Atarfe!\u00a0"},"content":{"rendered":"\n<p>Prep\u00e1rate para una noche de Rock en el Tarambana Sound Festival<\/p>\n\n\n\n<p>&#8211;\u00a0<strong>Paseo de Santa Ana \u2013 Atarfe<br \/>&#8211;\u00a0S\u00e1bado 28 de junio<br \/>&#8211;\u00a0Desde las 20:00 h<br \/>&#8211;\u00a0Entrada gratuita<\/strong><\/p>\n\n\n\n<p class=\"has-large-font-size\">En el Escenario:<br \/>&#8211;\u00a0<strong>Mateo Ortega \u2013 Vibrant Blues <\/strong>con alma americana<\/p>\n\n\n\n<p class=\"has-medium-font-size\">Una cita gratuita que te transportar\u00e1 a Norteam\u00e9rica a trav\u00e9s de su voz y guitarra. Mateo Ortega en ac\u00fastico. Sonidos de ra\u00edces pasando del Folk al Country hasta el Blues m\u00e1s primitivo.<\/p>\n\n\n\n<figure class=\"wp-block-image size-full\"><img data-recalc-dims=\"1\" loading=\"lazy\" decoding=\"async\" width=\"543\" height=\"363\" src=\"https:\/\/i0.wp.com\/miradordeatarfe.es\/wp-content\/uploads\/2025\/06\/MATEO-ORTEGA-formatonewsletter.jpg.png?resize=543%2C363&#038;ssl=1\" alt=\"\" class=\"wp-image-77801\" srcset=\"https:\/\/i0.wp.com\/miradordeatarfe.es\/wp-content\/uploads\/2025\/06\/MATEO-ORTEGA-formatonewsletter.jpg.png?w=543&amp;ssl=1 543w, https:\/\/i0.wp.com\/miradordeatarfe.es\/wp-content\/uploads\/2025\/06\/MATEO-ORTEGA-formatonewsletter.jpg.png?resize=300%2C201&amp;ssl=1 300w\" sizes=\"auto, (max-width: 543px) 100vw, 543px\" \/><\/figure>\n\n\n\n<p class=\"has-large-font-size\">&#8211;<strong>\u00a0Andy Cort\u00e9s \u2013<\/strong><\/p>\n\n\n\n<p> Blues con emoci\u00f3n pura y energ\u00eda en directo. ondinense aunque residente actualmente en la Alpujarra grana\u00edna, Andy Cort\u00e9s es compositor, guitarrista, cantante y productor. Sus registros muy variados van desde el folk y la americana m\u00e1s experimental al blues m\u00e1s aguerrido, habiendo colaborado con m\u00fasicos del calibre de Ron Wood, Alicia Kays o el legendario Buddy Guy.<\/p>\n\n\n\n<figure class=\"wp-block-image size-full\"><img data-recalc-dims=\"1\" loading=\"lazy\" decoding=\"async\" width=\"640\" height=\"641\" src=\"https:\/\/i0.wp.com\/miradordeatarfe.es\/wp-content\/uploads\/2025\/06\/a_andycortes.jpg?resize=640%2C641&#038;ssl=1\" alt=\"\" class=\"wp-image-77800\" srcset=\"https:\/\/i0.wp.com\/miradordeatarfe.es\/wp-content\/uploads\/2025\/06\/a_andycortes.jpg?w=960&amp;ssl=1 960w, https:\/\/i0.wp.com\/miradordeatarfe.es\/wp-content\/uploads\/2025\/06\/a_andycortes.jpg?resize=300%2C300&amp;ssl=1 300w, https:\/\/i0.wp.com\/miradordeatarfe.es\/wp-content\/uploads\/2025\/06\/a_andycortes.jpg?resize=150%2C150&amp;ssl=1 150w, https:\/\/i0.wp.com\/miradordeatarfe.es\/wp-content\/uploads\/2025\/06\/a_andycortes.jpg?resize=768%2C769&amp;ssl=1 768w\" sizes=\"auto, (max-width: 640px) 100vw, 640px\" \/><\/figure>\n\n\n\n<p class=\"has-large-font-size\"><br \/>&#8211;\u00a0<strong>The Fixed Tr\u00edo <\/strong>\u2013 Rock noventero con alma de blues<\/p>\n\n\n\n<p class=\"has-medium-font-size\">The Fixed Tr\u00edo (Juan Justicia, Alex P\u00e9rez y Sergio Flores) es una joven banda granadina que a pesar de su corta trayectoria consiguieron alzarse en abril de 2019 con el primer premio de la Batalla de Bandas de Blues de Cazorla.<\/p>\n\n\n\n<p>El joven power tr\u00edo granadino edit\u00f3 en 2023 su primer \u00e1lbum \u00abTALLADEGA\u00bb, donde su caracter\u00edstico blues rock integra nuevos sonidos a la banda que remontan a la d\u00e9cada de los noventa. Dejan ver la redirecci\u00f3n de su nuevo estilo en el single \u201cSomehow\u201d a la par de no olvidar sus ra\u00edces sure\u00f1as con temas como \u00abNice!\u00bb<\/p>\n\n\n\n<p class=\"has-large-font-size\">&#8211;\u00a0Irbis \u2013 Los mejores covers del grunge<\/p>\n\n\n\n<figure class=\"wp-block-image size-full\"><img data-recalc-dims=\"1\" loading=\"lazy\" decoding=\"async\" width=\"640\" height=\"425\" src=\"https:\/\/i0.wp.com\/miradordeatarfe.es\/wp-content\/uploads\/2025\/06\/a_thefixed.jpg?resize=640%2C425&#038;ssl=1\" alt=\"\" class=\"wp-image-77803\" srcset=\"https:\/\/i0.wp.com\/miradordeatarfe.es\/wp-content\/uploads\/2025\/06\/a_thefixed.jpg?w=760&amp;ssl=1 760w, https:\/\/i0.wp.com\/miradordeatarfe.es\/wp-content\/uploads\/2025\/06\/a_thefixed.jpg?resize=300%2C199&amp;ssl=1 300w\" sizes=\"auto, (max-width: 640px) 100vw, 640px\" \/><\/figure>\n\n\n\n<p class=\"has-medium-font-size\">La m\u00fasica de IRBIS destaca por su singularidad y su capacidad para emocionar. Sus letras, profundas y nunca banales, exploran los matices del alma humana, narrando historias reales y vividas con una intensidad que no deja indiferente. Su voz, expresiva y vers\u00e1til, se adapta a la perfecci\u00f3n a las diferentes facetas de su m\u00fasica, pasando de momentos de ira y frustraci\u00f3n a delicadezas po\u00e9ticas con sorprendente naturalidad. La cr\u00edtica lo ha elogiado por su originalidad, su talento indiscutible y su capacidad para comunicar emociones aut\u00e9nticas a trav\u00e9s de la m\u00fasica, reconoci\u00e9ndolo como un artista capaz de dejar huella en la escena musical italiana.<\/p>\n\n\n\n<figure class=\"wp-block-image size-full\"><img data-recalc-dims=\"1\" loading=\"lazy\" decoding=\"async\" width=\"611\" height=\"588\" src=\"https:\/\/i0.wp.com\/miradordeatarfe.es\/wp-content\/uploads\/2025\/06\/Screenshot-2025-06-24-at-12-50-22-20-Facebook.png?resize=611%2C588&#038;ssl=1\" alt=\"\" class=\"wp-image-77802\" srcset=\"https:\/\/i0.wp.com\/miradordeatarfe.es\/wp-content\/uploads\/2025\/06\/Screenshot-2025-06-24-at-12-50-22-20-Facebook.png?w=611&amp;ssl=1 611w, https:\/\/i0.wp.com\/miradordeatarfe.es\/wp-content\/uploads\/2025\/06\/Screenshot-2025-06-24-at-12-50-22-20-Facebook.png?resize=300%2C289&amp;ssl=1 300w\" sizes=\"auto, (max-width: 611px) 100vw, 611px\" \/><\/figure>\n\n\n\n<p class=\"has-large-font-size\"><strong>\u00a0The Malcolm\u2019s \u2013 \u00a1Tributo explosivo a AC\/DC!<\/strong><\/p>\n\n\n\n<p>Locura de s\u00e1bado tenemos esta semana. Gran estreno de este nuevo tributo a ACDC que irrumpe en ATARFE, <a href=\"https:\/\/www.facebook.com\/profile.php?id=61561455782570&amp;__cft__[0]=AZW47KAaTFwUcBBl9Md30gHOtkWbZ2_dEw8jWb1a-l2AQBDO6YmcJi5UPlZiVlOydksAvHDSETB3sJnjZKNI27xiUKLpHX_be7GOuECNJLsyCw&amp;__tn__=-]K-R\">The Malcolms <\/a>. Una gran selecci\u00f3n de algunos de los mejores temas de la banda australiana, tanto de la \u00e9poca de Bon Scott, como con Brian Johnson. Una gran representaci\u00f3n del sonido atronador que les representa.<\/p>\n\n\n\n<figure class=\"wp-block-image size-full\"><img data-recalc-dims=\"1\" loading=\"lazy\" decoding=\"async\" width=\"365\" height=\"406\" src=\"https:\/\/i0.wp.com\/miradordeatarfe.es\/wp-content\/uploads\/2025\/06\/Screenshot-2025-06-24-at-13-07-19-20-The-Malcolms-Facebook.png?resize=365%2C406&#038;ssl=1\" alt=\"\" class=\"wp-image-77804\" srcset=\"https:\/\/i0.wp.com\/miradordeatarfe.es\/wp-content\/uploads\/2025\/06\/Screenshot-2025-06-24-at-13-07-19-20-The-Malcolms-Facebook.png?w=365&amp;ssl=1 365w, https:\/\/i0.wp.com\/miradordeatarfe.es\/wp-content\/uploads\/2025\/06\/Screenshot-2025-06-24-at-13-07-19-20-The-Malcolms-Facebook.png?resize=270%2C300&amp;ssl=1 270w\" sizes=\"auto, (max-width: 365px) 100vw, 365px\" \/><\/figure>\n\n\n\n<p class=\"has-large-font-size\">FOOD &#8211;&nbsp; DRINKS &#8211;&nbsp; LOVE &#8211;&nbsp; ROCK<\/p>\n\n\n\n<p class=\"has-large-font-size\">Celebra el Rock en una noche \u00fanica de verano<\/p>\n\n\n\n<figure class=\"wp-block-image size-full\"><img data-recalc-dims=\"1\" loading=\"lazy\" decoding=\"async\" width=\"600\" height=\"750\" src=\"https:\/\/i0.wp.com\/miradordeatarfe.es\/wp-content\/uploads\/2025\/06\/festival-tarambana.jpg?resize=600%2C750&#038;ssl=1\" alt=\"\" class=\"wp-image-77798\" srcset=\"https:\/\/i0.wp.com\/miradordeatarfe.es\/wp-content\/uploads\/2025\/06\/festival-tarambana.jpg?w=600&amp;ssl=1 600w, https:\/\/i0.wp.com\/miradordeatarfe.es\/wp-content\/uploads\/2025\/06\/festival-tarambana.jpg?resize=240%2C300&amp;ssl=1 240w\" sizes=\"auto, (max-width: 600px) 100vw, 600px\" \/><\/figure>\n","protected":false},"excerpt":{"rendered":"<p>Prep\u00e1rate para una noche de Rock en el Tarambana Sound Festival &#8211;\u00a0Paseo de Santa Ana&#8230;<\/p>\n","protected":false},"author":1,"featured_media":77799,"comment_status":"closed","ping_status":"closed","sticky":false,"template":"","format":"standard","meta":{"_coblocks_attr":"","_coblocks_dimensions":"","_coblocks_responsive_height":"","_coblocks_accordion_ie_support":"","jetpack_post_was_ever_published":false,"_jetpack_newsletter_access":"","_jetpack_dont_email_post_to_subs":false,"_jetpack_newsletter_tier_id":0,"_jetpack_memberships_contains_paywalled_content":false,"_jetpack_memberships_contains_paid_content":false,"footnotes":"","jetpack_publicize_message":"","jetpack_publicize_feature_enabled":true,"jetpack_social_post_already_shared":true,"jetpack_social_options":{"image_generator_settings":{"template":"highway","default_image_id":0,"enabled":false},"version":2}},"categories":[1161,186,44],"tags":[],"class_list":["post-77797","post","type-post","status-publish","format-standard","has-post-thumbnail","hentry","category-ciudadania","category-instituciones","category-noticias-de-hoy"],"jetpack_publicize_connections":[],"jetpack_featured_media_url":"https:\/\/i0.wp.com\/miradordeatarfe.es\/wp-content\/uploads\/2025\/06\/tarambana-plaza.jpg?fit=900%2C500&ssl=1","jetpack_likes_enabled":true,"jetpack_sharing_enabled":true,"_links":{"self":[{"href":"https:\/\/miradordeatarfe.es\/index.php?rest_route=\/wp\/v2\/posts\/77797","targetHints":{"allow":["GET"]}}],"collection":[{"href":"https:\/\/miradordeatarfe.es\/index.php?rest_route=\/wp\/v2\/posts"}],"about":[{"href":"https:\/\/miradordeatarfe.es\/index.php?rest_route=\/wp\/v2\/types\/post"}],"author":[{"embeddable":true,"href":"https:\/\/miradordeatarfe.es\/index.php?rest_route=\/wp\/v2\/users\/1"}],"replies":[{"embeddable":true,"href":"https:\/\/miradordeatarfe.es\/index.php?rest_route=%2Fwp%2Fv2%2Fcomments&post=77797"}],"version-history":[{"count":1,"href":"https:\/\/miradordeatarfe.es\/index.php?rest_route=\/wp\/v2\/posts\/77797\/revisions"}],"predecessor-version":[{"id":77805,"href":"https:\/\/miradordeatarfe.es\/index.php?rest_route=\/wp\/v2\/posts\/77797\/revisions\/77805"}],"wp:featuredmedia":[{"embeddable":true,"href":"https:\/\/miradordeatarfe.es\/index.php?rest_route=\/wp\/v2\/media\/77799"}],"wp:attachment":[{"href":"https:\/\/miradordeatarfe.es\/index.php?rest_route=%2Fwp%2Fv2%2Fmedia&parent=77797"}],"wp:term":[{"taxonomy":"category","embeddable":true,"href":"https:\/\/miradordeatarfe.es\/index.php?rest_route=%2Fwp%2Fv2%2Fcategories&post=77797"},{"taxonomy":"post_tag","embeddable":true,"href":"https:\/\/miradordeatarfe.es\/index.php?rest_route=%2Fwp%2Fv2%2Ftags&post=77797"}],"curies":[{"name":"wp","href":"https:\/\/api.w.org\/{rel}","templated":true}]}}