{"id":77833,"date":"2025-06-27T11:00:00","date_gmt":"2025-06-27T09:00:00","guid":{"rendered":"https:\/\/miradordeatarfe.es\/?p=77833"},"modified":"2025-06-27T13:42:32","modified_gmt":"2025-06-27T11:42:32","slug":"el-ultimo-domingo-de-abril-tuvo-lugar-el-ii-certamen-de-pintura-al-aire-libre-ciudad-de-atarfe","status":"publish","type":"post","link":"https:\/\/miradordeatarfe.es\/?p=77833","title":{"rendered":"\u00abLOS CERT\u00c1MENES DE PINTURA AL AIRE LIBRE\u00bbpor Jos\u00e9 Enrique Granados"},"content":{"rendered":"\n<p class=\"has-medium-font-size\">El \u00faltimo domingo de abril de 2025 tuvo lugar el II certamen de pintura al aire libre \u201cCiudad de Atarfe\u201d<strong>En \u00e9l, participaron un elevado n\u00famero de artistas que plasmaron en sus lienzos su particular visi\u00f3n de las calles y rincones de nuestro pueblo.<\/strong><\/p>\n\n\n\n<p>Me he manifestado y dejado por escrito en m\u00e1s de una ocasi\u00f3n, la enorme ilusi\u00f3n que me hace ver, como desparramados por el entramado callejero atarfe\u00f1o, emergen caballetes y lienzos que poco a poco se van transformando en una amalgama de trazos y sinfon\u00eda de colores, para recrear los paisajes urbanos que nos identifican.<\/p>\n\n\n\n<p>Ese domingo recorr\u00ed los espacios donde a priori, yo pensaba que estar\u00edan apostados los participantes. Vi a bastantes, no a todos. Ese deambular me hizo pensar los motivos por los que, en Atarfe, siempre comenzamos de nuevo. El concurso se anunci\u00f3 como \u201cII certamen\u201d. Que yo recuerde entre 2004 y 2008 se celebraron cinco ediciones de este concurso. \u00bfTan dif\u00edcil resulta concatenar y mantener viva una actividad que se asiente como algo tradicional? \u00bfO es que conmigo comenz\u00f3 todo?<\/p>\n\n\n\n<p>En la imagen, \u201cLuces y sombras, plaza de Espa\u00f1a\u201d obra ganadora de este certamen en su modalidad general cuyo autor es Adri\u00e1n Marmolejo Llaret.<\/p>\n\n\n\n<p>Gacetilla y curiosidades elvirenses.<\/p>\n","protected":false},"excerpt":{"rendered":"<p>El \u00faltimo domingo de abril de 2025 tuvo lugar el II certamen de pintura al&#8230;<\/p>\n","protected":false},"author":1,"featured_media":77834,"comment_status":"closed","ping_status":"closed","sticky":false,"template":"","format":"standard","meta":{"_coblocks_attr":"","_coblocks_dimensions":"","_coblocks_responsive_height":"","_coblocks_accordion_ie_support":"","jetpack_post_was_ever_published":false,"_jetpack_newsletter_access":"","_jetpack_dont_email_post_to_subs":false,"_jetpack_newsletter_tier_id":0,"_jetpack_memberships_contains_paywalled_content":false,"_jetpack_memberships_contains_paid_content":false,"footnotes":"","jetpack_publicize_message":"","jetpack_publicize_feature_enabled":true,"jetpack_social_post_already_shared":true,"jetpack_social_options":{"image_generator_settings":{"template":"highway","default_image_id":0,"enabled":false},"version":2}},"categories":[6916,38,44,6937],"tags":[],"class_list":["post-77833","post","type-post","status-publish","format-standard","has-post-thumbnail","hentry","category-ayuntamiento-de-atarfe","category-opinion-de-jose-enrique-granados","category-noticias-de-hoy","category-sociedad"],"jetpack_publicize_connections":[],"jetpack_featured_media_url":"https:\/\/i0.wp.com\/miradordeatarfe.es\/wp-content\/uploads\/2025\/06\/504198392_1256702209796592_2649893056531225523_n.jpg?fit=700%2C540&ssl=1","jetpack_likes_enabled":true,"jetpack_sharing_enabled":true,"_links":{"self":[{"href":"https:\/\/miradordeatarfe.es\/index.php?rest_route=\/wp\/v2\/posts\/77833","targetHints":{"allow":["GET"]}}],"collection":[{"href":"https:\/\/miradordeatarfe.es\/index.php?rest_route=\/wp\/v2\/posts"}],"about":[{"href":"https:\/\/miradordeatarfe.es\/index.php?rest_route=\/wp\/v2\/types\/post"}],"author":[{"embeddable":true,"href":"https:\/\/miradordeatarfe.es\/index.php?rest_route=\/wp\/v2\/users\/1"}],"replies":[{"embeddable":true,"href":"https:\/\/miradordeatarfe.es\/index.php?rest_route=%2Fwp%2Fv2%2Fcomments&post=77833"}],"version-history":[{"count":3,"href":"https:\/\/miradordeatarfe.es\/index.php?rest_route=\/wp\/v2\/posts\/77833\/revisions"}],"predecessor-version":[{"id":77866,"href":"https:\/\/miradordeatarfe.es\/index.php?rest_route=\/wp\/v2\/posts\/77833\/revisions\/77866"}],"wp:featuredmedia":[{"embeddable":true,"href":"https:\/\/miradordeatarfe.es\/index.php?rest_route=\/wp\/v2\/media\/77834"}],"wp:attachment":[{"href":"https:\/\/miradordeatarfe.es\/index.php?rest_route=%2Fwp%2Fv2%2Fmedia&parent=77833"}],"wp:term":[{"taxonomy":"category","embeddable":true,"href":"https:\/\/miradordeatarfe.es\/index.php?rest_route=%2Fwp%2Fv2%2Fcategories&post=77833"},{"taxonomy":"post_tag","embeddable":true,"href":"https:\/\/miradordeatarfe.es\/index.php?rest_route=%2Fwp%2Fv2%2Ftags&post=77833"}],"curies":[{"name":"wp","href":"https:\/\/api.w.org\/{rel}","templated":true}]}}