{"id":77841,"date":"2025-06-28T10:30:00","date_gmt":"2025-06-28T08:30:00","guid":{"rendered":"https:\/\/miradordeatarfe.es\/?p=77841"},"modified":"2025-06-26T13:05:47","modified_gmt":"2025-06-26T11:05:47","slug":"atarfe-capital-del-orgullo-el-dia-29-por-la-tarde","status":"publish","type":"post","link":"https:\/\/miradordeatarfe.es\/?p=77841","title":{"rendered":"Atarfe, capital del Orgullo el d\u00eda 29 por la tarde"},"content":{"rendered":"\n<p class=\"has-medium-font-size\"><strong>Este domingo 29 de junio, volvemos a llenar nuestras calles de color, libertad, diversidad y orgullo.<\/strong><\/p>\n\n\n\n<p>El Orgullo LGTBIQ+ 2025 en Atarfe volver\u00e1 a convertir la ciudad en el epicentro de la diversidad, la reivindicaci\u00f3n y la celebraci\u00f3n. Este a\u00f1o, las fiestas se celebran del <strong>29  de julio<\/strong>, con el siguiente programa<\/p>\n\n\n\n<p><strong>20:00 h | DESFILE DEL ORGULLO<\/strong><br \/>Salida desde la Plaza de Toros hasta el Paseo de Santa Ana.<br \/>Participa, acompa\u00f1a nuestras carrozas, trae tu pancarta, viste tus colores. \u00a1Hazte ver, hazte o\u00edr!<\/p>\n\n\n\n<p><strong>21:00 h | FIESTA DEL ORGULLO<\/strong><br \/>En el Paseo de Santa Ana<br \/>&#8211;&nbsp;Lectura del Preg\u00f3n del Orgullo<br \/>.-&nbsp;Actuaciones para celebrar el amor y la diversidad<br \/>&#8211; 22:30 h | Concierto de \u201cLa Blanca y el Negro\u201d<\/p>\n\n\n\n<p>Hay dias en las que ATARFE<strong><a href=\"https:\/\/www.elconfidencial.com\/tags\/lugares\/madrid-13112\/\"> <\/a>late distinto<\/strong>, como si  susurrara libertad al o\u00eddo y cada balc\u00f3n ondeara una historia. Se avecina una de esas fechas en las que el ruido se convierte en mensaje y la fiesta en bandera. ATARFE volver\u00e1 a vestirse de arco\u00edris, maquillaje brillante y banderas multicolor para acoger uno de los <strong>eventos m\u00e1s FESTIVOS<\/strong> <strong>del calendario Atarfe\u00f1o<\/strong><\/p>\n\n\n\n<p>Porque el Orgullo es alegr\u00eda, lucha, visibilidad y derechos. Porque en Atarfe celebramos el amor en todas sus formas. \u00a1Ven, baila, grita y siente el Orgullo!<\/p>\n\n\n\n<figure class=\"wp-block-image size-full\"><img data-recalc-dims=\"1\" loading=\"lazy\" decoding=\"async\" width=\"600\" height=\"750\" src=\"https:\/\/i0.wp.com\/miradordeatarfe.es\/wp-content\/uploads\/2025\/06\/orgullo-atarfe-2025.jpg?resize=600%2C750&#038;ssl=1\" alt=\"\" class=\"wp-image-77842\" srcset=\"https:\/\/i0.wp.com\/miradordeatarfe.es\/wp-content\/uploads\/2025\/06\/orgullo-atarfe-2025.jpg?w=600&amp;ssl=1 600w, https:\/\/i0.wp.com\/miradordeatarfe.es\/wp-content\/uploads\/2025\/06\/orgullo-atarfe-2025.jpg?resize=240%2C300&amp;ssl=1 240w\" sizes=\"auto, (max-width: 600px) 100vw, 600px\" \/><\/figure>\n","protected":false},"excerpt":{"rendered":"<p>Este domingo 29 de junio, volvemos a llenar nuestras calles de color, libertad, diversidad y&#8230;<\/p>\n","protected":false},"author":1,"featured_media":77843,"comment_status":"closed","ping_status":"closed","sticky":false,"template":"","format":"standard","meta":{"_coblocks_attr":"","_coblocks_dimensions":"","_coblocks_responsive_height":"","_coblocks_accordion_ie_support":"","jetpack_post_was_ever_published":false,"_jetpack_newsletter_access":"","_jetpack_dont_email_post_to_subs":false,"_jetpack_newsletter_tier_id":0,"_jetpack_memberships_contains_paywalled_content":false,"_jetpack_memberships_contains_paid_content":false,"footnotes":"","jetpack_publicize_message":"","jetpack_publicize_feature_enabled":true,"jetpack_social_post_already_shared":true,"jetpack_social_options":{"image_generator_settings":{"template":"highway","default_image_id":0,"enabled":false},"version":2}},"categories":[1161,186,44,1],"tags":[],"class_list":["post-77841","post","type-post","status-publish","format-standard","has-post-thumbnail","hentry","category-ciudadania","category-instituciones","category-noticias-de-hoy","category-uncategorized"],"jetpack_publicize_connections":[],"jetpack_featured_media_url":"https:\/\/i0.wp.com\/miradordeatarfe.es\/wp-content\/uploads\/2025\/06\/orgullo1-kDEI-U503219209966p4G-1200x840%40abc.webp?fit=1200%2C840&ssl=1","jetpack_likes_enabled":true,"jetpack_sharing_enabled":true,"_links":{"self":[{"href":"https:\/\/miradordeatarfe.es\/index.php?rest_route=\/wp\/v2\/posts\/77841","targetHints":{"allow":["GET"]}}],"collection":[{"href":"https:\/\/miradordeatarfe.es\/index.php?rest_route=\/wp\/v2\/posts"}],"about":[{"href":"https:\/\/miradordeatarfe.es\/index.php?rest_route=\/wp\/v2\/types\/post"}],"author":[{"embeddable":true,"href":"https:\/\/miradordeatarfe.es\/index.php?rest_route=\/wp\/v2\/users\/1"}],"replies":[{"embeddable":true,"href":"https:\/\/miradordeatarfe.es\/index.php?rest_route=%2Fwp%2Fv2%2Fcomments&post=77841"}],"version-history":[{"count":1,"href":"https:\/\/miradordeatarfe.es\/index.php?rest_route=\/wp\/v2\/posts\/77841\/revisions"}],"predecessor-version":[{"id":77844,"href":"https:\/\/miradordeatarfe.es\/index.php?rest_route=\/wp\/v2\/posts\/77841\/revisions\/77844"}],"wp:featuredmedia":[{"embeddable":true,"href":"https:\/\/miradordeatarfe.es\/index.php?rest_route=\/wp\/v2\/media\/77843"}],"wp:attachment":[{"href":"https:\/\/miradordeatarfe.es\/index.php?rest_route=%2Fwp%2Fv2%2Fmedia&parent=77841"}],"wp:term":[{"taxonomy":"category","embeddable":true,"href":"https:\/\/miradordeatarfe.es\/index.php?rest_route=%2Fwp%2Fv2%2Fcategories&post=77841"},{"taxonomy":"post_tag","embeddable":true,"href":"https:\/\/miradordeatarfe.es\/index.php?rest_route=%2Fwp%2Fv2%2Ftags&post=77841"}],"curies":[{"name":"wp","href":"https:\/\/api.w.org\/{rel}","templated":true}]}}