{"id":77853,"date":"2025-06-28T11:00:00","date_gmt":"2025-06-28T09:00:00","guid":{"rendered":"https:\/\/miradordeatarfe.es\/?p=77853"},"modified":"2025-06-26T13:05:26","modified_gmt":"2025-06-26T11:05:26","slug":"la-atarfena-alba-sanchez-de-de-marte-a-la-luna-pasando-por-granada","status":"publish","type":"post","link":"https:\/\/miradordeatarfe.es\/?p=77853","title":{"rendered":"La atarfe\u00f1a ALBA S\u00e1nchez \u00abDe De Marte a la Luna pasando por Granada\u00bb"},"content":{"rendered":"\n<p class=\"has-medium-font-size\"><strong>Alba S\u00e1nchez, tras su paso por el &#8216;otro&#8217; planeta rojo en el desierto de Utah, marcha a Lunares, una estaci\u00f3n en Polonia que simula la vida en el sat\u00e9lite y donde se aislar\u00e1 durante 14 d\u00edas<\/strong><\/p>\n\n\n\n<p>La \u00faltima vez que Alba entr\u00f3 en el Parque de las Ciencias de Granada a\u00fan no hab\u00eda pisado Marte. <a href=\"https:\/\/www.ideal.es\/granada\/granadina-marte-20240108234610-nt.html\">El Marte del desierto de Utah<\/a>, claro. La granadina y biotecn\u00f3loga de 29 a\u00f1os form\u00f3 parte de la tripulaci\u00f3n que se aisl\u00f3 durante dos semanas en la estaci\u00f3n experimental que simula la vida en el planeta rojo. \u00abQu\u00e9 pasada\u00bb, exclama la joven al ver el esqueleto de dinosaurio que recibe a los visitantes del museo. \u00abAunque yo me los imaginaba m\u00e1s grandes\u00bb, dice divertida mientras recorre el hall y se adentra en la sala espacial, donde un mont\u00f3n de ni\u00f1os atienden a Fernando, monitor del Parque: \u00abLa Luna es una gran roca que va dando vueltas alrededor de la Tierra\u00bb, explica mientras se\u00f1ala al techo. All\u00ed en lo alto, rodeado de paredes negras e infinitas como el universo, hay una Luna enorme, preciosa y brillante que provoca una sonrisa c\u00f3mplice en Alba. \u00abEsta s\u00ed que es grande\u00bb.<\/p>\n\n\n\n<p>Tras <a href=\"https:\/\/www.ideal.es\/culturas\/granadina-conquisto-marte-cambiado-vida-20240501232559-nt.html\">vivir la misi\u00f3n en Marte<\/a>, Alba decidi\u00f3 <a href=\"https:\/\/www.ideal.es\/navidad-en-granada\/marte-descubri-queria-personal-profesionalmente-20241230115849-nt.html\">continuar su carrera profesional<\/a> por ese \u00e1mbito de la investigaci\u00f3n. Leyendo un art\u00edculo cient\u00edfico, encontr\u00f3 una lista de otras estaciones similares a la de Utah y una llam\u00f3 su atenci\u00f3n: Lunares. \u00abEra la \u00fanica de Europa y pod\u00edas solicitar ser parte en alguna de sus misiones. Lo hice. Y el 2 de mayo, estando en Playa Granada de comida con la familia, me lleg\u00f3 el correo y me volv\u00ed loca: me iba a la Luna\u00bb.<\/p>\n\n\n\n<p>Alba S\u00e1nchez Montalvo es una de las seis personas que se confinar\u00e1n durante dos semanas, del 9 al 26 de julio, en la Luna. O lo m\u00e1s parecido a vivir en la Luna sin salir de nuestro planeta: la estaci\u00f3n Lunares, ubicada en la ciudad de Pila, al noroeste de Polonia. Una base de 250 metros cuadrados construida en un b\u00fanker por la empresa Space Is More. Un entorno \u00fanico en Europa para realizar la investigaci\u00f3n m\u00e1s puntera. \u00abUna vez que entremos, la instalaci\u00f3n se cierra herm\u00e9ticamente \u2013dice Alba\u2013. No hay ruido ni nada del exterior. Hasta los ciclos de luz son artificiales, como en la Estaci\u00f3n Espacial Internacional\u00bb. Im\u00e1genes de Lunares, zona de laboratorios y de exploraci\u00f3n.<\/p>\n\n\n\n<figure class=\"wp-block-gallery has-nested-images columns-default is-cropped wp-block-gallery-1 is-layout-flex wp-block-gallery-is-layout-flex\">\n<figure class=\"wp-block-image size-large\"><img data-recalc-dims=\"1\" loading=\"lazy\" decoding=\"async\" width=\"640\" height=\"749\" data-id=\"77854\" src=\"https:\/\/i0.wp.com\/miradordeatarfe.es\/wp-content\/uploads\/2025\/06\/lunares-1-kXM-711x841%40Ideal.webp?resize=640%2C749&#038;ssl=1\" alt=\"\" class=\"wp-image-77854\" srcset=\"https:\/\/i0.wp.com\/miradordeatarfe.es\/wp-content\/uploads\/2025\/06\/lunares-1-kXM-711x841%40Ideal.webp?w=711&amp;ssl=1 711w, https:\/\/i0.wp.com\/miradordeatarfe.es\/wp-content\/uploads\/2025\/06\/lunares-1-kXM-711x841%40Ideal.webp?resize=256%2C300&amp;ssl=1 256w\" sizes=\"auto, (max-width: 640px) 100vw, 640px\" \/><\/figure>\n\n\n\n<figure class=\"wp-block-image size-large\"><img data-recalc-dims=\"1\" loading=\"lazy\" decoding=\"async\" width=\"640\" height=\"454\" data-id=\"77855\" src=\"https:\/\/i0.wp.com\/miradordeatarfe.es\/wp-content\/uploads\/2025\/06\/lunares-2-kXM-1200x851%40Ideal.webp?resize=640%2C454&#038;ssl=1\" alt=\"\" class=\"wp-image-77855\" srcset=\"https:\/\/i0.wp.com\/miradordeatarfe.es\/wp-content\/uploads\/2025\/06\/lunares-2-kXM-1200x851%40Ideal.webp?resize=1024%2C726&amp;ssl=1 1024w, https:\/\/i0.wp.com\/miradordeatarfe.es\/wp-content\/uploads\/2025\/06\/lunares-2-kXM-1200x851%40Ideal.webp?resize=300%2C213&amp;ssl=1 300w, https:\/\/i0.wp.com\/miradordeatarfe.es\/wp-content\/uploads\/2025\/06\/lunares-2-kXM-1200x851%40Ideal.webp?resize=768%2C545&amp;ssl=1 768w, https:\/\/i0.wp.com\/miradordeatarfe.es\/wp-content\/uploads\/2025\/06\/lunares-2-kXM-1200x851%40Ideal.webp?w=1200&amp;ssl=1 1200w\" sizes=\"auto, (max-width: 640px) 100vw, 640px\" \/><\/figure>\n\n\n\n<figure class=\"wp-block-image size-large\"><img data-recalc-dims=\"1\" loading=\"lazy\" decoding=\"async\" width=\"640\" height=\"448\" data-id=\"77856\" src=\"https:\/\/i0.wp.com\/miradordeatarfe.es\/wp-content\/uploads\/2025\/06\/lunares-5-kXM-1200x841%40Ideal.webp?resize=640%2C448&#038;ssl=1\" alt=\"\" class=\"wp-image-77856\" srcset=\"https:\/\/i0.wp.com\/miradordeatarfe.es\/wp-content\/uploads\/2025\/06\/lunares-5-kXM-1200x841%40Ideal.webp?resize=1024%2C716&amp;ssl=1 1024w, https:\/\/i0.wp.com\/miradordeatarfe.es\/wp-content\/uploads\/2025\/06\/lunares-5-kXM-1200x841%40Ideal.webp?resize=300%2C210&amp;ssl=1 300w, https:\/\/i0.wp.com\/miradordeatarfe.es\/wp-content\/uploads\/2025\/06\/lunares-5-kXM-1200x841%40Ideal.webp?resize=768%2C537&amp;ssl=1 768w, https:\/\/i0.wp.com\/miradordeatarfe.es\/wp-content\/uploads\/2025\/06\/lunares-5-kXM-1200x841%40Ideal.webp?w=1200&amp;ssl=1 1200w\" sizes=\"auto, (max-width: 640px) 100vw, 640px\" \/><\/figure>\n<\/figure>\n\n\n\n<p>Im\u00e1genes de Lunares, zona de laboratorios y de exploraci\u00f3n.<\/p>\n\n\n\n<h3 class=\"wp-block-heading\">Investigaciones<\/h3>\n\n\n\n<p>Lunares cuenta con un dormitorio para la tripulaci\u00f3n, con camas-c\u00e1psulas; una cocina donde se alimentar\u00e1n con comida liofilizada; un gimnasio que deben usar a diario, como si estuvieran flotando en el espacio; laboratorios, talleres y, por supuesto, la zona de simulaci\u00f3n de actividad extravehicular, donde explorar\u00e1n la superficie lunar vestidos con el traje de astronauta. \u00abEn Lunares hay todo tipo de investigaciones en marcha: salud mental, aprovechamiento de recursos, metabolismo en ambientes confinados, estudio de materiales&#8230; y tambi\u00e9n arte. Una de las chicas que va conmigo es cantante y va a estudiar c\u00f3mo afecta una situaci\u00f3n as\u00ed a la creatividad\u00bb.<\/p>\n\n\n\n<p>Aunque all\u00ed hay trabajo de sobra para todos los participantes, Alba S\u00e1nchez lleva su propia misi\u00f3n: analizar nuestro sistema inmunitario. \u00abEn Lunares no hay ingravidez ni irradiaci\u00f3n, pero solo el confinamiento ya afecta al sistema inmunitario. Lo descubr\u00ed en la misi\u00f3n a Marte: los ocho que participamos en la simulaci\u00f3n disminuimos la producci\u00f3n de la prote\u00edna IgG, que nos protege de que los agentes invasores penetren en nuestro cuerpo\u00bb. \u00abO sea \u2013remarca\u2013, que \u00e9ramos m\u00e1s vulnerables a las infecciones solamente por estar aislados\u00bb.<\/p>\n\n\n\n<h3 class=\"wp-block-heading\">\u00abLo que se hace all\u00ed tiene impacto en la vida diaria de todos\u00bb<\/h3>\n\n\n\n<p>As\u00ed, aunque las investigaciones que se realizan en Lunares tienen, a priori, un objetivo de aprendizaje para futuras misiones espaciales, lo cierto es que tambi\u00e9n dar\u00e1n respuesta a problemas de nuestra sociedad, como el propio experimento de la granadina. \u00abLo que se hace all\u00ed tiene impacto en la vida diaria de todos\u00bb.<\/p>\n\n\n\n<h3 class=\"wp-block-heading\">Sin ciencia no hay futuro<\/h3>\n\n\n\n<figure class=\"wp-block-image size-full\"><img data-recalc-dims=\"1\" loading=\"lazy\" decoding=\"async\" width=\"640\" height=\"448\" src=\"https:\/\/i0.wp.com\/miradordeatarfe.es\/wp-content\/uploads\/2025\/06\/alba-sanchez-granadina-luna-6-kXM-U2302124161385UiH-650x455%40Ideal.webp?resize=640%2C448&#038;ssl=1\" alt=\"\" class=\"wp-image-77857\" srcset=\"https:\/\/i0.wp.com\/miradordeatarfe.es\/wp-content\/uploads\/2025\/06\/alba-sanchez-granadina-luna-6-kXM-U2302124161385UiH-650x455%40Ideal.webp?w=650&amp;ssl=1 650w, https:\/\/i0.wp.com\/miradordeatarfe.es\/wp-content\/uploads\/2025\/06\/alba-sanchez-granadina-luna-6-kXM-U2302124161385UiH-650x455%40Ideal.webp?resize=300%2C210&amp;ssl=1 300w\" sizes=\"auto, (max-width: 640px) 100vw, 640px\" \/><\/figure>\n\n\n\n<p>Alba, con los trajes espaciles en el Parque de las Ciencias. PEPE MAR\u00cdN<\/p>\n\n\n\n<p>El Parque de las Ciencias est\u00e1 lleno de ni\u00f1os. Un grupo de alumnos de Cuarto de Primaria atiende a Paula, otra de las monitoras. \u00abEste es el traje espacial que invent\u00f3 el granadino Emilio Herrera, un adelantado a su tiempo\u00bb. Alba escucha con el mismo inter\u00e9s que los zagales y asiente con la cabeza. \u00abA veces nos cuesta creernos lo que somos, \u00bfverdad?\u00bb. Su viaje a la estaci\u00f3n Lunares cuesta 2.600 euros, m\u00e1s otros 4.000 para cubrir el material que necesita para sus experimentos del sistema inmunol\u00f3gico. Total, unos 6.500 euros. \u00abTengo varias empresas que me patrocinan. La pena es que ninguna es de aqu\u00ed\u2026 Me encantar\u00eda sentirme respaldada por Espa\u00f1a y llevarla all\u00ed de alguna manera, como una apuesta por la innovaci\u00f3n\u00bb.<\/p>\n\n\n\n<p>Despu\u00e9s de cinco a\u00f1os en B\u00e9lgica, Alba S\u00e1nchez defendi\u00f3 su tesis hace unos meses. \u00abHe trabajado con personas de distintos pa\u00edses y, de verdad, la formaci\u00f3n que tenemos aqu\u00ed como profesionales cient\u00edficos le da mil vueltas a la de otros pa\u00edses. Eso es as\u00ed\u00bb, afirma rotunda justo antes de torcer el gesto con una mueca inc\u00f3moda. \u00abLo triste es que desde que volv\u00ed a Espa\u00f1a estoy lidiando con la frustraci\u00f3n de llevar meses tocando todas las puertas. Sin exagerar, habr\u00e9 solicitado m\u00e1s de ochenta puestos de trabajo\u2026 Y nada\u00bb. \u00abMe temo que tendr\u00e9 que irme otra vez\u00bb. <\/p>\n\n\n\n<figure class=\"wp-block-image size-full\"><img data-recalc-dims=\"1\" loading=\"lazy\" decoding=\"async\" width=\"640\" height=\"448\" src=\"https:\/\/i0.wp.com\/miradordeatarfe.es\/wp-content\/uploads\/2025\/06\/alba-sanchez-granadina-luna-2-kXM-U2302124161385BsG-650x455%40Ideal.webp?resize=640%2C448&#038;ssl=1\" alt=\"\" class=\"wp-image-77858\" srcset=\"https:\/\/i0.wp.com\/miradordeatarfe.es\/wp-content\/uploads\/2025\/06\/alba-sanchez-granadina-luna-2-kXM-U2302124161385BsG-650x455%40Ideal.webp?w=650&amp;ssl=1 650w, https:\/\/i0.wp.com\/miradordeatarfe.es\/wp-content\/uploads\/2025\/06\/alba-sanchez-granadina-luna-2-kXM-U2302124161385BsG-650x455%40Ideal.webp?resize=300%2C210&amp;ssl=1 300w\" sizes=\"auto, (max-width: 640px) 100vw, 640px\" \/><\/figure>\n\n\n\n<p>Alba S\u00e1nchez, con vistas a la Tierra. PEPE MAR\u00cdN<\/p>\n\n\n\n<p>Entre idas y venidas, Alba sigue su labor divulgadora a la velocidad de la luz. M\u00e1s all\u00e1 de su perfil en redes sociales (@<a href=\"https:\/\/www.instagram.com\/inmunominuto\/\">inmunominuto<\/a>), ha participado en charlas por toda Espa\u00f1a y, hace poco, viaj\u00f3 a Lanzarote para participar en el rodaje &#8216;Volcania, vida en Marte&#8217;. \u00abEs un documental que dirige Juanma Betancourt. Una pasada sobre exploraci\u00f3n espacial, arte, geolog\u00eda\u2026 Una chulada\u00bb.<\/p>\n\n\n\n<p>Y as\u00ed, sonriente y orgullosa, Alba pasea entre los trajes de astronautas que se exponen en el Parque. Una cer\u00e1mica llama su atenci\u00f3n: es la forma de la mano del astronauta Pedro Duque. \u00abEs muy grande\u00bb, dice conforme coloca sus dedos en el hueco. \u00abYa llegar\u00e9\u2026 He ido a Marte, ahora a la Luna. \u00bfQu\u00e9 ser\u00e1 la pr\u00f3ximo? Se me queda peque\u00f1o el Sistema Solar\u00bb, bromea. O tal vez no.<\/p>\n\n\n\n<p><a href=\"https:\/\/www.ideal.es\/autor\/jose-e-cabrero-372.html\"><strong>Jos\u00e9 E. Cabrero<\/strong><\/a><\/p>\n\n\n\n<p>FOTO: Alba S\u00e1nchez Montalvo, con la Luna del Parque de las Ciencias de Granada. PEPE MAR\u00cdN<\/p>\n\n\n\n<p><a href=\"https:\/\/www.ideal.es\/culturas\/marte-luna-pasando-granada-20250626003931-nt.html\">https:\/\/www.ideal.es\/culturas\/marte-luna-pasando-granada-20250626003931-nt.html<\/a><\/p>\n","protected":false},"excerpt":{"rendered":"<p>Alba S\u00e1nchez, tras su paso por el &#8216;otro&#8217; planeta rojo en el desierto de Utah,&#8230;<\/p>\n","protected":false},"author":1,"featured_media":77859,"comment_status":"closed","ping_status":"closed","sticky":false,"template":"","format":"standard","meta":{"_coblocks_attr":"","_coblocks_dimensions":"","_coblocks_responsive_height":"","_coblocks_accordion_ie_support":"","jetpack_post_was_ever_published":false,"_jetpack_newsletter_access":"","_jetpack_dont_email_post_to_subs":false,"_jetpack_newsletter_tier_id":0,"_jetpack_memberships_contains_paywalled_content":false,"_jetpack_memberships_contains_paid_content":false,"footnotes":"","jetpack_publicize_message":"","jetpack_publicize_feature_enabled":true,"jetpack_social_post_already_shared":true,"jetpack_social_options":{"image_generator_settings":{"template":"highway","default_image_id":0,"enabled":false},"version":2}},"categories":[186,44,6539,6937],"tags":[],"class_list":["post-77853","post","type-post","status-publish","format-standard","has-post-thumbnail","hentry","category-instituciones","category-noticias-de-hoy","category-personajes-de-ataref","category-sociedad"],"jetpack_publicize_connections":[],"jetpack_featured_media_url":"https:\/\/i0.wp.com\/miradordeatarfe.es\/wp-content\/uploads\/2025\/06\/alba-sanchez-granadina-luna-1-kXM-U2302124161385pxB-1200x840%40Ideal.webp?fit=1200%2C840&ssl=1","jetpack_likes_enabled":true,"jetpack_sharing_enabled":true,"_links":{"self":[{"href":"https:\/\/miradordeatarfe.es\/index.php?rest_route=\/wp\/v2\/posts\/77853","targetHints":{"allow":["GET"]}}],"collection":[{"href":"https:\/\/miradordeatarfe.es\/index.php?rest_route=\/wp\/v2\/posts"}],"about":[{"href":"https:\/\/miradordeatarfe.es\/index.php?rest_route=\/wp\/v2\/types\/post"}],"author":[{"embeddable":true,"href":"https:\/\/miradordeatarfe.es\/index.php?rest_route=\/wp\/v2\/users\/1"}],"replies":[{"embeddable":true,"href":"https:\/\/miradordeatarfe.es\/index.php?rest_route=%2Fwp%2Fv2%2Fcomments&post=77853"}],"version-history":[{"count":1,"href":"https:\/\/miradordeatarfe.es\/index.php?rest_route=\/wp\/v2\/posts\/77853\/revisions"}],"predecessor-version":[{"id":77860,"href":"https:\/\/miradordeatarfe.es\/index.php?rest_route=\/wp\/v2\/posts\/77853\/revisions\/77860"}],"wp:featuredmedia":[{"embeddable":true,"href":"https:\/\/miradordeatarfe.es\/index.php?rest_route=\/wp\/v2\/media\/77859"}],"wp:attachment":[{"href":"https:\/\/miradordeatarfe.es\/index.php?rest_route=%2Fwp%2Fv2%2Fmedia&parent=77853"}],"wp:term":[{"taxonomy":"category","embeddable":true,"href":"https:\/\/miradordeatarfe.es\/index.php?rest_route=%2Fwp%2Fv2%2Fcategories&post=77853"},{"taxonomy":"post_tag","embeddable":true,"href":"https:\/\/miradordeatarfe.es\/index.php?rest_route=%2Fwp%2Fv2%2Ftags&post=77853"}],"curies":[{"name":"wp","href":"https:\/\/api.w.org\/{rel}","templated":true}]}}