{"id":7787,"date":"2016-03-30T08:45:25","date_gmt":"2016-03-30T08:45:25","guid":{"rendered":"http:\/\/miradordeatarfe.es\/?p=7787"},"modified":"2016-03-30T08:45:35","modified_gmt":"2016-03-30T08:45:35","slug":"cinco-pacientes-de-bata-blanca","status":"publish","type":"post","link":"https:\/\/miradordeatarfe.es\/?p=7787","title":{"rendered":"Cinco pacientes de bata blanca"},"content":{"rendered":"<div class=\"text\">\n<p>Nadie est\u00e1 exento de padecer una enfermedad, incluso los propios m\u00e9dicos. A TU SALUD ofrece el testimonio de cinco profesionales que han sufrido, en primera persona, la patolog\u00eda que tratan a diario en sus consultas. Su experiencia personal les ha servido para comprender mejor a su paciente, conectar con \u00e9l de una manera bidireccional y ayudarse mutuamente<\/p>\n<p><!--more--><\/p>\n<p>Resguardados tras una bata blanca y un fonendoscopio se enfrentan cada d\u00eda a la enfermedad. Est\u00e1n acostumbrados al olor a hospital, a las retah\u00edlas de f\u00e1rmacos, a los largos tratamientos&#8230; Sin embargo, para un m\u00e9dico nada de esto es suficiente cuando la vida da un vuelco y decide convertirle en paciente, uno toma conciencia de que todo se ve diferente. Ser paciente permite a un m\u00e9dico ponerse en el lugar de las personas que trata en su d\u00eda a d\u00eda. No ver los toros desde la barrera es una experiencia, cuanto menos interesante. Los m\u00e9dicos toman conciencia de ser vulnerables y les permite ser m\u00e1s comprensivos con los sentimientos y las expectativas del otro. Del mismo modo que el paciente se da cuenta de que la enfermedad puede ser una loter\u00eda. Le toca a una persona de \u00aba pie\u00bb, pero tambi\u00e9n al m\u00e9dico que la ve a diario en su consulta.<\/p>\n<p>Por ello, A TU SALUD ofrece cinco testimonios de profesionales m\u00e9dicos que han estado al otro lado de la mesa de la consulta. Y es que padecer la misma enfermedad que los pacientes que tratan diariamente en su centro de trabajo como es el caso de Silvia, Joaqu\u00edn, Pilar, Cristina y Juan, no ha supuesto para estos expertos ninguna desventaja, sino todo lo contrario. Sin que sea buena idea estar enfermo para conectar con el paciente, \u00abhay que aprovechar que te ha tocado vivir en tus carnes una enfermedad, del modo que tu ayudas a tus pacientes de la misma manera que ellos te ayudan a ti\u00bb, explica Joaqu\u00edn Dur\u00e1n, neum\u00f3logo que padece apnea del sue\u00f1o.<\/p>\n<p>Coinciden en que la experiencia no ha cambiado su trato con el enfermo, su d\u00eda a d\u00eda profesional. Sin embargo, s\u00ed que \u00abhaber vivido la experiencia desde el otro lado\u00bb hace comprender mejor al paciente y ayuda a ponerse mejor en su piel. Como le pasaba a Silvia S\u00e1nchez, alerg\u00f3loga con dermatitis at\u00f3pica, quien quiz\u00e1 \u00abpasaba por alto peque\u00f1os s\u00edntomas de la enfermedad\u00bb, como el picor del paladar. Algo que consideraba una tonter\u00eda, hasta que lo sufri\u00f3 en primera persona. S\u00edntomas que estos m\u00e9dicos sufren hoy en d\u00eda, pero cuyos pacientes les han estado explicando en las consultas desde hace a\u00f1os.<\/p>\n<\/div>\n<p>&nbsp;<\/p>\n<h2 class=\"ladillo\">Silvia S\u00e1nchez Garc\u00eda<\/h2>\n<div class=\"text\">\n<p>M\u00e9dico adjunto del servicio de Alergolog\u00eda en el Hospital Universitario Infantil Ni\u00f1o Jes\u00fas de Madrid. Sufre alergia al polen, a los \u00e1caros y a los hepitelios de animales.<\/p>\n<p>Escog\u00ed la especialidad de alergolog\u00eda sin ser al\u00e9rgica, solamente porque aunaba dos cosas que me llamaban la atenci\u00f3n: las enfermedades respiratorias y la investigaci\u00f3n. Pero al final ha sido el destino. Entiendes a los pacientes mucho mejor, \u00e9sa es la diferencia que hay a la hora de tratarlos desde no ser al\u00e9rgica a luego padecerla. Hab\u00eda cosas a las que antes no daba importancia, como el picor del paladar, algo que te cuentan todos los d\u00edas en la consulta. Y yo lo empec\u00e9 a tener el a\u00f1o pasado. \u00a1Guau, qu\u00e9 diferencia! Esto es un picorcito de nada, te aguantas y ya est\u00e1, pero se pasa mal. Y ahora lo s\u00e9. Siempre digo que yo lo ve\u00eda desde el otro lado de la mesa. Soy al\u00e9rgica al polen, a los \u00e1caros y a los epitelios de animales desde hace cinco a\u00f1os. Pude ser al\u00e9rgica antes, pero no me lo hab\u00edan diagnosticado y nunca hab\u00eda ido al alerg\u00f3logo. Notaba catarros, mucha rinitis, estornudos, pero pensaba que era catarro. Fue al desplazarme a Madrid cuando empec\u00e9 a tener s\u00edntomas muy concretos de la primavera. \u00a1Caray! Esto es lo que estoy preguntando todos los d\u00edas en la consulta y ahora me esta pasando a mi. Los pacientes me han ayudado a diagnosticarme, porque todas las cosas que yo estoy sufriendo me las est\u00e1n contando ellos desde hace muchos a\u00f1os. Es curioso porque las preguntas que yo les hac\u00eda a los pacientes y las contestaciones que me daban, ahora soy yo la que me pregunto y respondo. Y el a\u00f1o pasado debut\u00e9 con asma. La primera vez que necesit\u00e9 un broncodilatador tuve dudas sobre si segu\u00ed los pasos o si lo hice bien. Es mi especialidad, lo explico todos los d\u00edas, pero todav\u00eda tengo dudas. \u00a1Qu\u00e9 no le pasar\u00e1 al paciente!<\/p>\n<\/div>\n<h2 class=\"ladillo\">Joaqu\u00edn Dur\u00e1n-Cantolla<\/h2>\n<div class=\"text\">\n<p>Jefe de Servicio de Investigaci\u00f3n en el Hospital Universitario Araba. Sufre apnea del sue\u00f1o.<\/p>\n<p>Casi cuarenta a\u00f1os de carrera m\u00e9dica relacionada con la neumolog\u00eda y el tema del sue\u00f1o , mi diagn\u00f3stico tuvo que ser casual. Lo cual evidencia que si esto le pasa a un m\u00e9dico, m\u00e1s a\u00fan a uno especializado en sue\u00f1o, es entendible que m\u00e1s del 90% de la poblaci\u00f3n con apnea del sue\u00f1o \u2013un trastorno com\u00fan en el que la persona que lo sufre hace una o m\u00e1s pausas en la respiraci\u00f3n o tiene respiraciones superficiales durante el sue\u00f1o\u2013 est\u00e9 sin diagnosticar. Normalmente en mi servicio solemos probar los equipos a la hora de adquirirlos, pero hasta hace siete a\u00f1os yo no hab\u00eda sido part\u00edcipe de ello. En ese momento, se evidenci\u00f3 que ten\u00eda un n\u00famero de apneas importante. Pero pens\u00e9 que era un error puesto que no notaba s\u00edntomas, aunque empezaba a tener datos de hipertensi\u00f3n y era roncador, aspectos que contribuyen a su aparici\u00f3n. Por entonces, padec\u00eda sobrepeso as\u00ed que adelgac\u00e9, lo que aconsejo a mis pacientes, y perd\u00ed 20 kilos, lo que permiti\u00f3 bajar mi n\u00famero de apneas en m\u00e1s del 50 por ciento. Cuando pasas una enfermedad est\u00e1s en unas condiciones mejores para comprender al paciente que padece la misma enfermedad, al mismo tiempo que les transmites tranquilidad. Pero es una capacidad emp\u00e1tica bidireccional. El m\u00e9dico se pone al mismo nivel que el paciente, lo que forma un apoyo mutuo con quien compartir opiniones y experiencias y sentirte comprendido. Aunque me trato a m\u00ed mismo, s\u00ed es aconsejable que los m\u00e9dicos pongamos nuestro caso en conocimiento de otro profesional, porque est\u00e1 desprovisto de los temas emocionales, algo importante a la hora de tomar decisiones.<\/p>\n<\/div>\n<div class=\"recorte_Normal\">\n<div><img data-recalc-dims=\"1\" loading=\"lazy\" decoding=\"async\" title=\"Cinco pacientes de bata blanca\" src=\"https:\/\/i0.wp.com\/www.larazon.es\/documents\/10165\/0\/498x406\/0c0\/0d0\/none\/10810\/JRFV\/image_content_4575892_20160321183717.jpg?resize=498%2C406\" alt=\"Cinco pacientes de bata blanca\" width=\"498\" height=\"406\" \/><\/div>\n<\/div>\n<h2 class=\"ladillo\">Cristina Eguren<\/h2>\n<div class=\"text\">\n<p>Dermat\u00f3loga del Hospital Infanta Leonor de Madrid, de la Academia Espa\u00f1ola de Dermatolog\u00eda y Venereolog\u00eda (AEDV) y de la Cl\u00ednica Eguren. Padece dermatitis at\u00f3pica.<\/p>\n<p>La dermatitis at\u00f3pica es una de las enfermedades dermatol\u00f3gicas m\u00e1s prevalentes en mi consulta. Yo la veo, la trato y la padezco desde mi infancia. Pero no escog\u00ed esta especialidad por mi caso, aunque indudablemente padecerla me ha servido para entender cada caso mejor y tratarlos en consecuencia. Ver que el m\u00e9dico tambi\u00e9n lo padece a mis pacientes los ayuda a entender que, aunque es una enfermedad cr\u00f3nica que no tiene cura, s\u00ed se puede vivir bien si se tratan los brotes y se lleva un tratamiento de mantenimiento. Y el ejemplo soy yo. Tengo dermatitis at\u00f3pica y no me puedo curar, pero conocer mi caso hace que se sientan identificados. Puede resultar curioso, pero ver que su m\u00e9dico lo padece los ayuda a aceptar su situaci\u00f3n. Ser m\u00e9dico y paciente a la vez hace que entiendas por lo que pasan: el picor, las molestias que produce&#8230;y que es mucho mejor tratarse que aceptar todas las consecuencias que conlleva. Si tiene mucho picor, no duerme bien; si no duerme bien, est\u00e1 cansado, y por tanto no rinde igual. Algo que yo he vivido de peque\u00f1a, al igual que mis tres ni\u00f1os peque\u00f1os. Otro ejemplo que les hace entender que los comprendes. Que t\u00fa tambi\u00e9n pasas por eso en tu d\u00eda a d\u00eda. Una situaci\u00f3n que me permite ver todo el espectro de la enfermedad, desde los dos lados de la mesa. Yo ya s\u00e9 perfectamente qu\u00e9 crema me gusta m\u00e1s, cu\u00e1l menos, conozco la m\u00e1s r\u00e1pida o la que huele mejor. Cuando pauto un tratamiento, s\u00e9 exactamente qu\u00e9 estoy recetando, porque yo lo he probado antes en mi piel. Aunque hay veces que los pacientes son los que me dan consejos que les han servido para aliviar los picores. Es una ayuda mutua.<\/p>\n<\/div>\n<div class=\"recorte_Normal\">\n<div><img data-recalc-dims=\"1\" loading=\"lazy\" decoding=\"async\" title=\"Cinco pacientes de bata blanca\" src=\"https:\/\/i0.wp.com\/www.larazon.es\/documents\/10165\/0\/498x372\/0c0\/0d0\/none\/10810\/ORBV\/image_content_4575895_20160321183717.jpg?resize=498%2C372\" alt=\"Cinco pacientes de bata blanca\" width=\"498\" height=\"372\" \/><\/div>\n<\/div>\n<h2 class=\"ladillo\">Pilar Morales<\/h2>\n<div class=\"text\">\n<p>Reumat\u00f3loga en el Complejo Hospitalario Universitario de Granada. Sufre artritis psori\u00e1sica.<\/p>\n<p>Hace diez a\u00f1os, tras mi primer embarazo, me apareci\u00f3 la artritis psori\u00e1sica. Ten\u00eda dolores en las articulaciones e hinchaz\u00f3n en los dedos de la mano. El saberlo y tener que tomar la decisi\u00f3n de empezar a tratarme me hizo retrasarme tres a\u00f1os. Esperas que sea una reacci\u00f3n que se vaya con el paso del tiempo porque, cuando te afecta, te das menos importancia que a lo mejor cuando est\u00e1s delante de un paciente. Al principio intent\u00e9 tratarme yo misma, pero acaba siendo imposible. A\u00fan as\u00ed, no s\u00e9 c\u00f3mo soy como m\u00e9dica, pero desde luego de paciente soy mal\u00edsima (me hago la anal\u00edtica cuando me parece y no cuando me toca, o me salto un poco la medicaci\u00f3n, a pesar de saber que me la tengo que poner cada 14 d\u00edas). Una postura algo curiosa porque con mis pacientes soy muy met\u00f3dica. Aunque no s\u00e9 si luego lo llevar\u00e1n a cabo, insisto en lo que tienen que hacer para mejorarse; todo lo contrario a lo que yo hago, por lo que me sorprende la diferencia entre cuando eres paciente y cuando eres el m\u00e9dico. Aunque no me faltaba, ahora tengo m\u00e1s empat\u00eda con mis pacientes porque no es que te pongas en su lugar, es que est\u00e1s en su lugar. Pasa que hay s\u00edntomas, como la astenia o el levantarse con dolores, a los que no le das importancia hasta que los padeces. Y el sufrirlos te permite tener m\u00e1s facilidad para hablar con los pacientes. Es una sensaci\u00f3n de entendimiento y apoyo mutuo. Supongo que yo los ayudo como ellos me ayudan a m\u00ed a llevarlo mejor. Nos contamos \u00abtruquitos\u00bb que permiten mejorar como, por ejemplo, seguir haciendo ejercicio de forma moderada si se puede porque nos permite mantener la condici\u00f3n f\u00edsica y la calidad de vida.<\/p>\n<\/div>\n<div class=\"recorte_Normal\">\n<div><img data-recalc-dims=\"1\" loading=\"lazy\" decoding=\"async\" title=\"Cinco pacientes de bata blanca\" src=\"https:\/\/i0.wp.com\/www.larazon.es\/documents\/10165\/0\/425x677\/0c0\/0d0\/none\/10810\/DRBC\/image_content_4575898_20160321183717.jpg?resize=425%2C677\" alt=\"Cinco pacientes de bata blanca\" width=\"425\" height=\"677\" \/><\/div>\n<\/div>\n<h2 class=\"ladillo\">Juan E. Trobajo de las Matas<\/h2>\n<div class=\"text\">\n<p>Traumat\u00f3logo miembro del Servicio de Cirug\u00eda Ortop\u00e9dica y Traumatolog\u00eda del Hospital Quir\u00f3nsalud La Coru\u00f1a. Ha sido operado de rotura de menisco externo de la rodilla.<\/p>\n<p>No hay m\u00e9dicos en mi familia, pero siempre me ha gustado la cirug\u00eda y la traumatolog\u00eda debido a que fui alumno interno de la especialidad mientras estudiaba la carrera. Aunque tambi\u00e9n me llamaba la atenci\u00f3n la medicina del deporte. \u00a1Qu\u00e9 curiosidad! He sido operado de una rotura del menisco externo de mi rodilla izquierda. Una consecuencia dada por un mal gesto al realizar un lanzamiento de balonmano. El deporte que practiqu\u00e9 en mi juventud y que quiz\u00e1 no deber\u00eda haber intentado recrear a mi edad. Desde ese momento tuve dificultades para la pr\u00e1ctica deportiva con bloqueos de la rodilla que yo mismo me \u00abreduc\u00eda\u00bb hasta que dichos episodios se convirtieron en habituales con el m\u00ednimo esfuerzo y decid\u00ed operarme. Un miembro de nuestro servicio fue el que me oper\u00f3 hace dos a\u00f1os, el Dr. Ba\u00f1a,y durante la intervenci\u00f3n y gracias a la visi\u00f3n a trav\u00e9s del monitor, \u00abconsensu\u00e1bamos\u00bb los gestos quir\u00fargicos. Cirug\u00eda aparte, aunque reconozco que no es lo m\u00e1s recomendable, yo he sido mi propio traumat\u00f3logo. La recuperaci\u00f3n ha sido muy buena, puesto que es algo que no lo recomiendo a mis pacientes, a los dos d\u00edas estaba pasando consulta&#8230; cojeando pero trabajando&#8230; A las seis semanas comenc\u00e9 a hacer running, mi deporte en la actualidad. El padecer una lesi\u00f3n \u00aben carne propia\u00bb es muy interesante a la hora de valorar esa misma patolog\u00eda en tus enfermos. Las sensaciones que ellos te describen las has tenido t\u00fa, lo que te ayuda a darles la importancia adecuada. El hecho de ser m\u00e9dico y paciente ha sido una ventaja aunque no creo que lo sea en todos los casos. En general los m\u00e9dicos somos bastante \u00abmalos\u00bb enfermos.<\/p>\n<\/div>\n<div class=\"recorte_Normal\">\n<div><img data-recalc-dims=\"1\" loading=\"lazy\" decoding=\"async\" title=\"Cinco pacientes de bata blanca\" src=\"https:\/\/i0.wp.com\/www.larazon.es\/documents\/10165\/0\/417x669\/0c0\/0d0\/none\/10810\/DSKB\/image_content_4575901_20160321183717.jpg?resize=417%2C669\" alt=\"Cinco pacientes de bata blanca\" width=\"417\" height=\"669\" \/><\/div>\n<\/div>\n<div>\nLeer m\u00e1s: \u00a0<a href=\"http:\/\/www.larazon.es\/atusalud\/salud\/cinco-pacientes-de-bata-blanca-BE12252298?sky=Sky-Marzo-2016#Ttt1X4i6PyK2Z3f1\">Cinco pacientes de bata blanca<\/a> \u00a0<a href=\"http:\/\/www.larazon.es\/atusalud\/salud\/cinco-pacientes-de-bata-blanca-BE12252298?sky=Sky-Marzo-2016#Ttt1X4i6PyK2Z3f1\">http:\/\/www.larazon.es\/atusalud\/salud\/cinco-pacientes-de-bata-blanca-BE12252298?sky=Sky-Marzo-2016#Ttt1X4i6PyK2Z3f1<\/a><br \/>\nConvierte a tus clientes en tus mejores vendedores:\u00a0<a href=\"http:\/\/www.referion.com\/\">http:\/\/www.referion.com<\/a><\/p>\n<\/div>\n","protected":false},"excerpt":{"rendered":"<p>Nadie est\u00e1 exento de padecer una enfermedad, incluso los propios m\u00e9dicos. A TU SALUD ofrece&#8230;<\/p>\n","protected":false},"author":1,"featured_media":7788,"comment_status":"closed","ping_status":"closed","sticky":false,"template":"","format":"standard","meta":{"_coblocks_attr":"","_coblocks_dimensions":"","_coblocks_responsive_height":"","_coblocks_accordion_ie_support":"","jetpack_post_was_ever_published":false,"_jetpack_newsletter_access":"","_jetpack_dont_email_post_to_subs":false,"_jetpack_newsletter_tier_id":0,"_jetpack_memberships_contains_paywalled_content":false,"_jetpack_memberships_contains_paid_content":false,"footnotes":"","jetpack_publicize_message":"","jetpack_publicize_feature_enabled":true,"jetpack_social_post_already_shared":false,"jetpack_social_options":{"image_generator_settings":{"template":"highway","default_image_id":0,"enabled":false},"version":2}},"categories":[44,15,10],"tags":[55,20],"class_list":["post-7787","post","type-post","status-publish","format-standard","has-post-thumbnail","hentry","category-noticias-de-hoy","category-ultimas-noticias","category-salud","tag-salud","tag-universidad"],"jetpack_publicize_connections":[],"jetpack_featured_media_url":"https:\/\/i0.wp.com\/miradordeatarfe.es\/wp-content\/uploads\/2016\/03\/image_content_4575879_20160321183716.jpg?fit=498%2C374&ssl=1","jetpack_likes_enabled":true,"jetpack_sharing_enabled":true,"_links":{"self":[{"href":"https:\/\/miradordeatarfe.es\/index.php?rest_route=\/wp\/v2\/posts\/7787","targetHints":{"allow":["GET"]}}],"collection":[{"href":"https:\/\/miradordeatarfe.es\/index.php?rest_route=\/wp\/v2\/posts"}],"about":[{"href":"https:\/\/miradordeatarfe.es\/index.php?rest_route=\/wp\/v2\/types\/post"}],"author":[{"embeddable":true,"href":"https:\/\/miradordeatarfe.es\/index.php?rest_route=\/wp\/v2\/users\/1"}],"replies":[{"embeddable":true,"href":"https:\/\/miradordeatarfe.es\/index.php?rest_route=%2Fwp%2Fv2%2Fcomments&post=7787"}],"version-history":[{"count":1,"href":"https:\/\/miradordeatarfe.es\/index.php?rest_route=\/wp\/v2\/posts\/7787\/revisions"}],"predecessor-version":[{"id":7789,"href":"https:\/\/miradordeatarfe.es\/index.php?rest_route=\/wp\/v2\/posts\/7787\/revisions\/7789"}],"wp:featuredmedia":[{"embeddable":true,"href":"https:\/\/miradordeatarfe.es\/index.php?rest_route=\/wp\/v2\/media\/7788"}],"wp:attachment":[{"href":"https:\/\/miradordeatarfe.es\/index.php?rest_route=%2Fwp%2Fv2%2Fmedia&parent=7787"}],"wp:term":[{"taxonomy":"category","embeddable":true,"href":"https:\/\/miradordeatarfe.es\/index.php?rest_route=%2Fwp%2Fv2%2Fcategories&post=7787"},{"taxonomy":"post_tag","embeddable":true,"href":"https:\/\/miradordeatarfe.es\/index.php?rest_route=%2Fwp%2Fv2%2Ftags&post=7787"}],"curies":[{"name":"wp","href":"https:\/\/api.w.org\/{rel}","templated":true}]}}