{"id":77870,"date":"2025-06-28T08:29:00","date_gmt":"2025-06-28T06:29:00","guid":{"rendered":"https:\/\/miradordeatarfe.es\/?p=77870"},"modified":"2025-06-27T21:32:23","modified_gmt":"2025-06-27T19:32:23","slug":"aviso-urgente-de-andalucia-a-varios-grupos-de-personas-no-salir-a-la-calle-el-fin-de-semana","status":"publish","type":"post","link":"https:\/\/miradordeatarfe.es\/?p=77870","title":{"rendered":"Aviso urgente de Andaluc\u00eda a varios grupos de personas: no salir a la calle el fin de semana"},"content":{"rendered":"\n<p class=\"has-medium-font-size\"><strong>La Consejer\u00eda de Salud act\u00faa ante la ola de calor que azota Espa\u00f1a<\/strong><\/p>\n\n\n\n<p>La <a href=\"https:\/\/www.aemet.es\/es\/eltiempo\/prediccion\/destacados\/p5_t?tipo=p52tesp1\">ola de calor<\/a> que acecha Andaluc\u00eda desde este mismo viernes va a tener efectos en el bienestar de la poblaci\u00f3n. Y es por eso que la Junta se ha puesto manos a la obra para enviar avisos urgentes a determinados grupos de personas, especialmente delicados durante esta \u00e9poca del a\u00f1o.<\/p>\n\n\n\n<p>En primer lugar, la Consejer\u00eda de Salud y Consumo, a trav\u00e9s de la Direcci\u00f3n General de Salud P\u00fablica y Ordenaci\u00f3n Farmac\u00e9utica, recuerda la importancia de protegerse del sol y del calor, evitar salir en las horas centrales del d\u00eda, mantenerse fresco e hidratados y alimentarse.<\/p>\n\n\n\n<p><strong>Grupos alertados<\/strong><\/p>\n\n\n\n<p>El director general de Salud P\u00fablica y Ordenaci\u00f3n Farmac\u00e9utica, Manuel Fern\u00e1ndez Zurbar\u00e1n, ha incidido en que \u00abestas olas de calor afectan a toda la poblaci\u00f3n, no importa la edad ni el estado de salud\u00bb. Si bien, hay personas que son m\u00e1s vulnerables, como los ni\u00f1os menores de cuatro a\u00f1os, especialmente los menores de seis meses, las personas mayores, los enfermos cr\u00f3nicos, los trabajadores expuestos al sol y personas en condiciones socioecon\u00f3micas desfavorables.<\/p>\n\n\n\n<p>Aviso urgente de Andaluc\u00eda a varios grupos de personas: \u00abNo salgan a la calle a mediod\u00eda el fin de semana\u00bb<a href=\"https:\/\/www.ideal.es\/autor\/alberto-flores-6839.html\"><\/a><\/p>\n\n\n\n<p><a href=\"https:\/\/www.ideal.es\/autor\/alberto-flores-6839.html\">Alberto Flores<\/a><\/p>\n\n\n\n<p>M\u00c1S INFORMACI\u00d3N<\/p>\n\n\n\n<ul class=\"wp-block-list\">\n<li><a href=\"https:\/\/www.ideal.es\/andalucia\/domo-calor-asolara-andalucia-fin-semana-reventones-20250627190528-nt.html\">El domo de calor que asolar\u00e1 Andaluc\u00eda el fin de semana: reventones, tormentas secas y calima<\/a><\/li>\n<\/ul>\n\n\n\n<p>Fern\u00e1ndez Zurbar\u00e1n ha se\u00f1alado que \u00abestas olas de calor son cada vez m\u00e1s precoces e intensas\u00bb. No en vano, desde que se activ\u00f3 el Protocolo Andaluz de Coordinaci\u00f3n frente a los efectos de las Temperaturas Excesivas sobre la Salud el pasado 16 de mayo, se han registrado nueve casos de golpe de calor (uno de ellos fallecido el pasado s\u00e1bado en C\u00f3rdoba) en Andaluc\u00eda.<\/p>\n\n\n\n<p>As\u00ed, la estrategia del protocolo se basa en la predicci\u00f3n de olas de calor a partir de la informaci\u00f3n facilitada por la Agencia Estatal de Meteorolog\u00eda (Aemet) y el establecimiento de niveles de alerta seg\u00fan el grado de riesgo por exceso de temperatura; la identificaci\u00f3n de los grupos de poblaci\u00f3n m\u00e1s vulnerables a los efectos del calor, y la coordinaci\u00f3n con las distintas administraciones y entidades p\u00fablicas y privadas competentes para identificar, seguir y atender a los grupos de riesgo, y para implementar medidas preventivas correspondientes en cada sector.<\/p>\n\n\n\n<p>Las poblaciones dianas son las personas mayores de 65 a\u00f1os; los enfermos cr\u00f3nicos; las personas que toman un medicamento que pueda influir en la adaptaci\u00f3n del organismo al calor como diur\u00e9ticos, hipotensores, antidepresivos, neurol\u00e9pticos, anticolin\u00e9rgicos y tranquilizantes; los menores de cuatro a\u00f1os y los lactantes y personas con trastornos de la memoria, con dificultades en la adaptaci\u00f3n al calor y que consumen alcohol y drogas.<\/p>\n\n\n\n<p>Otras personas que se pueden ver especialmente afectadas por el calor son aquellas que viven solas, sin hogar, con condiciones econ\u00f3micas desfavorables, con exposici\u00f3n excesiva al calor por estancia en centros educativos, por razones laborales, como trabajo manual en el exterior o con elevado contacto con ambientes calurosos, o por practicar deportes de gran intensidad f\u00edsica o actividades de ocio especialmente entre las 14,00 y las 19,00 horas.<\/p>\n\n\n\n<p><strong>Las zonas afectadas<\/strong><\/p>\n\n\n\n<p>Esta ola de calor mantendr\u00e1 en alerta naranja a la Campi\u00f1a sevillana, Campi\u00f1a cordobesa, Sierra y Valle de los Pedroches, Cuenca del Genil, Valle del Guadalquivir en Ja\u00e9n, Sierra Morena, el Condado de Huelva, Cazorla y Segura, equivalente al nivel 2 o riesgo medio y nivel 1 o riesgo bajo para los efectos en la salud, seg\u00fan recuerda la Consejer\u00eda en una nota de prensa.<\/p>\n\n\n\n<p>Aviso urgente de Andaluc\u00eda a varios grupos de personas: \u00abNo salgan a la calle a mediod\u00eda el fin de semana\u00bb<\/p>\n\n\n\n<p><a href=\"https:\/\/www.ideal.es\/autor\/alberto-flores-6839.html\"><strong>Alberto Flores<\/strong><\/a><\/p>\n\n\n\n<p><a href=\"https:\/\/www.ideal.es\/andalucia\/aviso-urgente-andalucia-varios-grupos-personas-salir-20250627182235-nt.html\">https:\/\/www.ideal.es\/andalucia\/aviso-urgente-andalucia-varios-grupos-personas-salir-20250627182235-nt.html<\/a><\/p>\n\n\n\n<h2 class=\"wp-block-heading\"><a href=\"https:\/\/www.ideal.es\/autor\/alberto-flores-6839.html\"><\/a><\/h2>\n\n\n\n\n","protected":false},"excerpt":{"rendered":"<p>La Consejer\u00eda de Salud act\u00faa ante la ola de calor que azota Espa\u00f1a La ola&#8230;<\/p>\n","protected":false},"author":1,"featured_media":77871,"comment_status":"closed","ping_status":"closed","sticky":false,"template":"","format":"standard","meta":{"_coblocks_attr":"","_coblocks_dimensions":"","_coblocks_responsive_height":"","_coblocks_accordion_ie_support":"","jetpack_post_was_ever_published":false,"_jetpack_newsletter_access":"","_jetpack_dont_email_post_to_subs":false,"_jetpack_newsletter_tier_id":0,"_jetpack_memberships_contains_paywalled_content":false,"_jetpack_memberships_contains_paid_content":false,"footnotes":"","jetpack_publicize_message":"","jetpack_publicize_feature_enabled":true,"jetpack_social_post_already_shared":true,"jetpack_social_options":{"image_generator_settings":{"template":"highway","default_image_id":0,"enabled":false},"version":2}},"categories":[1161,186,44],"tags":[],"class_list":["post-77870","post","type-post","status-publish","format-standard","has-post-thumbnail","hentry","category-ciudadania","category-instituciones","category-noticias-de-hoy"],"jetpack_publicize_connections":[],"jetpack_featured_media_url":"https:\/\/i0.wp.com\/miradordeatarfe.es\/wp-content\/uploads\/2025\/06\/aviso-urgente-andalucia-calor-kuGC-U2302215444298dXF-1200x840%40Ideal.webp?fit=1200%2C840&ssl=1","jetpack_likes_enabled":true,"jetpack_sharing_enabled":true,"_links":{"self":[{"href":"https:\/\/miradordeatarfe.es\/index.php?rest_route=\/wp\/v2\/posts\/77870","targetHints":{"allow":["GET"]}}],"collection":[{"href":"https:\/\/miradordeatarfe.es\/index.php?rest_route=\/wp\/v2\/posts"}],"about":[{"href":"https:\/\/miradordeatarfe.es\/index.php?rest_route=\/wp\/v2\/types\/post"}],"author":[{"embeddable":true,"href":"https:\/\/miradordeatarfe.es\/index.php?rest_route=\/wp\/v2\/users\/1"}],"replies":[{"embeddable":true,"href":"https:\/\/miradordeatarfe.es\/index.php?rest_route=%2Fwp%2Fv2%2Fcomments&post=77870"}],"version-history":[{"count":1,"href":"https:\/\/miradordeatarfe.es\/index.php?rest_route=\/wp\/v2\/posts\/77870\/revisions"}],"predecessor-version":[{"id":77872,"href":"https:\/\/miradordeatarfe.es\/index.php?rest_route=\/wp\/v2\/posts\/77870\/revisions\/77872"}],"wp:featuredmedia":[{"embeddable":true,"href":"https:\/\/miradordeatarfe.es\/index.php?rest_route=\/wp\/v2\/media\/77871"}],"wp:attachment":[{"href":"https:\/\/miradordeatarfe.es\/index.php?rest_route=%2Fwp%2Fv2%2Fmedia&parent=77870"}],"wp:term":[{"taxonomy":"category","embeddable":true,"href":"https:\/\/miradordeatarfe.es\/index.php?rest_route=%2Fwp%2Fv2%2Fcategories&post=77870"},{"taxonomy":"post_tag","embeddable":true,"href":"https:\/\/miradordeatarfe.es\/index.php?rest_route=%2Fwp%2Fv2%2Ftags&post=77870"}],"curies":[{"name":"wp","href":"https:\/\/api.w.org\/{rel}","templated":true}]}}