{"id":77873,"date":"2025-06-29T10:00:00","date_gmt":"2025-06-29T08:00:00","guid":{"rendered":"https:\/\/miradordeatarfe.es\/?p=77873"},"modified":"2025-06-27T21:37:52","modified_gmt":"2025-06-27T19:37:52","slug":"nuevas-tarifas-de-autobuses-en-granada-desde-el-1-de-julio","status":"publish","type":"post","link":"https:\/\/miradordeatarfe.es\/?p=77873","title":{"rendered":"Nuevas tarifas de autobuses en Granada desde el 1 de julio"},"content":{"rendered":"\n<p class=\"has-medium-font-size\"><strong>Nuevas tarifas de autobuses en Granada desde el 1 de julio: gratis para menores de 15 a\u00f1os, 50% hasta los 25 y 40% al resto<\/strong>. <strong>Granada se adhiere al programa de bonificaciones del Gobierno hasta el 31 de diciembre que ampl\u00eda los descuentos del transporte<\/strong><\/p>\n\n\n\n<p>l transporte urbano de Granada tendr\u00e1 nuevas tarifas a partir del 1 de julio. Tras el nuevo decreto de bonificaciones del transporte del Gobierno, el Ayuntamiento se ha adherido a este programa y del 1 de julio al 31 de diciembre habr\u00e1 nuevas tarifas con descuentos diferentes a los que hasta ahora se ven\u00edan disfrutando. <strong>Los autobuses ser\u00e1n gratis para los menores de 15 a\u00f1os. Los j\u00f3venes hasta 25 a\u00f1os tendr\u00e1n un descuento del 50% en los bonos de transporte y el resto de poblaci\u00f3n una rebaja del 40%.<\/strong><\/p>\n\n\n\n<p>As\u00ed lo ha anunciado este viernes el portavoz del equipo de Gobierno, Jorge Saavedra, que ha explicado que se ha primado a la poblaci\u00f3n joven, por lo que el resto de poblaci\u00f3n pasar\u00e1 de tener una bonificaci\u00f3n del 50% actual al 40%, por lo que el abono subir\u00e1 unos c\u00e9ntimos a este grupo.<\/p>\n\n\n\n<p>Esta medida est\u00e1 cofinanciada por el Ayuntamiento de Granada y el Gobierno central. <strong>Al Ayuntamiento de Granada le costar\u00e1 una inversi\u00f3n de m\u00e1s de un mill\u00f3n de euros estos seis meses.<\/strong><\/p>\n\n\n\n<p>Los j\u00f3venes que quieran adherirse a la gratuidad tendr\u00e1 que ir con su bono joven a las oficinas de Alsa de Acera del Darro para activarles el bono.<\/p>\n\n\n\n<p>Las diferencias con el sistema actual es que ahora la bonificaci\u00f3n es del 50% para todas las edades y a partir del 1 de julio se divide en tramos de edad.<\/p>\n\n\n\n<p>El edil ha subrayado que este descuento no afecta al billete sencillo, de ida y vuelta y los t\u00edtulos tur\u00edsticos, sino que se aplica Credib\u00fas 5; Credib\u00fas 10; Credib\u00fas 20; Bono Mensual; y Bono P.M.R., cuyo precio con el descuento incluido quedar\u00eda en 0,54\u20ac; 0,53\u20ac; 0,53\u20ac; 24,6\u20ac; 0,36\u20ac respectivamente.<\/p>\n\n\n\n<h2 class=\"wp-block-heading\">C\u00f3mo tener el transporte gratis para los menores de 15 a\u00f1os<\/h2>\n\n\n\n<p>Esta ayuda se aplicar\u00e1 sobre los bonos de transporte urbano y su cuant\u00eda ser\u00e1 el valor resultante del total de viajes acogidos a gratuidad infantil, para el periodo comprendido entre el 1 de julio y el 31 de diciembre de 2025\u201d.<\/p>\n\n\n\n<p>Saavedra ha aclarado que Granada ya incluye en su ordenanza la gratuidad en el transporte urbano para los menores de 6 a\u00f1os, por lo que esta ayuda va a ir para el tramo de edad de 6 a 14 a\u00f1os, ambos incluidos, a trav\u00e9s del bono joven.<\/p>\n\n\n\n<p><strong><em>\u00abEste bono se utiliza con la misma tarjeta que el bono joven habitual del autob\u00fas\u201d, as\u00ed, para poder activarlo, los menores de 15 a\u00f1os \u201cdeber\u00e1n acudir a la oficina de Alsa con el DNI o documento equivalente que refleje la fecha de nacimiento del ni\u00f1o (libro de familia o similar ya que los menores de 14 no tienen obligaci\u00f3n legal de tener el DNI) y all\u00ed se activar\u00e1 el bono\u201d<\/em><\/strong>. De esta manera, podr\u00e1n pasar la tarjeta una \u00fanica vez por viaje cuando suban al autob\u00fas y ya tendr\u00e1n su trayecto pagado.<\/p>\n\n\n\n<p>Para j\u00f3venes mayores de 15 a\u00f1os, el Ayuntamiento facilita el descuento del 50% del importe de la tarifa en t\u00edtulos joven, tambi\u00e9n desde el 1 de julio y hasta el 31 de diciembre, en los t\u00edtulos Bono Joven y el Bono Universitario, con un l\u00edmite de edad de 25 a\u00f1os este incluido.<\/p>\n","protected":false},"excerpt":{"rendered":"<p>Nuevas tarifas de autobuses en Granada desde el 1 de julio: gratis para menores de&#8230;<\/p>\n","protected":false},"author":1,"featured_media":77874,"comment_status":"closed","ping_status":"closed","sticky":false,"template":"","format":"standard","meta":{"_coblocks_attr":"","_coblocks_dimensions":"","_coblocks_responsive_height":"","_coblocks_accordion_ie_support":"","jetpack_post_was_ever_published":false,"_jetpack_newsletter_access":"","_jetpack_dont_email_post_to_subs":false,"_jetpack_newsletter_tier_id":0,"_jetpack_memberships_contains_paywalled_content":false,"_jetpack_memberships_contains_paid_content":false,"footnotes":"","jetpack_publicize_message":"","jetpack_publicize_feature_enabled":true,"jetpack_social_post_already_shared":true,"jetpack_social_options":{"image_generator_settings":{"template":"highway","default_image_id":0,"enabled":false},"version":2}},"categories":[1161,10781,44],"tags":[],"class_list":["post-77873","post","type-post","status-publish","format-standard","has-post-thumbnail","hentry","category-ciudadania","category-granada","category-noticias-de-hoy"],"jetpack_publicize_connections":[],"jetpack_featured_media_url":"https:\/\/i0.wp.com\/miradordeatarfe.es\/wp-content\/uploads\/2025\/06\/c734e437-5402-4b92-ba74-70bfe2e14397_16-9-aspect-ratio_1600w_0.webp?fit=1600%2C900&ssl=1","jetpack_likes_enabled":true,"jetpack_sharing_enabled":true,"_links":{"self":[{"href":"https:\/\/miradordeatarfe.es\/index.php?rest_route=\/wp\/v2\/posts\/77873","targetHints":{"allow":["GET"]}}],"collection":[{"href":"https:\/\/miradordeatarfe.es\/index.php?rest_route=\/wp\/v2\/posts"}],"about":[{"href":"https:\/\/miradordeatarfe.es\/index.php?rest_route=\/wp\/v2\/types\/post"}],"author":[{"embeddable":true,"href":"https:\/\/miradordeatarfe.es\/index.php?rest_route=\/wp\/v2\/users\/1"}],"replies":[{"embeddable":true,"href":"https:\/\/miradordeatarfe.es\/index.php?rest_route=%2Fwp%2Fv2%2Fcomments&post=77873"}],"version-history":[{"count":1,"href":"https:\/\/miradordeatarfe.es\/index.php?rest_route=\/wp\/v2\/posts\/77873\/revisions"}],"predecessor-version":[{"id":77875,"href":"https:\/\/miradordeatarfe.es\/index.php?rest_route=\/wp\/v2\/posts\/77873\/revisions\/77875"}],"wp:featuredmedia":[{"embeddable":true,"href":"https:\/\/miradordeatarfe.es\/index.php?rest_route=\/wp\/v2\/media\/77874"}],"wp:attachment":[{"href":"https:\/\/miradordeatarfe.es\/index.php?rest_route=%2Fwp%2Fv2%2Fmedia&parent=77873"}],"wp:term":[{"taxonomy":"category","embeddable":true,"href":"https:\/\/miradordeatarfe.es\/index.php?rest_route=%2Fwp%2Fv2%2Fcategories&post=77873"},{"taxonomy":"post_tag","embeddable":true,"href":"https:\/\/miradordeatarfe.es\/index.php?rest_route=%2Fwp%2Fv2%2Ftags&post=77873"}],"curies":[{"name":"wp","href":"https:\/\/api.w.org\/{rel}","templated":true}]}}