{"id":77879,"date":"2025-06-30T10:23:00","date_gmt":"2025-06-30T08:23:00","guid":{"rendered":"https:\/\/miradordeatarfe.es\/?p=77879"},"modified":"2025-06-28T11:25:32","modified_gmt":"2025-06-28T09:25:32","slug":"el-julio-cultural-de-valderrubio-regresa-un-ano-mas-cargado-de-talento","status":"publish","type":"post","link":"https:\/\/miradordeatarfe.es\/?p=77879","title":{"rendered":"El Julio Cultural de Valderrubio regresa un a\u00f1o m\u00e1s cargado de talento"},"content":{"rendered":"\n<h2 class=\"wp-block-heading\">La Casa Museo de Federico Garc\u00eda Lorca acoger\u00e1 una variada programaci\u00f3n con m\u00fasica, teatro o flamenco<\/h2>\n\n\n\n<p>El municipio de Valderrubio cuenta los d\u00edas para volver a disfrutar del festival <strong>Julio Cultural<\/strong>. Del 4 al 26 de dicho mes, la <strong>Casa Museo Federico Garc\u00eda Lorca<\/strong> acoger\u00e1 una variada programaci\u00f3n con talentos para todos los gustos. Ser\u00e1 su <strong>vig\u00e9simo novena edici\u00f3n<\/strong>. Flamenco, teatro o lecturas son algunas de las opciones contempladas para unas citas en las que el poeta granadino es el epicentro de todo.<\/p>\n\n\n\n<p>El estreno del festival tendr\u00e1 lugar el <strong>viernes 4 a las 22:00 horas con la muestra final de curso de Divas Dance Studio<\/strong>, escuela de Atarfe que domina numerosos estilos como danza urbana, flamenco o ballet. Ese mismo fin de semana, el s\u00e1bado a las 22:00 h., se podr\u00e1 disfrutar de la <strong>&#8216;Rapsodia de los sonidos oscuros&#8217;<\/strong> a cargo de la Coral de Nuestra Se\u00f1ora de la Consolaci\u00f3n de Pinos Puente.<\/p>\n\n\n\n<p>El primer artista protagonista del segundo fin de semana del mes ser\u00e1 el tenor <strong>Miguel Machado<\/strong>, quien, junto al pianista Salvador Fajador Villalba, dar\u00e1 el recital &#8216;De todo un poco y en m\u00fasica que no es poco&#8217; el viernes 11 a las 22:00 h. El s\u00e1bado 12 a la misma, llegar\u00e1 el turno del grupo <strong>El Cheff Essieri.<\/strong> Francisco L\u00f3pez al teclado, Eduardo Salazar en el bajo, Nando Trenzado en la bater\u00eda y Carmelo Jim\u00e9nez con el saxo dar\u00e1n mucha marcha al p\u00fablico.<\/p>\n\n\n\n<p>Saliendo de la rutina, la ciudadan\u00eda podr\u00e1 acudir a Valderrubio el jueves 17 a las 21:30 h. para disfrutar del inicio del<strong> Especial &#8216;San Federico&#8217;<\/strong>. <strong>La Fuente de la Teja<\/strong> ser\u00e1 el punto de encuentro de un homenaje al poeta a trav\u00e9s de lecturas de poemas y un paseo.<\/p>\n\n\n\n<h2 class=\"wp-block-heading\">&#8216;Bodas de Sangre&#8217; y visita teatralizada nocturna<\/h2>\n\n\n\n<p>El viernes 18 a las 20:30 h., el museo acoger\u00e1 la <strong>presentaci\u00f3n y proyecci\u00f3n de los cortometrajes &#8216;El \u00faltimo vals&#8217; y &#8216;Lunas de Agosto&#8217;<\/strong>, ambos de Juan Pintor. Esa misma jornada, a las 22:00 h., la Escuela Municipal de Teatro Roquetas de Mar interpretar\u00e1 &#8216;Bodas de Sangre&#8217; bajo la direcci\u00f3n de Mar\u00eda Gallardo.<\/p>\n\n\n\n<p>El s\u00e1bado 19, tendr\u00e1 lugar a las 19:00 h. una <strong>visita teatralizada nocturna<\/strong>, una oportunidad especial que requiere de reserva a trav\u00e9s de la web www.valderrubioenlorca.com. Despu\u00e9s, a las 22:00 h., la Asociaci\u00f3n Amigos del Libro Antiguo ofrecer\u00e1n un <strong>recital flamenco titulado &#8216;\u00a1Ay, Federico!&#8217;<\/strong>.<\/p>\n\n\n\n<p>Tambi\u00e9n habr\u00e1 lugar para la risa en el Julio Cultural de la mano de la <strong>comedia did\u00e1ctica &#8216;Un viaje a los or\u00edgenes de la literatura espa\u00f1ola&#8217;<\/strong> el viernes 25 a las 22:00 h. El broche de oro a esta programaci\u00f3n ser\u00e1 un <strong>festival flamenco<\/strong>. Las voces de Juan Pinilla y Esther Crisol, los pasos de Silvia Lozano y Vicente M\u00e1rquez &#8216;Tente&#8217; a la guitarra ser\u00e1n protagonistas el s\u00e1bado 26 a las 22:00 h. La cita ser\u00e1 presentada por Sergio Cuesta. No faltar\u00e1n alternativas ni mucho menos talento este mes de julio en Valderrubio.<\/p>\n\n\n\n<p><a href=\"https:\/\/www.granadadigital.es\/author\/sergio-rodriguez\/\"><strong>Sergio Rodr\u00edguez Acosta<\/strong><\/a><\/p>\n\n\n\n<p>FOTO: Casa Museo Federico Garc\u00eda Lorca en Valderrubio . Foto: Archivo<\/p>\n\n\n\n<p><a href=\"https:\/\/www.granadadigital.es\/julio-cultural-valderrubio-regresa-talento\">https:\/\/www.granadadigital.es\/julio-cultural-valderrubio-regresa-talento<\/a><\/p>\n","protected":false},"excerpt":{"rendered":"<p>La Casa Museo de Federico Garc\u00eda Lorca acoger\u00e1 una variada programaci\u00f3n con m\u00fasica, teatro o&#8230;<\/p>\n","protected":false},"author":1,"featured_media":77880,"comment_status":"closed","ping_status":"closed","sticky":false,"template":"","format":"standard","meta":{"_coblocks_attr":"","_coblocks_dimensions":"","_coblocks_responsive_height":"","_coblocks_accordion_ie_support":"","jetpack_post_was_ever_published":false,"_jetpack_newsletter_access":"","_jetpack_dont_email_post_to_subs":false,"_jetpack_newsletter_tier_id":0,"_jetpack_memberships_contains_paywalled_content":false,"_jetpack_memberships_contains_paid_content":false,"footnotes":"","jetpack_publicize_message":"","jetpack_publicize_feature_enabled":true,"jetpack_social_post_already_shared":true,"jetpack_social_options":{"image_generator_settings":{"template":"highway","default_image_id":0,"enabled":false},"version":2}},"categories":[1161,10781,44,1],"tags":[],"class_list":["post-77879","post","type-post","status-publish","format-standard","has-post-thumbnail","hentry","category-ciudadania","category-granada","category-noticias-de-hoy","category-uncategorized"],"jetpack_publicize_connections":[],"jetpack_featured_media_url":"https:\/\/i0.wp.com\/miradordeatarfe.es\/wp-content\/uploads\/2025\/06\/MixCollage-20-Jun-2025-05-32-PM-5060-1010x673-1.jpg?fit=1010%2C673&ssl=1","jetpack_likes_enabled":true,"jetpack_sharing_enabled":true,"_links":{"self":[{"href":"https:\/\/miradordeatarfe.es\/index.php?rest_route=\/wp\/v2\/posts\/77879","targetHints":{"allow":["GET"]}}],"collection":[{"href":"https:\/\/miradordeatarfe.es\/index.php?rest_route=\/wp\/v2\/posts"}],"about":[{"href":"https:\/\/miradordeatarfe.es\/index.php?rest_route=\/wp\/v2\/types\/post"}],"author":[{"embeddable":true,"href":"https:\/\/miradordeatarfe.es\/index.php?rest_route=\/wp\/v2\/users\/1"}],"replies":[{"embeddable":true,"href":"https:\/\/miradordeatarfe.es\/index.php?rest_route=%2Fwp%2Fv2%2Fcomments&post=77879"}],"version-history":[{"count":1,"href":"https:\/\/miradordeatarfe.es\/index.php?rest_route=\/wp\/v2\/posts\/77879\/revisions"}],"predecessor-version":[{"id":77881,"href":"https:\/\/miradordeatarfe.es\/index.php?rest_route=\/wp\/v2\/posts\/77879\/revisions\/77881"}],"wp:featuredmedia":[{"embeddable":true,"href":"https:\/\/miradordeatarfe.es\/index.php?rest_route=\/wp\/v2\/media\/77880"}],"wp:attachment":[{"href":"https:\/\/miradordeatarfe.es\/index.php?rest_route=%2Fwp%2Fv2%2Fmedia&parent=77879"}],"wp:term":[{"taxonomy":"category","embeddable":true,"href":"https:\/\/miradordeatarfe.es\/index.php?rest_route=%2Fwp%2Fv2%2Fcategories&post=77879"},{"taxonomy":"post_tag","embeddable":true,"href":"https:\/\/miradordeatarfe.es\/index.php?rest_route=%2Fwp%2Fv2%2Ftags&post=77879"}],"curies":[{"name":"wp","href":"https:\/\/api.w.org\/{rel}","templated":true}]}}