{"id":77882,"date":"2025-07-01T11:20:00","date_gmt":"2025-07-01T09:20:00","guid":{"rendered":"https:\/\/miradordeatarfe.es\/?p=77882"},"modified":"2025-06-29T13:50:12","modified_gmt":"2025-06-29T11:50:12","slug":"serie-pictorica-del-apostolado-e-imagineria-de-la-iglesia-parroquial-de-atarfe-parte-1","status":"publish","type":"post","link":"https:\/\/miradordeatarfe.es\/?p=77882","title":{"rendered":"\u00abSerie pict\u00f3rica del apostolado e imaginer\u00eda de la Iglesia Parroquial de Atarfe\u00bb (parte 1)"},"content":{"rendered":"\n<p class=\"has-medium-font-size\"><strong>Toda la serie pict\u00f3rica denominada apostolado presentan una gran calidad t\u00e9cnica, art\u00edstica y est\u00e9tica. De autores an\u00f3nimos pertenecen a la escuela granadina del Barroco, datando del siglo XVIII.<\/strong><\/p>\n\n\n\n<p> Todos son lienzos rectangulares realizados a base de pigmentos mezclados con aceites sobre lienzo, utilizando la t\u00e9cnica de pintura al \u00f3leo. La colecci\u00f3n de cuadros aparece ya en el inventario de la Parroquia de 1799.<\/p>\n\n\n\n<p><strong>San Sim\u00f3n Ap\u00f3stol.<\/strong> Se ubica en el primer tramo de la nave central, lado del evangelio. La obra, de fondo oscuro representa a Sim\u00f3n de pie, como un hombre anciano, calvo y con barba blanca. Viste t\u00fanica verde y manto rojo. En su mano derecha lleva un libro abierto al que dirige su mirada. En el \u00e1ngulo inferior derecho de la obra aparecen las inscripciones: \u201cS(an) SIMO\u201d. Se observan en el conjunto pict\u00f3rico peque\u00f1os deterioros como el destensado del lienzo, as\u00ed como cambios en algunos colores.<\/p>\n\n\n\n<p><strong>San Andr\u00e9s Ap\u00f3stol.<\/strong> Se encuentra ubicada en el segundo tramo de la nave central, lado del evangelio. La obra de fondo oscuro, representa a San Andr\u00e9s de pie, como un hombre maduro de cabellos y barba entrecanos. Viste t\u00fanica rosada y manto gris. En su mano izquierda porta un libro y en la derecha la cruz invertida, a la que dirige su mirada. Su conservaci\u00f3n es buena.<\/p>\n\n\n\n<p><strong>San Judas Tadeo Ap\u00f3stol.<\/strong> Ubicado en el tercer tramo de la nave central, lado del evangelio. Sobre fondo oscuro aparece de pie San Judas Tadeo, como un hombre maduro de barba blanca. Apoya su pierna izquierda sobre una roca y viste t\u00fanica blanca y manto marr\u00f3n. En la mano izquierda sujeta un libro abierto al que dirige su mirada. La obra presenta algunos cambios en los colores.<\/p>\n\n\n\n<p><strong>San Mateo Ap\u00f3stol.<\/strong> Ubicada en el crucero, en la nave del evangelio. Sobre fondo oscuro aparece en el centro de la composici\u00f3n San Mateo de perfil. Se representa como un hombre maduro de cabellos y barba oscuros. Viste un amplio manto marr\u00f3n y en su mano porta una alabarda. Su estado de conservaci\u00f3n es regular, pues tiene bastantes cambios en el color.<\/p>\n\n\n\n<p><strong>San Juan Ap\u00f3stol y Evangelista.<\/strong> Ubicada en el crucero, en la nave del evangelio. Sobre fondo oscuro, aparece el Ap\u00f3stol san Juan, de pie, como un hombre imberbe de cabellos casta\u00f1os. Viste t\u00fanica marr\u00f3n y manto rojo. En su mano izquierda porta un c\u00e1liz y dirige su mirada hacia arriba. En el \u00e1ngulo inferior izquierdo aparece la inscripci\u00f3n \u201cS(an) Jhoaner\u201d. Su conservaci\u00f3n es mala y su restauraci\u00f3n urge, ya que presenta bastantes deterioros como el destensado del lienzo, grietas en la uni\u00f3n con el bastidor, cambios de color y p\u00e9rdida del conjunto pict\u00f3rico en la zona media del lienzo.<\/p>\n\n\n\n<p><strong>Santiago el Mayor Ap\u00f3stol.<\/strong> Ubicado en la Capilla Mayor, lado del evangelio. Sobre fondo oscuro, el Ap\u00f3stol Santiago aparece como un hombre maduro de cabellos y barba negros. Aparece de pie y viste t\u00fanica y manto marr\u00f3n oscuro. Gira su cabeza hacia la izquierda y en sus manos porta un largo bast\u00f3n. En el \u00e1ngulo inferior izquierdo aparece la inscripci\u00f3n \u201cJacobus\u201d.  Su conservaci\u00f3n es regular, observ\u00e1ndose algunos destensados del lienzo y cambios crom\u00e1ticos.<\/p>\n\n\n\n<p><strong>San Pedro Ap\u00f3stol.<\/strong> Ubicado en la Capilla Mayor, lado de la ep\u00edstola. Sobre fondo oscuro, aparece San Pedro de perfil como un hombre casi anciano de barba blanca. Viste t\u00fanica oscura y manto ocre. Junta sus manos a la derecha y dirige su mirada al frente. El lienzo se encuentra destensado y con cambios crom\u00e1ticos.<\/p>\n\n\n\n<p><strong>Santiago el Menor Ap\u00f3stol.<\/strong> Ubicada en el crucero, lado de la ep\u00edstola. La iconograf\u00eda representa al ap\u00f3stol Santiago el Menor como un hombre maduro de cabellos y barba oscuros, sobre fondo constituido por un paisaje monta\u00f1oso. Viste t\u00fanica azul y manto rojo. En su mano derecha porta una maza y en la izquierda un libro abierto. Su conservaci\u00f3n es regular, observ\u00e1ndose cambios crom\u00e1ticos y la p\u00e9rdida del conjunto pict\u00f3rico en un 3% del mismo.<\/p>\n\n\n\n<p><strong>San Mat\u00edas Ap\u00f3stol.<\/strong> Se ubica en el crucero, lado de la ep\u00edstola. Sobre fondo oscuro, aparece el ap\u00f3stol de pie como un hombre maduro, calvo y de barba oscura. Viste t\u00fanica negra y manto rojo. En su mano derecha porta un hacha y en la izquierda un libro abierto. Su conservaci\u00f3n no es muy buena, observ\u00e1ndose el destensado del lienzo y suciedad.<\/p>\n\n\n\n<p><strong>San Felipe Ap\u00f3stol.<\/strong> Ubicado sobre el tercer tramo de la nave central en el lado de la ep\u00edstola. La iconograf\u00eda representa al ap\u00f3stol de pie y de perfil, como un hombre casi anciano de cabellos y barba blancos. Viste t\u00fanica rojiza y manto marr\u00f3n. En la mano derecha porta una vara que termina en forma de cruz. Su conservaci\u00f3n es regular, presentando destensados del lienzo, suciedad y roturas en la zona central.<\/p>\n\n\n\n<p><strong>San Bartolom\u00e9 Ap\u00f3stol.<\/strong> Ubicado en el segundo tramo de la nave central, lado de la ep\u00edstola. Sobre fondo oscuro aparece el ap\u00f3stol como un hombre barbado y calvo. Viste t\u00fanica marr\u00f3n y manto blanco, portando en sus manos un cuchillo. Presenta la obra algunos deterioros como el destensado del lienzo y desgastes crom\u00e1ticos.<\/p>\n\n\n\n<p><strong>Santo Tom\u00e1s Ap\u00f3stol.<\/strong> Ubicado en el primer tramo de la nave central, lado de la ep\u00edstola. Sobre fondo oscuro, aparece en el centro de la composici\u00f3n la figura del ap\u00f3stol de pie, como un hombre maduro de cabellos y barba oscuros. Viste t\u00fanica marr\u00f3n y manto rojo, llevando en su mano derecha un libro abierto y en la izquierda una lanza. La figura dirige la mirada a la derecha. La obra presenta bastantes deterioros como la p\u00e9rdida de colores en la zona de contacto entre el lienzo y el marco.<\/p>\n\n\n\n<p><strong>Comisi\u00f3n parroquial de medios de comunicaci\u00f3n<\/strong><\/p>\n\n\n\n<p><strong>Art\u00edculo editado por Corporaci\u00f3n de Medios de Andaluc\u00eda y el Ayuntamiento de Atarfe, coordinado por Jos\u00e9 Enrique Granados y tiene por nombre \u00abAtarfe en el papel\u00bb<\/strong><\/p>\n","protected":false},"excerpt":{"rendered":"<p>Toda la serie pict\u00f3rica denominada apostolado presentan una gran calidad t\u00e9cnica, art\u00edstica y est\u00e9tica. De&#8230;<\/p>\n","protected":false},"author":1,"featured_media":77883,"comment_status":"closed","ping_status":"closed","sticky":false,"template":"","format":"standard","meta":{"_coblocks_attr":"","_coblocks_dimensions":"","_coblocks_responsive_height":"","_coblocks_accordion_ie_support":"","jetpack_post_was_ever_published":false,"_jetpack_newsletter_access":"","_jetpack_dont_email_post_to_subs":false,"_jetpack_newsletter_tier_id":0,"_jetpack_memberships_contains_paywalled_content":false,"_jetpack_memberships_contains_paid_content":false,"footnotes":"","jetpack_publicize_message":"","jetpack_publicize_feature_enabled":true,"jetpack_social_post_already_shared":true,"jetpack_social_options":{"image_generator_settings":{"template":"highway","default_image_id":0,"enabled":false},"version":2}},"categories":[2,186,44],"tags":[],"class_list":["post-77882","post","type-post","status-publish","format-standard","has-post-thumbnail","hentry","category-atarfe","category-instituciones","category-noticias-de-hoy"],"jetpack_publicize_connections":[],"jetpack_featured_media_url":"https:\/\/i0.wp.com\/miradordeatarfe.es\/wp-content\/uploads\/2025\/06\/FB_IMG_1445713954885.jpg?fit=441%2C897&ssl=1","jetpack_likes_enabled":true,"jetpack_sharing_enabled":true,"_links":{"self":[{"href":"https:\/\/miradordeatarfe.es\/index.php?rest_route=\/wp\/v2\/posts\/77882","targetHints":{"allow":["GET"]}}],"collection":[{"href":"https:\/\/miradordeatarfe.es\/index.php?rest_route=\/wp\/v2\/posts"}],"about":[{"href":"https:\/\/miradordeatarfe.es\/index.php?rest_route=\/wp\/v2\/types\/post"}],"author":[{"embeddable":true,"href":"https:\/\/miradordeatarfe.es\/index.php?rest_route=\/wp\/v2\/users\/1"}],"replies":[{"embeddable":true,"href":"https:\/\/miradordeatarfe.es\/index.php?rest_route=%2Fwp%2Fv2%2Fcomments&post=77882"}],"version-history":[{"count":2,"href":"https:\/\/miradordeatarfe.es\/index.php?rest_route=\/wp\/v2\/posts\/77882\/revisions"}],"predecessor-version":[{"id":77885,"href":"https:\/\/miradordeatarfe.es\/index.php?rest_route=\/wp\/v2\/posts\/77882\/revisions\/77885"}],"wp:featuredmedia":[{"embeddable":true,"href":"https:\/\/miradordeatarfe.es\/index.php?rest_route=\/wp\/v2\/media\/77883"}],"wp:attachment":[{"href":"https:\/\/miradordeatarfe.es\/index.php?rest_route=%2Fwp%2Fv2%2Fmedia&parent=77882"}],"wp:term":[{"taxonomy":"category","embeddable":true,"href":"https:\/\/miradordeatarfe.es\/index.php?rest_route=%2Fwp%2Fv2%2Fcategories&post=77882"},{"taxonomy":"post_tag","embeddable":true,"href":"https:\/\/miradordeatarfe.es\/index.php?rest_route=%2Fwp%2Fv2%2Ftags&post=77882"}],"curies":[{"name":"wp","href":"https:\/\/api.w.org\/{rel}","templated":true}]}}