{"id":77896,"date":"2025-06-29T11:18:00","date_gmt":"2025-06-29T09:18:00","guid":{"rendered":"https:\/\/miradordeatarfe.es\/?p=77896"},"modified":"2025-06-29T13:10:40","modified_gmt":"2025-06-29T11:10:40","slug":"incendio-en-un-hotel-restaurante-de-atarfe-siete-intoxicados-una-pareja-rescatada-y-35-desalojados","status":"publish","type":"post","link":"https:\/\/miradordeatarfe.es\/?p=77896","title":{"rendered":"Incendio en un hotel-restaurante de Atarfe: siete intoxicados, una pareja rescatada y 35 desalojados"},"content":{"rendered":"\n<p class=\"has-medium-font-size\"><strong>Los miembros del servicio de extinci\u00f3n de incendios elevaron una escala hasta la ventana de la estancia que ocupaban las personas atrapadas para bajarlas hasta la calle, seg\u00fan inform\u00f3 la Polic\u00eda Local<\/strong><\/p>\n\n\n\n<p>Los convites de boda que acog\u00edan los salones del Hotel Las Yucas de Atarfe el pasado s\u00e1bado por la noche acabaron de forma abrupta. Una intensa humareda, originada por un fuego en un peque\u00f1o almac\u00e9n del propio establecimiento, se extendi\u00f3 por todos los rincones del local y oblig\u00f3 a desalojar a 35 personas. La alerta se dio a las 10.45 horas.<\/p>\n\n\n\n<p>Los Bomberos de Granada tuvieron que rescatar a una pareja que no pudo abandonar su habitaci\u00f3n porque el humo ya lo cubr\u00eda todo. Los miembros del servicio de extinci\u00f3n de incendios elevaron una escala hasta la ventana de la estancia que ocupaban las personas atrapadas para bajarlas hasta la calle, seg\u00fan inform\u00f3 la Polic\u00eda Local de Atarfe, que estuvo presente en lugar de los hechos para colaborar en las tareas de salvamento.<\/p>\n\n\n\n<p>Los evacuados no pudieron regresar al hotel siniestrado y fueron reubicados en otras hospeder\u00edas.<\/p>\n\n\n\n<p>No han trascendido las causas del suceso.<\/p>\n","protected":false},"excerpt":{"rendered":"<p>Los miembros del servicio de extinci\u00f3n de incendios elevaron una escala hasta la ventana de&#8230;<\/p>\n","protected":false},"author":1,"featured_media":77897,"comment_status":"closed","ping_status":"closed","sticky":false,"template":"","format":"standard","meta":{"_coblocks_attr":"","_coblocks_dimensions":"","_coblocks_responsive_height":"","_coblocks_accordion_ie_support":"","jetpack_post_was_ever_published":false,"_jetpack_newsletter_access":"","_jetpack_dont_email_post_to_subs":false,"_jetpack_newsletter_tier_id":0,"_jetpack_memberships_contains_paywalled_content":false,"_jetpack_memberships_contains_paid_content":false,"footnotes":"","jetpack_publicize_message":"","jetpack_publicize_feature_enabled":true,"jetpack_social_post_already_shared":true,"jetpack_social_options":{"image_generator_settings":{"template":"highway","default_image_id":0,"enabled":false},"version":2}},"categories":[2,186,44],"tags":[],"class_list":["post-77896","post","type-post","status-publish","format-standard","has-post-thumbnail","hentry","category-atarfe","category-instituciones","category-noticias-de-hoy"],"jetpack_publicize_connections":[],"jetpack_featured_media_url":"https:\/\/i0.wp.com\/miradordeatarfe.es\/wp-content\/uploads\/2025\/06\/incendio-hotel-restaurante-atarfe-U22017263887839uE-U23022260412307IG-1200x840%40Ideal.webp?fit=940%2C840&ssl=1","jetpack_likes_enabled":true,"jetpack_sharing_enabled":true,"_links":{"self":[{"href":"https:\/\/miradordeatarfe.es\/index.php?rest_route=\/wp\/v2\/posts\/77896","targetHints":{"allow":["GET"]}}],"collection":[{"href":"https:\/\/miradordeatarfe.es\/index.php?rest_route=\/wp\/v2\/posts"}],"about":[{"href":"https:\/\/miradordeatarfe.es\/index.php?rest_route=\/wp\/v2\/types\/post"}],"author":[{"embeddable":true,"href":"https:\/\/miradordeatarfe.es\/index.php?rest_route=\/wp\/v2\/users\/1"}],"replies":[{"embeddable":true,"href":"https:\/\/miradordeatarfe.es\/index.php?rest_route=%2Fwp%2Fv2%2Fcomments&post=77896"}],"version-history":[{"count":1,"href":"https:\/\/miradordeatarfe.es\/index.php?rest_route=\/wp\/v2\/posts\/77896\/revisions"}],"predecessor-version":[{"id":77898,"href":"https:\/\/miradordeatarfe.es\/index.php?rest_route=\/wp\/v2\/posts\/77896\/revisions\/77898"}],"wp:featuredmedia":[{"embeddable":true,"href":"https:\/\/miradordeatarfe.es\/index.php?rest_route=\/wp\/v2\/media\/77897"}],"wp:attachment":[{"href":"https:\/\/miradordeatarfe.es\/index.php?rest_route=%2Fwp%2Fv2%2Fmedia&parent=77896"}],"wp:term":[{"taxonomy":"category","embeddable":true,"href":"https:\/\/miradordeatarfe.es\/index.php?rest_route=%2Fwp%2Fv2%2Fcategories&post=77896"},{"taxonomy":"post_tag","embeddable":true,"href":"https:\/\/miradordeatarfe.es\/index.php?rest_route=%2Fwp%2Fv2%2Ftags&post=77896"}],"curies":[{"name":"wp","href":"https:\/\/api.w.org\/{rel}","templated":true}]}}