{"id":77912,"date":"2025-07-02T11:00:00","date_gmt":"2025-07-02T09:00:00","guid":{"rendered":"https:\/\/miradordeatarfe.es\/?p=77912"},"modified":"2025-06-30T10:45:48","modified_gmt":"2025-06-30T08:45:48","slug":"aventura-refrescante-para-los-jovenes-de-atarfe-el-12-de-julio-2025","status":"publish","type":"post","link":"https:\/\/miradordeatarfe.es\/?p=77912","title":{"rendered":"\u00a1Aventura refrescante para los j\u00f3venes de Atarfe el 12 de julio 2025!"},"content":{"rendered":"\n<p class=\"has-medium-font-size\"><strong> El Ayuntamiento de Atarfe planifica una jornada gratuita de MULTIAVENTURA en el Pantano de Cubillas. Este verano vuelve la aventura m\u00e1s refrescante para los j\u00f3venes de Atarfe<\/strong><\/p>\n\n\n\n<p>\u00bfTienes entre 13 y 30 a\u00f1os y est\u00e1s empadronado\/a en Atarfe? \u00a1Esto es para ti! Prep\u00e1rate para vivir una ma\u00f1ana inolvidable con actividades acu\u00e1ticas, diversi\u00f3n y naturaleza.<\/p>\n\n\n\n<p>Jornada Multiaventura gratuita el pr\u00f3ximo 12 de Julio de 2025, en la que se podr\u00e1 realizar actividades acu\u00e1ticas: piraguas, stand up paddling, bigsup, hidropedal, cama el\u00e1stica y tobog\u00e1n hinchable.<br \/><\/p>\n\n\n\n<p>Los monitores acompa\u00f1ar\u00e1n al grupo en cada una de estas actividades, ofreciendo informaci\u00f3n y ayuda para garantizar la seguridad.<\/p>\n\n\n\n<p>Incluye: equipo completo para las actividades elegidas, seguros de responsabilidad civil y accidentes y autob\u00fas de ida y vuelta.<\/p>\n\n\n\n<p>Se desarrollar\u00e1 en las instalaciones del Campus N\u00e1utico de la UGR en el Pantano de Cubillas (Granada).<br \/>Recomendaciones: llevar ba\u00f1ador, calzado deportivo y camiseta que se pueda mojar, toalla, muda, crema solar, gorra, agua, bocata y peque\u00f1o tentempi\u00e9.<\/p>\n\n\n\n<p class=\"has-medium-font-size\"><strong>Requisito imprescindible: saber nadar<\/strong><\/p>\n\n\n\n<p>&#x1f4c5; S\u00e1bado 12 de julio<br \/>&#x1f558; Salida: 9:30h desde el Centro Cultural<br \/>&#x23f1; Regreso: 14:30h al mismo punto<\/p>\n\n\n\n<p>&#x1f39f; Inscripciones<br \/>A <strong>partir del 30 de Junio (hasta el 10 de julio o hasta completar plazas)<\/strong><br \/>&#x1f4cd; Presencialmente en el Espacio Joven (C\/ Mar del Caribe, s\/n)<br \/>&#x1f558; De lunes a viernes, de 9:00 a 14:00h<\/p>\n\n\n\n<p>MAS INFORMACI\u00d3N : <br \/><a href=\"http:\/\/atarfe.es\/verano-joven-multiaventura-2025\">http:\/\/atarfe.es\/verano-joven-multiaventura-2025<\/a><br \/>O LLAMANDO A L 676 484 703<\/p>\n\n\n\n<p><strong>Organiza: Concejal\u00eda de Juventud \u2013 Ayuntamiento de Atarfe<\/strong><\/p>\n","protected":false},"excerpt":{"rendered":"<p>El Ayuntamiento de Atarfe planifica una jornada gratuita de MULTIAVENTURA en el Pantano de Cubillas&#8230;.<\/p>\n","protected":false},"author":1,"featured_media":77913,"comment_status":"closed","ping_status":"closed","sticky":false,"template":"","format":"standard","meta":{"_coblocks_attr":"","_coblocks_dimensions":"","_coblocks_responsive_height":"","_coblocks_accordion_ie_support":"","jetpack_post_was_ever_published":false,"_jetpack_newsletter_access":"","_jetpack_dont_email_post_to_subs":false,"_jetpack_newsletter_tier_id":0,"_jetpack_memberships_contains_paywalled_content":false,"_jetpack_memberships_contains_paid_content":false,"footnotes":"","jetpack_publicize_message":"","jetpack_publicize_feature_enabled":true,"jetpack_social_post_already_shared":true,"jetpack_social_options":{"image_generator_settings":{"template":"highway","default_image_id":0,"enabled":false},"version":2}},"categories":[2,1161,186,44],"tags":[],"class_list":["post-77912","post","type-post","status-publish","format-standard","has-post-thumbnail","hentry","category-atarfe","category-ciudadania","category-instituciones","category-noticias-de-hoy"],"jetpack_publicize_connections":[],"jetpack_featured_media_url":"https:\/\/i0.wp.com\/miradordeatarfe.es\/wp-content\/uploads\/2025\/06\/Imagen-de-WhatsApp-2025-06-27-a-las-18.09.52_1ae70b38.jpg?fit=600%2C750&ssl=1","jetpack_likes_enabled":true,"jetpack_sharing_enabled":true,"_links":{"self":[{"href":"https:\/\/miradordeatarfe.es\/index.php?rest_route=\/wp\/v2\/posts\/77912","targetHints":{"allow":["GET"]}}],"collection":[{"href":"https:\/\/miradordeatarfe.es\/index.php?rest_route=\/wp\/v2\/posts"}],"about":[{"href":"https:\/\/miradordeatarfe.es\/index.php?rest_route=\/wp\/v2\/types\/post"}],"author":[{"embeddable":true,"href":"https:\/\/miradordeatarfe.es\/index.php?rest_route=\/wp\/v2\/users\/1"}],"replies":[{"embeddable":true,"href":"https:\/\/miradordeatarfe.es\/index.php?rest_route=%2Fwp%2Fv2%2Fcomments&post=77912"}],"version-history":[{"count":1,"href":"https:\/\/miradordeatarfe.es\/index.php?rest_route=\/wp\/v2\/posts\/77912\/revisions"}],"predecessor-version":[{"id":77914,"href":"https:\/\/miradordeatarfe.es\/index.php?rest_route=\/wp\/v2\/posts\/77912\/revisions\/77914"}],"wp:featuredmedia":[{"embeddable":true,"href":"https:\/\/miradordeatarfe.es\/index.php?rest_route=\/wp\/v2\/media\/77913"}],"wp:attachment":[{"href":"https:\/\/miradordeatarfe.es\/index.php?rest_route=%2Fwp%2Fv2%2Fmedia&parent=77912"}],"wp:term":[{"taxonomy":"category","embeddable":true,"href":"https:\/\/miradordeatarfe.es\/index.php?rest_route=%2Fwp%2Fv2%2Fcategories&post=77912"},{"taxonomy":"post_tag","embeddable":true,"href":"https:\/\/miradordeatarfe.es\/index.php?rest_route=%2Fwp%2Fv2%2Ftags&post=77912"}],"curies":[{"name":"wp","href":"https:\/\/api.w.org\/{rel}","templated":true}]}}