{"id":77916,"date":"2025-06-30T11:15:00","date_gmt":"2025-06-30T09:15:00","guid":{"rendered":"https:\/\/miradordeatarfe.es\/?p=77916"},"modified":"2025-06-30T11:31:34","modified_gmt":"2025-06-30T09:31:34","slug":"atarfe-visita-guiada-al-yacimiento-de-medina-elvira","status":"publish","type":"post","link":"https:\/\/miradordeatarfe.es\/?p=77916","title":{"rendered":"ATARFE: VISITA GUIADA AL YACIMIENTO DE MEDINA ELVIRA"},"content":{"rendered":"\n<p><strong>El pasado d\u00eda 25 de junio, tuvo lugar una visita guiada al Yacimiento de Madinat Ilbira, organizada por la Asociaci\u00f3n Cultural \u201cCora de Ilbira\u201d, con la colaboraci\u00f3n del Ayuntamiento de Atarfe, Diputaci\u00f3n de Granada y el Grupo de Investigaci\u00f3n de la Universidad de Granada ISTMO (Hum-162).<\/strong><\/p>\n\n\n\n<p>Un grupo de 50 participantes, de distintos puntos de nuestra provincia, fueron atendidos por la Junta Directiva de la Asociaci\u00f3n, y el equipo de arque\u00f3logos que desarrollan el Proyecto de Investigaci\u00f3n de la U.G.R., contando con la presencia de la Alcaldesa D\u00aa Yolanda Fern\u00e1ndez Morales y la Concejala de Cultura D\u00aa Jennifer Garc\u00eda Moreno del Ayuntamiento de Atarfe que dirigieron unas palabras de bienvenida y de su compromiso con el yacimiento.<\/p>\n\n\n\n<figure class=\"wp-block-gallery has-nested-images columns-default is-cropped wp-block-gallery-1 is-layout-flex wp-block-gallery-is-layout-flex\">\n<figure class=\"wp-block-image size-large\"><img data-recalc-dims=\"1\" loading=\"lazy\" decoding=\"async\" width=\"640\" height=\"482\" data-id=\"77920\" src=\"https:\/\/i0.wp.com\/miradordeatarfe.es\/wp-content\/uploads\/2025\/06\/IMG20250625100857.jpg?resize=640%2C482&#038;ssl=1\" alt=\"\" class=\"wp-image-77920\" srcset=\"https:\/\/i0.wp.com\/miradordeatarfe.es\/wp-content\/uploads\/2025\/06\/IMG20250625100857-scaled.jpg?resize=1024%2C771&amp;ssl=1 1024w, https:\/\/i0.wp.com\/miradordeatarfe.es\/wp-content\/uploads\/2025\/06\/IMG20250625100857-scaled.jpg?resize=300%2C226&amp;ssl=1 300w, https:\/\/i0.wp.com\/miradordeatarfe.es\/wp-content\/uploads\/2025\/06\/IMG20250625100857-scaled.jpg?resize=768%2C578&amp;ssl=1 768w, https:\/\/i0.wp.com\/miradordeatarfe.es\/wp-content\/uploads\/2025\/06\/IMG20250625100857-scaled.jpg?resize=1536%2C1157&amp;ssl=1 1536w, https:\/\/i0.wp.com\/miradordeatarfe.es\/wp-content\/uploads\/2025\/06\/IMG20250625100857-scaled.jpg?resize=2048%2C1542&amp;ssl=1 2048w, https:\/\/i0.wp.com\/miradordeatarfe.es\/wp-content\/uploads\/2025\/06\/IMG20250625100857-scaled.jpg?resize=1320%2C994&amp;ssl=1 1320w, https:\/\/i0.wp.com\/miradordeatarfe.es\/wp-content\/uploads\/2025\/06\/IMG20250625100857-scaled.jpg?w=1920&amp;ssl=1 1920w\" sizes=\"auto, (max-width: 640px) 100vw, 640px\" \/><figcaption class=\"wp-element-caption\">oplus_131074<\/figcaption><\/figure>\n\n\n\n<figure class=\"wp-block-image size-large\"><img data-recalc-dims=\"1\" loading=\"lazy\" decoding=\"async\" width=\"640\" height=\"482\" data-id=\"77921\" src=\"https:\/\/i0.wp.com\/miradordeatarfe.es\/wp-content\/uploads\/2025\/06\/IMG20250625101316.jpg?resize=640%2C482&#038;ssl=1\" alt=\"\" class=\"wp-image-77921\" srcset=\"https:\/\/i0.wp.com\/miradordeatarfe.es\/wp-content\/uploads\/2025\/06\/IMG20250625101316-scaled.jpg?resize=1024%2C771&amp;ssl=1 1024w, https:\/\/i0.wp.com\/miradordeatarfe.es\/wp-content\/uploads\/2025\/06\/IMG20250625101316-scaled.jpg?resize=300%2C226&amp;ssl=1 300w, https:\/\/i0.wp.com\/miradordeatarfe.es\/wp-content\/uploads\/2025\/06\/IMG20250625101316-scaled.jpg?resize=768%2C578&amp;ssl=1 768w, https:\/\/i0.wp.com\/miradordeatarfe.es\/wp-content\/uploads\/2025\/06\/IMG20250625101316-scaled.jpg?resize=1536%2C1157&amp;ssl=1 1536w, https:\/\/i0.wp.com\/miradordeatarfe.es\/wp-content\/uploads\/2025\/06\/IMG20250625101316-scaled.jpg?resize=2048%2C1542&amp;ssl=1 2048w, https:\/\/i0.wp.com\/miradordeatarfe.es\/wp-content\/uploads\/2025\/06\/IMG20250625101316-scaled.jpg?resize=1320%2C994&amp;ssl=1 1320w, https:\/\/i0.wp.com\/miradordeatarfe.es\/wp-content\/uploads\/2025\/06\/IMG20250625101316-scaled.jpg?w=1920&amp;ssl=1 1920w\" sizes=\"auto, (max-width: 640px) 100vw, 640px\" \/><figcaption class=\"wp-element-caption\">oplus_131074<\/figcaption><\/figure>\n\n\n\n<figure class=\"wp-block-image size-large\"><img data-recalc-dims=\"1\" loading=\"lazy\" decoding=\"async\" width=\"640\" height=\"482\" data-id=\"77919\" src=\"https:\/\/i0.wp.com\/miradordeatarfe.es\/wp-content\/uploads\/2025\/06\/IMG20250625101440.jpg?resize=640%2C482&#038;ssl=1\" alt=\"\" class=\"wp-image-77919\" srcset=\"https:\/\/i0.wp.com\/miradordeatarfe.es\/wp-content\/uploads\/2025\/06\/IMG20250625101440-scaled.jpg?resize=1024%2C771&amp;ssl=1 1024w, https:\/\/i0.wp.com\/miradordeatarfe.es\/wp-content\/uploads\/2025\/06\/IMG20250625101440-scaled.jpg?resize=300%2C226&amp;ssl=1 300w, https:\/\/i0.wp.com\/miradordeatarfe.es\/wp-content\/uploads\/2025\/06\/IMG20250625101440-scaled.jpg?resize=768%2C578&amp;ssl=1 768w, https:\/\/i0.wp.com\/miradordeatarfe.es\/wp-content\/uploads\/2025\/06\/IMG20250625101440-scaled.jpg?resize=1536%2C1157&amp;ssl=1 1536w, https:\/\/i0.wp.com\/miradordeatarfe.es\/wp-content\/uploads\/2025\/06\/IMG20250625101440-scaled.jpg?resize=2048%2C1542&amp;ssl=1 2048w, https:\/\/i0.wp.com\/miradordeatarfe.es\/wp-content\/uploads\/2025\/06\/IMG20250625101440-scaled.jpg?resize=1320%2C994&amp;ssl=1 1320w, https:\/\/i0.wp.com\/miradordeatarfe.es\/wp-content\/uploads\/2025\/06\/IMG20250625101440-scaled.jpg?w=1920&amp;ssl=1 1920w\" sizes=\"auto, (max-width: 640px) 100vw, 640px\" \/><figcaption class=\"wp-element-caption\">oplus_131074<\/figcaption><\/figure>\n<\/figure>\n\n\n\n<figure class=\"wp-block-image size-large\"><img data-recalc-dims=\"1\" loading=\"lazy\" decoding=\"async\" width=\"640\" height=\"482\" src=\"https:\/\/i0.wp.com\/miradordeatarfe.es\/wp-content\/uploads\/2025\/06\/IMG20250625100904.jpg?resize=640%2C482&#038;ssl=1\" alt=\"\" class=\"wp-image-77922\" srcset=\"https:\/\/i0.wp.com\/miradordeatarfe.es\/wp-content\/uploads\/2025\/06\/IMG20250625100904-scaled.jpg?resize=1024%2C771&amp;ssl=1 1024w, https:\/\/i0.wp.com\/miradordeatarfe.es\/wp-content\/uploads\/2025\/06\/IMG20250625100904-scaled.jpg?resize=300%2C226&amp;ssl=1 300w, https:\/\/i0.wp.com\/miradordeatarfe.es\/wp-content\/uploads\/2025\/06\/IMG20250625100904-scaled.jpg?resize=768%2C578&amp;ssl=1 768w, https:\/\/i0.wp.com\/miradordeatarfe.es\/wp-content\/uploads\/2025\/06\/IMG20250625100904-scaled.jpg?resize=1536%2C1157&amp;ssl=1 1536w, https:\/\/i0.wp.com\/miradordeatarfe.es\/wp-content\/uploads\/2025\/06\/IMG20250625100904-scaled.jpg?resize=2048%2C1542&amp;ssl=1 2048w, https:\/\/i0.wp.com\/miradordeatarfe.es\/wp-content\/uploads\/2025\/06\/IMG20250625100904-scaled.jpg?resize=1320%2C994&amp;ssl=1 1320w, https:\/\/i0.wp.com\/miradordeatarfe.es\/wp-content\/uploads\/2025\/06\/IMG20250625100904-scaled.jpg?w=1920&amp;ssl=1 1920w\" sizes=\"auto, (max-width: 640px) 100vw, 640px\" \/><figcaption class=\"wp-element-caption\">oplus_131074<\/figcaption><\/figure>\n\n\n\n<p>La Asociaci\u00f3n Cultural \u201cCORA DE ILBIRA\u201d, organizaci\u00f3n sin \u00e1nimo&nbsp;de lucro, seg\u00fan su presidenta Francisca Fuillerat plantea esta visita,&nbsp;con el objetivo de dar a conocer nuestro pasado hist\u00f3rico y descubrir lo que signific\u00f3 aquella sociedad de Al.Andalus, que&nbsp;parti\u00f3&nbsp;del inter\u00e9s de un grupo de ciudadanas y ciudadanos, que decidieron constituir la Asociaci\u00f3n para dar a conocer lo que &nbsp;fue Medina Elvira,<\/p>\n\n\n\n<p>Medina Elvira&nbsp;se localiza en el punto donde convergen Sierra Elvira y la Vega de Granada descendiendo desde las estribaciones meridionales de la monta\u00f1a hacia la f\u00e9rtil llanura aluvial que forman el r\u00edo Genil y sus afluentes. Un espacio privilegiado, cuya orientaci\u00f3n hacia el sur proteg\u00eda a la ciudad de los vientos m\u00e1s fr\u00edos quedando adem\u00e1s alejada de posibles crecidas del Genil, pero lo suficientemente cerca para aprovechar los f\u00e9rtiles dep\u00f3sitos generados por el r\u00edo<\/p>\n\n\n\n<figure class=\"wp-block-gallery has-nested-images columns-default is-cropped wp-block-gallery-2 is-layout-flex wp-block-gallery-is-layout-flex\">\n<figure class=\"wp-block-image size-large\"><img data-recalc-dims=\"1\" loading=\"lazy\" decoding=\"async\" width=\"640\" height=\"482\" data-id=\"77923\" src=\"https:\/\/i0.wp.com\/miradordeatarfe.es\/wp-content\/uploads\/2025\/06\/IMG20250625101448.jpg?resize=640%2C482&#038;ssl=1\" alt=\"\" class=\"wp-image-77923\" srcset=\"https:\/\/i0.wp.com\/miradordeatarfe.es\/wp-content\/uploads\/2025\/06\/IMG20250625101448-scaled.jpg?resize=1024%2C771&amp;ssl=1 1024w, https:\/\/i0.wp.com\/miradordeatarfe.es\/wp-content\/uploads\/2025\/06\/IMG20250625101448-scaled.jpg?resize=300%2C226&amp;ssl=1 300w, https:\/\/i0.wp.com\/miradordeatarfe.es\/wp-content\/uploads\/2025\/06\/IMG20250625101448-scaled.jpg?resize=768%2C578&amp;ssl=1 768w, https:\/\/i0.wp.com\/miradordeatarfe.es\/wp-content\/uploads\/2025\/06\/IMG20250625101448-scaled.jpg?resize=1536%2C1157&amp;ssl=1 1536w, https:\/\/i0.wp.com\/miradordeatarfe.es\/wp-content\/uploads\/2025\/06\/IMG20250625101448-scaled.jpg?resize=2048%2C1542&amp;ssl=1 2048w, https:\/\/i0.wp.com\/miradordeatarfe.es\/wp-content\/uploads\/2025\/06\/IMG20250625101448-scaled.jpg?resize=1320%2C994&amp;ssl=1 1320w, https:\/\/i0.wp.com\/miradordeatarfe.es\/wp-content\/uploads\/2025\/06\/IMG20250625101448-scaled.jpg?w=1920&amp;ssl=1 1920w\" sizes=\"auto, (max-width: 640px) 100vw, 640px\" \/><figcaption class=\"wp-element-caption\">oplus_131074<\/figcaption><\/figure>\n\n\n\n<figure class=\"wp-block-image size-large\"><img data-recalc-dims=\"1\" loading=\"lazy\" decoding=\"async\" width=\"640\" height=\"482\" data-id=\"77924\" src=\"https:\/\/i0.wp.com\/miradordeatarfe.es\/wp-content\/uploads\/2025\/06\/IMG20250625101629.jpg?resize=640%2C482&#038;ssl=1\" alt=\"\" class=\"wp-image-77924\" srcset=\"https:\/\/i0.wp.com\/miradordeatarfe.es\/wp-content\/uploads\/2025\/06\/IMG20250625101629-scaled.jpg?resize=1024%2C771&amp;ssl=1 1024w, https:\/\/i0.wp.com\/miradordeatarfe.es\/wp-content\/uploads\/2025\/06\/IMG20250625101629-scaled.jpg?resize=300%2C226&amp;ssl=1 300w, https:\/\/i0.wp.com\/miradordeatarfe.es\/wp-content\/uploads\/2025\/06\/IMG20250625101629-scaled.jpg?resize=768%2C578&amp;ssl=1 768w, https:\/\/i0.wp.com\/miradordeatarfe.es\/wp-content\/uploads\/2025\/06\/IMG20250625101629-scaled.jpg?resize=1536%2C1157&amp;ssl=1 1536w, https:\/\/i0.wp.com\/miradordeatarfe.es\/wp-content\/uploads\/2025\/06\/IMG20250625101629-scaled.jpg?resize=2048%2C1542&amp;ssl=1 2048w, https:\/\/i0.wp.com\/miradordeatarfe.es\/wp-content\/uploads\/2025\/06\/IMG20250625101629-scaled.jpg?resize=1320%2C994&amp;ssl=1 1320w, https:\/\/i0.wp.com\/miradordeatarfe.es\/wp-content\/uploads\/2025\/06\/IMG20250625101629-scaled.jpg?w=1920&amp;ssl=1 1920w\" sizes=\"auto, (max-width: 640px) 100vw, 640px\" \/><figcaption class=\"wp-element-caption\">oplus_131074<\/figcaption><\/figure>\n\n\n\n<figure class=\"wp-block-image size-large\"><img data-recalc-dims=\"1\" loading=\"lazy\" decoding=\"async\" width=\"640\" height=\"482\" data-id=\"77925\" src=\"https:\/\/i0.wp.com\/miradordeatarfe.es\/wp-content\/uploads\/2025\/06\/IMG20250625101905.jpg?resize=640%2C482&#038;ssl=1\" alt=\"\" class=\"wp-image-77925\" srcset=\"https:\/\/i0.wp.com\/miradordeatarfe.es\/wp-content\/uploads\/2025\/06\/IMG20250625101905-scaled.jpg?resize=1024%2C771&amp;ssl=1 1024w, https:\/\/i0.wp.com\/miradordeatarfe.es\/wp-content\/uploads\/2025\/06\/IMG20250625101905-scaled.jpg?resize=300%2C226&amp;ssl=1 300w, https:\/\/i0.wp.com\/miradordeatarfe.es\/wp-content\/uploads\/2025\/06\/IMG20250625101905-scaled.jpg?resize=768%2C578&amp;ssl=1 768w, https:\/\/i0.wp.com\/miradordeatarfe.es\/wp-content\/uploads\/2025\/06\/IMG20250625101905-scaled.jpg?resize=1536%2C1157&amp;ssl=1 1536w, https:\/\/i0.wp.com\/miradordeatarfe.es\/wp-content\/uploads\/2025\/06\/IMG20250625101905-scaled.jpg?resize=2048%2C1542&amp;ssl=1 2048w, https:\/\/i0.wp.com\/miradordeatarfe.es\/wp-content\/uploads\/2025\/06\/IMG20250625101905-scaled.jpg?resize=1320%2C994&amp;ssl=1 1320w, https:\/\/i0.wp.com\/miradordeatarfe.es\/wp-content\/uploads\/2025\/06\/IMG20250625101905-scaled.jpg?w=1920&amp;ssl=1 1920w\" sizes=\"auto, (max-width: 640px) 100vw, 640px\" \/><figcaption class=\"wp-element-caption\">oplus_131074<\/figcaption><\/figure>\n\n\n\n<figure class=\"wp-block-image size-large\"><img data-recalc-dims=\"1\" loading=\"lazy\" decoding=\"async\" width=\"640\" height=\"482\" data-id=\"77926\" src=\"https:\/\/i0.wp.com\/miradordeatarfe.es\/wp-content\/uploads\/2025\/06\/IMG20250625110346.jpg?resize=640%2C482&#038;ssl=1\" alt=\"\" class=\"wp-image-77926\" srcset=\"https:\/\/i0.wp.com\/miradordeatarfe.es\/wp-content\/uploads\/2025\/06\/IMG20250625110346-scaled.jpg?resize=1024%2C771&amp;ssl=1 1024w, https:\/\/i0.wp.com\/miradordeatarfe.es\/wp-content\/uploads\/2025\/06\/IMG20250625110346-scaled.jpg?resize=300%2C226&amp;ssl=1 300w, https:\/\/i0.wp.com\/miradordeatarfe.es\/wp-content\/uploads\/2025\/06\/IMG20250625110346-scaled.jpg?resize=768%2C578&amp;ssl=1 768w, https:\/\/i0.wp.com\/miradordeatarfe.es\/wp-content\/uploads\/2025\/06\/IMG20250625110346-scaled.jpg?resize=1536%2C1157&amp;ssl=1 1536w, https:\/\/i0.wp.com\/miradordeatarfe.es\/wp-content\/uploads\/2025\/06\/IMG20250625110346-scaled.jpg?resize=2048%2C1542&amp;ssl=1 2048w, https:\/\/i0.wp.com\/miradordeatarfe.es\/wp-content\/uploads\/2025\/06\/IMG20250625110346-scaled.jpg?resize=1320%2C994&amp;ssl=1 1320w, https:\/\/i0.wp.com\/miradordeatarfe.es\/wp-content\/uploads\/2025\/06\/IMG20250625110346-scaled.jpg?w=1920&amp;ssl=1 1920w\" sizes=\"auto, (max-width: 640px) 100vw, 640px\" \/><figcaption class=\"wp-element-caption\">oplus_131074<\/figcaption><\/figure>\n\n\n\n<figure class=\"wp-block-image size-large\"><img data-recalc-dims=\"1\" loading=\"lazy\" decoding=\"async\" width=\"640\" height=\"482\" data-id=\"77927\" src=\"https:\/\/i0.wp.com\/miradordeatarfe.es\/wp-content\/uploads\/2025\/06\/IMG20250625110525.jpg?resize=640%2C482&#038;ssl=1\" alt=\"\" class=\"wp-image-77927\" srcset=\"https:\/\/i0.wp.com\/miradordeatarfe.es\/wp-content\/uploads\/2025\/06\/IMG20250625110525-scaled.jpg?resize=1024%2C771&amp;ssl=1 1024w, https:\/\/i0.wp.com\/miradordeatarfe.es\/wp-content\/uploads\/2025\/06\/IMG20250625110525-scaled.jpg?resize=300%2C226&amp;ssl=1 300w, https:\/\/i0.wp.com\/miradordeatarfe.es\/wp-content\/uploads\/2025\/06\/IMG20250625110525-scaled.jpg?resize=768%2C578&amp;ssl=1 768w, https:\/\/i0.wp.com\/miradordeatarfe.es\/wp-content\/uploads\/2025\/06\/IMG20250625110525-scaled.jpg?resize=1536%2C1157&amp;ssl=1 1536w, https:\/\/i0.wp.com\/miradordeatarfe.es\/wp-content\/uploads\/2025\/06\/IMG20250625110525-scaled.jpg?resize=2048%2C1542&amp;ssl=1 2048w, https:\/\/i0.wp.com\/miradordeatarfe.es\/wp-content\/uploads\/2025\/06\/IMG20250625110525-scaled.jpg?resize=1320%2C994&amp;ssl=1 1320w, https:\/\/i0.wp.com\/miradordeatarfe.es\/wp-content\/uploads\/2025\/06\/IMG20250625110525-scaled.jpg?w=1920&amp;ssl=1 1920w\" sizes=\"auto, (max-width: 640px) 100vw, 640px\" \/><figcaption class=\"wp-element-caption\">oplus_131074<\/figcaption><\/figure>\n<\/figure>\n\n\n\n<p>Esta visita tuvo como centro de atenci\u00f3n, las excavaciones que se est\u00e1n realizando en el espacio municipal conocido como La Lastra, que constituy\u00f3 el centro urban\u00edstico de la antigua medina andalus\u00ed. Es la primera tras unos a\u00f1os de inactividad, y aunque no pudieron visitarse el resto de espacios del yacimiento debido al rigor clim\u00e1tico en plena ola de calor, se explic\u00f3 desde el espacio municipal la totalidad del Bien de Inter\u00e9s Cultural narrando los distintos avatares hist\u00f3ricos por los que ha pasado Sierra Elvira desde la antig\u00fcedad, con especial atenci\u00f3n por explicar c\u00f3mo y por qu\u00e9 se descubre el yacimiento en el siglo XIX, lo que debemos a Manuel G\u00f3mez Moreno la primera sistematizaci\u00f3n pretendidamente cient\u00edfica del mismo, y c\u00f3mo los proyectos liderados por Antonio Malpica Cuello durante el per\u00edodo 2001-2012 y luego junto a un equipo hispano-polaco con Marian Rebkowski al frente 2016-2019, han permitido un exhaustivo conocimiento arqueol\u00f3gico.<\/p>\n\n\n\n<p>Finalmente se expuso la nueva fase en la que ha entrado el yacimiento desde la constituci\u00f3n de la C\u00e1tedra Gomez Moreno y la concesi\u00f3n del proyecto europeo MEDGREENREV (ERC SyG Grant Ref. 101071726), ambos bajo direcci\u00f3n de Guillermo Garc\u00eda-Contreras.<\/p>\n\n\n\n<figure class=\"wp-block-gallery has-nested-images columns-default is-cropped wp-block-gallery-3 is-layout-flex wp-block-gallery-is-layout-flex\">\n<figure class=\"wp-block-image size-large\"><img data-recalc-dims=\"1\" loading=\"lazy\" decoding=\"async\" width=\"640\" height=\"482\" data-id=\"77928\" src=\"https:\/\/i0.wp.com\/miradordeatarfe.es\/wp-content\/uploads\/2025\/06\/IMG20250625111216.jpg?resize=640%2C482&#038;ssl=1\" alt=\"\" class=\"wp-image-77928\" srcset=\"https:\/\/i0.wp.com\/miradordeatarfe.es\/wp-content\/uploads\/2025\/06\/IMG20250625111216-scaled.jpg?resize=1024%2C771&amp;ssl=1 1024w, https:\/\/i0.wp.com\/miradordeatarfe.es\/wp-content\/uploads\/2025\/06\/IMG20250625111216-scaled.jpg?resize=300%2C226&amp;ssl=1 300w, https:\/\/i0.wp.com\/miradordeatarfe.es\/wp-content\/uploads\/2025\/06\/IMG20250625111216-scaled.jpg?resize=768%2C578&amp;ssl=1 768w, https:\/\/i0.wp.com\/miradordeatarfe.es\/wp-content\/uploads\/2025\/06\/IMG20250625111216-scaled.jpg?resize=1536%2C1157&amp;ssl=1 1536w, https:\/\/i0.wp.com\/miradordeatarfe.es\/wp-content\/uploads\/2025\/06\/IMG20250625111216-scaled.jpg?resize=2048%2C1542&amp;ssl=1 2048w, https:\/\/i0.wp.com\/miradordeatarfe.es\/wp-content\/uploads\/2025\/06\/IMG20250625111216-scaled.jpg?resize=1320%2C994&amp;ssl=1 1320w, https:\/\/i0.wp.com\/miradordeatarfe.es\/wp-content\/uploads\/2025\/06\/IMG20250625111216-scaled.jpg?w=1920&amp;ssl=1 1920w\" sizes=\"auto, (max-width: 640px) 100vw, 640px\" \/><figcaption class=\"wp-element-caption\">oplus_131074<\/figcaption><\/figure>\n\n\n\n<figure class=\"wp-block-image size-large\"><img data-recalc-dims=\"1\" loading=\"lazy\" decoding=\"async\" width=\"640\" height=\"482\" data-id=\"77929\" src=\"https:\/\/i0.wp.com\/miradordeatarfe.es\/wp-content\/uploads\/2025\/06\/IMG20250625111235.jpg?resize=640%2C482&#038;ssl=1\" alt=\"\" class=\"wp-image-77929\" srcset=\"https:\/\/i0.wp.com\/miradordeatarfe.es\/wp-content\/uploads\/2025\/06\/IMG20250625111235-scaled.jpg?resize=1024%2C771&amp;ssl=1 1024w, https:\/\/i0.wp.com\/miradordeatarfe.es\/wp-content\/uploads\/2025\/06\/IMG20250625111235-scaled.jpg?resize=300%2C226&amp;ssl=1 300w, https:\/\/i0.wp.com\/miradordeatarfe.es\/wp-content\/uploads\/2025\/06\/IMG20250625111235-scaled.jpg?resize=768%2C578&amp;ssl=1 768w, https:\/\/i0.wp.com\/miradordeatarfe.es\/wp-content\/uploads\/2025\/06\/IMG20250625111235-scaled.jpg?resize=1536%2C1157&amp;ssl=1 1536w, https:\/\/i0.wp.com\/miradordeatarfe.es\/wp-content\/uploads\/2025\/06\/IMG20250625111235-scaled.jpg?resize=2048%2C1542&amp;ssl=1 2048w, https:\/\/i0.wp.com\/miradordeatarfe.es\/wp-content\/uploads\/2025\/06\/IMG20250625111235-scaled.jpg?resize=1320%2C994&amp;ssl=1 1320w, https:\/\/i0.wp.com\/miradordeatarfe.es\/wp-content\/uploads\/2025\/06\/IMG20250625111235-scaled.jpg?w=1920&amp;ssl=1 1920w\" sizes=\"auto, (max-width: 640px) 100vw, 640px\" \/><figcaption class=\"wp-element-caption\">oplus_131074<\/figcaption><\/figure>\n\n\n\n<figure class=\"wp-block-image size-large\"><img data-recalc-dims=\"1\" loading=\"lazy\" decoding=\"async\" width=\"640\" height=\"482\" data-id=\"77930\" src=\"https:\/\/i0.wp.com\/miradordeatarfe.es\/wp-content\/uploads\/2025\/06\/IMG20250625111245.jpg?resize=640%2C482&#038;ssl=1\" alt=\"\" class=\"wp-image-77930\" srcset=\"https:\/\/i0.wp.com\/miradordeatarfe.es\/wp-content\/uploads\/2025\/06\/IMG20250625111245-scaled.jpg?resize=1024%2C771&amp;ssl=1 1024w, https:\/\/i0.wp.com\/miradordeatarfe.es\/wp-content\/uploads\/2025\/06\/IMG20250625111245-scaled.jpg?resize=300%2C226&amp;ssl=1 300w, https:\/\/i0.wp.com\/miradordeatarfe.es\/wp-content\/uploads\/2025\/06\/IMG20250625111245-scaled.jpg?resize=768%2C578&amp;ssl=1 768w, https:\/\/i0.wp.com\/miradordeatarfe.es\/wp-content\/uploads\/2025\/06\/IMG20250625111245-scaled.jpg?resize=1536%2C1157&amp;ssl=1 1536w, https:\/\/i0.wp.com\/miradordeatarfe.es\/wp-content\/uploads\/2025\/06\/IMG20250625111245-scaled.jpg?resize=2048%2C1542&amp;ssl=1 2048w, https:\/\/i0.wp.com\/miradordeatarfe.es\/wp-content\/uploads\/2025\/06\/IMG20250625111245-scaled.jpg?resize=1320%2C994&amp;ssl=1 1320w, https:\/\/i0.wp.com\/miradordeatarfe.es\/wp-content\/uploads\/2025\/06\/IMG20250625111245-scaled.jpg?w=1920&amp;ssl=1 1920w\" sizes=\"auto, (max-width: 640px) 100vw, 640px\" \/><figcaption class=\"wp-element-caption\">oplus_131074<\/figcaption><\/figure>\n\n\n\n<figure class=\"wp-block-image size-large\"><img data-recalc-dims=\"1\" loading=\"lazy\" decoding=\"async\" width=\"640\" height=\"482\" data-id=\"77931\" src=\"https:\/\/i0.wp.com\/miradordeatarfe.es\/wp-content\/uploads\/2025\/06\/IMG20250625111922.jpg?resize=640%2C482&#038;ssl=1\" alt=\"\" class=\"wp-image-77931\" srcset=\"https:\/\/i0.wp.com\/miradordeatarfe.es\/wp-content\/uploads\/2025\/06\/IMG20250625111922-scaled.jpg?resize=1024%2C771&amp;ssl=1 1024w, https:\/\/i0.wp.com\/miradordeatarfe.es\/wp-content\/uploads\/2025\/06\/IMG20250625111922-scaled.jpg?resize=300%2C226&amp;ssl=1 300w, https:\/\/i0.wp.com\/miradordeatarfe.es\/wp-content\/uploads\/2025\/06\/IMG20250625111922-scaled.jpg?resize=768%2C578&amp;ssl=1 768w, https:\/\/i0.wp.com\/miradordeatarfe.es\/wp-content\/uploads\/2025\/06\/IMG20250625111922-scaled.jpg?resize=1536%2C1157&amp;ssl=1 1536w, https:\/\/i0.wp.com\/miradordeatarfe.es\/wp-content\/uploads\/2025\/06\/IMG20250625111922-scaled.jpg?resize=2048%2C1542&amp;ssl=1 2048w, https:\/\/i0.wp.com\/miradordeatarfe.es\/wp-content\/uploads\/2025\/06\/IMG20250625111922-scaled.jpg?resize=1320%2C994&amp;ssl=1 1320w, https:\/\/i0.wp.com\/miradordeatarfe.es\/wp-content\/uploads\/2025\/06\/IMG20250625111922-scaled.jpg?w=1920&amp;ssl=1 1920w\" sizes=\"auto, (max-width: 640px) 100vw, 640px\" \/><figcaption class=\"wp-element-caption\">oplus_131074<\/figcaption><\/figure>\n<\/figure>\n\n\n\n<p>A partir de 2022, la estrategia ha cambiado, proponiendo excavar menos, en \u00e1reas m\u00e1s grandes, con el objetivo de poner en valor y hacer visitables los restos de Ilbira.<\/p>\n\n\n\n<p>Despu\u00e9s de esta explicaci\u00f3n, los visitantes pasaron a ver las excavaciones arqueol\u00f3gicas, que est\u00e1n arrojando datos sobre el urbanismo de la alquer\u00eda bajomedieval que qued\u00f3 como consecuencia del traslado de la capitalidad andalus\u00ed a medina Granada, y que se edific\u00f3 sobre los cimientos de la anterior ciudad emiral y califal.<\/p>\n\n\n\n<p>Finalmente, la visita termin\u00f3 volviendo al lugar de trabajo de laboratorio del Equipo arqueol\u00f3gico, donde Cristina Mart\u00ednez-Alvarez explic\u00f3 todo lo relacionado con los materiales que se han ido exhumando en los \u00faltimos veinte a\u00f1os de trabajo, centr\u00e1ndose sobre todo en cuestiones de alimentaci\u00f3n, tipolog\u00edas cer\u00e1micas, producci\u00f3n y comercio en \u00e9poca isl\u00e1mica.<\/p>\n\n\n\n<figure class=\"wp-block-gallery has-nested-images columns-default is-cropped wp-block-gallery-4 is-layout-flex wp-block-gallery-is-layout-flex\">\n<figure class=\"wp-block-image size-large\"><img data-recalc-dims=\"1\" loading=\"lazy\" decoding=\"async\" width=\"640\" height=\"482\" data-id=\"77932\" src=\"https:\/\/i0.wp.com\/miradordeatarfe.es\/wp-content\/uploads\/2025\/06\/IMG20250625114744.jpg?resize=640%2C482&#038;ssl=1\" alt=\"\" class=\"wp-image-77932\" srcset=\"https:\/\/i0.wp.com\/miradordeatarfe.es\/wp-content\/uploads\/2025\/06\/IMG20250625114744-scaled.jpg?resize=1024%2C771&amp;ssl=1 1024w, https:\/\/i0.wp.com\/miradordeatarfe.es\/wp-content\/uploads\/2025\/06\/IMG20250625114744-scaled.jpg?resize=300%2C226&amp;ssl=1 300w, https:\/\/i0.wp.com\/miradordeatarfe.es\/wp-content\/uploads\/2025\/06\/IMG20250625114744-scaled.jpg?resize=768%2C578&amp;ssl=1 768w, https:\/\/i0.wp.com\/miradordeatarfe.es\/wp-content\/uploads\/2025\/06\/IMG20250625114744-scaled.jpg?resize=1536%2C1157&amp;ssl=1 1536w, https:\/\/i0.wp.com\/miradordeatarfe.es\/wp-content\/uploads\/2025\/06\/IMG20250625114744-scaled.jpg?resize=2048%2C1542&amp;ssl=1 2048w, https:\/\/i0.wp.com\/miradordeatarfe.es\/wp-content\/uploads\/2025\/06\/IMG20250625114744-scaled.jpg?resize=1320%2C994&amp;ssl=1 1320w, https:\/\/i0.wp.com\/miradordeatarfe.es\/wp-content\/uploads\/2025\/06\/IMG20250625114744-scaled.jpg?w=1920&amp;ssl=1 1920w\" sizes=\"auto, (max-width: 640px) 100vw, 640px\" \/><figcaption class=\"wp-element-caption\">oplus_131074<\/figcaption><\/figure>\n\n\n\n<figure class=\"wp-block-image size-large\"><img data-recalc-dims=\"1\" loading=\"lazy\" decoding=\"async\" width=\"640\" height=\"482\" data-id=\"77934\" src=\"https:\/\/i0.wp.com\/miradordeatarfe.es\/wp-content\/uploads\/2025\/06\/IMG20250625114915.jpg?resize=640%2C482&#038;ssl=1\" alt=\"\" class=\"wp-image-77934\" srcset=\"https:\/\/i0.wp.com\/miradordeatarfe.es\/wp-content\/uploads\/2025\/06\/IMG20250625114915-scaled.jpg?resize=1024%2C771&amp;ssl=1 1024w, https:\/\/i0.wp.com\/miradordeatarfe.es\/wp-content\/uploads\/2025\/06\/IMG20250625114915-scaled.jpg?resize=300%2C226&amp;ssl=1 300w, https:\/\/i0.wp.com\/miradordeatarfe.es\/wp-content\/uploads\/2025\/06\/IMG20250625114915-scaled.jpg?resize=768%2C578&amp;ssl=1 768w, https:\/\/i0.wp.com\/miradordeatarfe.es\/wp-content\/uploads\/2025\/06\/IMG20250625114915-scaled.jpg?resize=1536%2C1157&amp;ssl=1 1536w, https:\/\/i0.wp.com\/miradordeatarfe.es\/wp-content\/uploads\/2025\/06\/IMG20250625114915-scaled.jpg?resize=2048%2C1542&amp;ssl=1 2048w, https:\/\/i0.wp.com\/miradordeatarfe.es\/wp-content\/uploads\/2025\/06\/IMG20250625114915-scaled.jpg?resize=1320%2C994&amp;ssl=1 1320w, https:\/\/i0.wp.com\/miradordeatarfe.es\/wp-content\/uploads\/2025\/06\/IMG20250625114915-scaled.jpg?w=1920&amp;ssl=1 1920w\" sizes=\"auto, (max-width: 640px) 100vw, 640px\" \/><figcaption class=\"wp-element-caption\">oplus_131074<\/figcaption><\/figure>\n\n\n\n<figure class=\"wp-block-image size-large\"><img data-recalc-dims=\"1\" loading=\"lazy\" decoding=\"async\" width=\"640\" height=\"850\" data-id=\"77936\" src=\"https:\/\/i0.wp.com\/miradordeatarfe.es\/wp-content\/uploads\/2025\/06\/IMG20250625123002.jpg?resize=640%2C850&#038;ssl=1\" alt=\"\" class=\"wp-image-77936\" srcset=\"https:\/\/i0.wp.com\/miradordeatarfe.es\/wp-content\/uploads\/2025\/06\/IMG20250625123002-scaled.jpg?resize=771%2C1024&amp;ssl=1 771w, https:\/\/i0.wp.com\/miradordeatarfe.es\/wp-content\/uploads\/2025\/06\/IMG20250625123002-scaled.jpg?resize=226%2C300&amp;ssl=1 226w, https:\/\/i0.wp.com\/miradordeatarfe.es\/wp-content\/uploads\/2025\/06\/IMG20250625123002-scaled.jpg?resize=768%2C1020&amp;ssl=1 768w, https:\/\/i0.wp.com\/miradordeatarfe.es\/wp-content\/uploads\/2025\/06\/IMG20250625123002-scaled.jpg?resize=1157%2C1536&amp;ssl=1 1157w, https:\/\/i0.wp.com\/miradordeatarfe.es\/wp-content\/uploads\/2025\/06\/IMG20250625123002-scaled.jpg?resize=1542%2C2048&amp;ssl=1 1542w, https:\/\/i0.wp.com\/miradordeatarfe.es\/wp-content\/uploads\/2025\/06\/IMG20250625123002-scaled.jpg?resize=1024%2C1360&amp;ssl=1 1024w, https:\/\/i0.wp.com\/miradordeatarfe.es\/wp-content\/uploads\/2025\/06\/IMG20250625123002-scaled.jpg?resize=1320%2C1753&amp;ssl=1 1320w, https:\/\/i0.wp.com\/miradordeatarfe.es\/wp-content\/uploads\/2025\/06\/IMG20250625123002-scaled.jpg?w=1928&amp;ssl=1 1928w\" sizes=\"auto, (max-width: 640px) 100vw, 640px\" \/><figcaption class=\"wp-element-caption\">oplus_131106<\/figcaption><\/figure>\n\n\n\n<figure class=\"wp-block-image size-large\"><img data-recalc-dims=\"1\" loading=\"lazy\" decoding=\"async\" width=\"640\" height=\"850\" data-id=\"77937\" src=\"https:\/\/i0.wp.com\/miradordeatarfe.es\/wp-content\/uploads\/2025\/06\/IMG20250625123018.jpg?resize=640%2C850&#038;ssl=1\" alt=\"\" class=\"wp-image-77937\" srcset=\"https:\/\/i0.wp.com\/miradordeatarfe.es\/wp-content\/uploads\/2025\/06\/IMG20250625123018-scaled.jpg?resize=771%2C1024&amp;ssl=1 771w, https:\/\/i0.wp.com\/miradordeatarfe.es\/wp-content\/uploads\/2025\/06\/IMG20250625123018-scaled.jpg?resize=226%2C300&amp;ssl=1 226w, https:\/\/i0.wp.com\/miradordeatarfe.es\/wp-content\/uploads\/2025\/06\/IMG20250625123018-scaled.jpg?resize=768%2C1020&amp;ssl=1 768w, https:\/\/i0.wp.com\/miradordeatarfe.es\/wp-content\/uploads\/2025\/06\/IMG20250625123018-scaled.jpg?resize=1157%2C1536&amp;ssl=1 1157w, https:\/\/i0.wp.com\/miradordeatarfe.es\/wp-content\/uploads\/2025\/06\/IMG20250625123018-scaled.jpg?resize=1542%2C2048&amp;ssl=1 1542w, https:\/\/i0.wp.com\/miradordeatarfe.es\/wp-content\/uploads\/2025\/06\/IMG20250625123018-scaled.jpg?resize=1024%2C1360&amp;ssl=1 1024w, https:\/\/i0.wp.com\/miradordeatarfe.es\/wp-content\/uploads\/2025\/06\/IMG20250625123018-scaled.jpg?resize=1320%2C1753&amp;ssl=1 1320w, https:\/\/i0.wp.com\/miradordeatarfe.es\/wp-content\/uploads\/2025\/06\/IMG20250625123018-scaled.jpg?w=1928&amp;ssl=1 1928w\" sizes=\"auto, (max-width: 640px) 100vw, 640px\" \/><figcaption class=\"wp-element-caption\">oplus_131106<\/figcaption><\/figure>\n<\/figure>\n\n\n\n<p>A lo largo de &nbsp;toda la jornada se fueron intercambiando impresiones y preguntas entre los asistentes y los arque\u00f3logos de la Universidad de Granada, en un ambiente distendido manifestando claramente el inter\u00e9s de las personas asistentes en apoyar y aunar esfuerzos, para conseguir que en un espacio corto de tiempo, el yacimiento arqueol\u00f3gico de Madinat Ilbira, forme parte de la oferta cultural de la provincia de Granada, manteniendo la l\u00ednea de investigaci\u00f3n en paralelo a la &nbsp;puesta en valor.<\/p>\n\n\n\n<p>La Cora de Ilbira termin\u00f3 el acto agradeciendo de manera especial a Guillermo Garc\u00eda-Contresas y a Cristina Mart\u00ednez-Alvarez &nbsp;por su preparaci\u00f3n, dedicaci\u00f3n y realizaci\u00f3n &nbsp;de dicha ruta guiada y al Ayuntamiento de Atarfe por facilitar dicha ruta.<\/p>\n\n\n\n<p>La Asociaci\u00f3n Cultural la \u201cCora de Ilbira\u201d, se comprometi\u00f3 a organizar&nbsp;una nueva visita guiada, en el pr\u00f3ximo mes de noviembre, coincidiendo con el nuevo per\u00edodo de excavaciones.<\/p>\n","protected":false},"excerpt":{"rendered":"<p>El pasado d\u00eda 25 de junio, tuvo lugar una visita guiada al Yacimiento de Madinat&#8230;<\/p>\n","protected":false},"author":1,"featured_media":77934,"comment_status":"closed","ping_status":"closed","sticky":false,"template":"","format":"standard","meta":{"_coblocks_attr":"","_coblocks_dimensions":"","_coblocks_responsive_height":"","_coblocks_accordion_ie_support":"","jetpack_post_was_ever_published":false,"_jetpack_newsletter_access":"","_jetpack_dont_email_post_to_subs":false,"_jetpack_newsletter_tier_id":0,"_jetpack_memberships_contains_paywalled_content":false,"_jetpack_memberships_contains_paid_content":false,"footnotes":"","jetpack_publicize_message":"","jetpack_publicize_feature_enabled":true,"jetpack_social_post_already_shared":true,"jetpack_social_options":{"image_generator_settings":{"template":"highway","default_image_id":0,"enabled":false},"version":2}},"categories":[186,9029,10431,44],"tags":[],"class_list":["post-77916","post","type-post","status-publish","format-standard","has-post-thumbnail","hentry","category-instituciones","category-la-cora-de-ilbira","category-medina-elvira-2","category-noticias-de-hoy"],"jetpack_publicize_connections":[],"jetpack_featured_media_url":"https:\/\/i0.wp.com\/miradordeatarfe.es\/wp-content\/uploads\/2025\/06\/IMG20250625114915-scaled.jpg?fit=2560%2C1928&ssl=1","jetpack_likes_enabled":true,"jetpack_sharing_enabled":true,"_links":{"self":[{"href":"https:\/\/miradordeatarfe.es\/index.php?rest_route=\/wp\/v2\/posts\/77916","targetHints":{"allow":["GET"]}}],"collection":[{"href":"https:\/\/miradordeatarfe.es\/index.php?rest_route=\/wp\/v2\/posts"}],"about":[{"href":"https:\/\/miradordeatarfe.es\/index.php?rest_route=\/wp\/v2\/types\/post"}],"author":[{"embeddable":true,"href":"https:\/\/miradordeatarfe.es\/index.php?rest_route=\/wp\/v2\/users\/1"}],"replies":[{"embeddable":true,"href":"https:\/\/miradordeatarfe.es\/index.php?rest_route=%2Fwp%2Fv2%2Fcomments&post=77916"}],"version-history":[{"count":3,"href":"https:\/\/miradordeatarfe.es\/index.php?rest_route=\/wp\/v2\/posts\/77916\/revisions"}],"predecessor-version":[{"id":77942,"href":"https:\/\/miradordeatarfe.es\/index.php?rest_route=\/wp\/v2\/posts\/77916\/revisions\/77942"}],"wp:featuredmedia":[{"embeddable":true,"href":"https:\/\/miradordeatarfe.es\/index.php?rest_route=\/wp\/v2\/media\/77934"}],"wp:attachment":[{"href":"https:\/\/miradordeatarfe.es\/index.php?rest_route=%2Fwp%2Fv2%2Fmedia&parent=77916"}],"wp:term":[{"taxonomy":"category","embeddable":true,"href":"https:\/\/miradordeatarfe.es\/index.php?rest_route=%2Fwp%2Fv2%2Fcategories&post=77916"},{"taxonomy":"post_tag","embeddable":true,"href":"https:\/\/miradordeatarfe.es\/index.php?rest_route=%2Fwp%2Fv2%2Ftags&post=77916"}],"curies":[{"name":"wp","href":"https:\/\/api.w.org\/{rel}","templated":true}]}}