{"id":77943,"date":"2025-07-02T09:38:00","date_gmt":"2025-07-02T07:38:00","guid":{"rendered":"https:\/\/miradordeatarfe.es\/?p=77943"},"modified":"2025-06-30T12:20:09","modified_gmt":"2025-06-30T10:20:09","slug":"diputacion-crea-un-servicio-pionero-para-recoger-la-basura-de-todos-los-municipios-que-lo-deseen","status":"publish","type":"post","link":"https:\/\/miradordeatarfe.es\/?p=77943","title":{"rendered":"Diputaci\u00f3n crea un servicio pionero para recoger la basura de todos los municipios que lo deseen"},"content":{"rendered":"\n<h2 class=\"wp-block-heading has-medium-font-size\"><strong>e trata de una nueva prestaci\u00f3n que abaratar\u00e1 los costes a los pueblos y liberar\u00e1 de tr\u00e1mites administrativos a los ayuntamientos<\/strong><a href=\"https:\/\/www.ideal.es\/autor\/laura-ubago-1774.html\"><\/a><\/h2>\n\n\n\n<p>La Diputaci\u00f3n crear\u00e1 un servicio provincial de recogida de basura que abarate los costes y facilite la vida a los ayuntamientos. Ser\u00e1 una prestaci\u00f3n pionera, ya que es la primera vez que se lleva a cabo en el \u00e1mbito de la provincia.<\/p>\n\n\n\n<p>Los municipios que deseen sumarse a este nuevo servicio provincial tienen hasta septiembre para realizar su solicitud. Si no es buen momento, tambi\u00e9n pueden hacer su petici\u00f3n a futuro. Con todos estos datos, la Diputaci\u00f3n prepara un pliego y buscar\u00e1 la empresa que quiera realizar la recogida de residuos en los pueblos de las diferentes comarcas. Desde la Alpujarra a la Costa pasando por el \u00c1rea Metropolitana, municipios de m\u00e1s y menos de 20.000 habitantes tendr\u00e1n la opci\u00f3n de apuntarse a este sistema provincializado.<\/p>\n\n\n\n<p>El diputado de Medio Ambiente, Antonio Mancilla, asegura que esta propuesta ha tenido muy buena acogida y que los municipios quieren sumarse a este grupo de recogida comunitaria.<\/p>\n\n\n\n<p>Hasta ahora los ayuntamientos tienen diferentes sistemas para vaciar los contenedores: gesti\u00f3n directa \u2013es decir, con trabajadores municipales; mixta, con mancomunidad o directamente con una empresa privada. Seg\u00fan su situaci\u00f3n, los consistorios decidir\u00e1n si es buen momento para dar el salto al servicio provincial y qu\u00e9 opci\u00f3n toman sus trabajadores a la hora de ser subrogados por la empresa que llegue o seguir trabajando para la administraci\u00f3n p\u00fablica.<\/p>\n\n\n\n<p>Cada uno estudiar\u00e1 c\u00f3mo son sus calles, sus gastos y sus circunstancias a la hora de sacar y recoger la basura. Ser\u00e1n los plenos de los ayuntamientos los que decidan qu\u00e9 hacer con el futuro de sus residuos.<\/p>\n\n\n\n<p>La Diputaci\u00f3n ya ha dado el primer paso pues ha aprobado en pleno la ordenanza para la recogida de los residuos en los diferentes municipios. Despu\u00e9s, cuando se re\u00fanan las propuestas, se pasar\u00e1 por junta de gobierno el modelo de gesti\u00f3n y se realizar\u00e1 la propuesta econ\u00f3mica mientras se tantea a las empresas para sacar el pliego y licitar este servicio. Si los plazos se cumplen, en un a\u00f1o podr\u00eda estar funcionando.<\/p>\n\n\n\n<p>El diputado de Medio Ambiente explica que a todos los pueblos les costar\u00e1 lo mismo el servicio. Ser\u00e1n 120 euros por tonelada de contenedor org\u00e1nico y de restos y que los de reciclaje no tendr\u00e1n coste porque se gestionar\u00e1n mediante convenios con empresas especializadas.<\/p>\n\n\n\n<h3 class=\"wp-block-heading\">Servicio m\u00e1s moderno<\/h3>\n\n\n\n<p>\u00abAdem\u00e1s todos los municipios tendr\u00e1n contenedor marr\u00f3n, algo que solo funciona ahora en cinco pueblos de la provincia. El servicio ofrece grandes ventajas. Se realizar\u00e1 una inversi\u00f3n inicial en contenedores y veh\u00edculos que modernizar\u00e1 la recogida en la provincia\u00bb, aporta Antonio Mancilla. La prestaci\u00f3n tambi\u00e9n contempla la recogida puerta a puerta ya que se adaptar\u00e1 a las calles y peculiaridades de las diferentes localidades.<\/p>\n\n\n\n<p>Seg\u00fan apunta Mancilla ser\u00e1 \u00abm\u00e1s barato\u00bb y adem\u00e1s \u00ablibrar\u00e1 de quebraderos de cabeza a los alcaldes\u00bb. Actualmente, los ayuntamientos tienen dificultades para realizar inversiones en este tipo de servicios y adem\u00e1s conlleva muchos tr\u00e1mites administrativos el gestionar el personal o buscar empresa para que recoja los residuos.<\/p>\n\n\n\n<p>El diputado de Medio Ambiente se\u00f1ala que ser\u00e1 la Diputaci\u00f3n la que cobre el recibo directamente a los vecinos y as\u00ed no tendr\u00e1 problemas de demoras o impagos con los ayuntamientos. Al ser responsables de manera directa de los ciudadanos tambi\u00e9n se encargar\u00e1n de las sanciones. \u00abEn los contenedores de basura selectiva habr\u00e1 m\u00e1s frecuencia de recogida algo que se notar\u00e1 en las calles de los municipios\u00bb, a\u00f1ade Antonio Mancilla.<\/p>\n\n\n\n<p>La coordinaci\u00f3n se realizar\u00e1 mediante la delegaci\u00f3n competencial de los ayuntamientos que as\u00ed lo acuerden a la Diputaci\u00f3n, e incluir\u00e1, no solo la prestaci\u00f3n material del servicio, sino las facultades de regulaci\u00f3n, ordenaci\u00f3n, gesti\u00f3n, sancionadoras, as\u00ed como las tributarias o tarifarias.<\/p>\n\n\n\n<p>Todos los municipios podr\u00e1n delegar esta competencia y ser\u00e1 la Diputaci\u00f3n la que establezca la tasa espec\u00edfica, diferenciada y no deficitaria, que refleje el coste real, directo o indirecto, de las operaciones de recogida y transporte de residuos municipales. La idea es que este servicio tenga los gastos y los ingresos ajustados y no se generen problemas.<\/p>\n\n\n\n<p>Para la confecci\u00f3n de la ordenanza fiscal se atender\u00e1 al estudio econ\u00f3mico, que, en todo caso, deber\u00e1 garantizar la cobertura total del coste del servicio, tanto en el momento actual como en los ejercicios sucesivos.<\/p>\n\n\n\n<p><a href=\"https:\/\/www.ideal.es\/autor\/laura-ubago-1774.html\"><strong>Laura Ubago<\/strong><\/a><\/p>\n\n\n\n<p>FOTO: Visita a la planta de tratamiento de residuos de Alhend\u00edn. Ideal<\/p>\n\n\n\n<p><a href=\"https:\/\/www.ideal.es\/granada\/diputacion-crea-servicio-pionero-recoger-basura-municipios-20250629000846-nt.html\">https:\/\/www.ideal.es\/granada\/diputacion-crea-servicio-pionero-recoger-basura-municipios-20250629000846-nt.html<\/a><\/p>\n","protected":false},"excerpt":{"rendered":"<p>e trata de una nueva prestaci\u00f3n que abaratar\u00e1 los costes a los pueblos y liberar\u00e1&#8230;<\/p>\n","protected":false},"author":1,"featured_media":77944,"comment_status":"closed","ping_status":"closed","sticky":false,"template":"","format":"standard","meta":{"_coblocks_attr":"","_coblocks_dimensions":"","_coblocks_responsive_height":"","_coblocks_accordion_ie_support":"","jetpack_post_was_ever_published":false,"_jetpack_newsletter_access":"","_jetpack_dont_email_post_to_subs":false,"_jetpack_newsletter_tier_id":0,"_jetpack_memberships_contains_paywalled_content":false,"_jetpack_memberships_contains_paid_content":false,"footnotes":"","jetpack_publicize_message":"","jetpack_publicize_feature_enabled":true,"jetpack_social_post_already_shared":true,"jetpack_social_options":{"image_generator_settings":{"template":"highway","default_image_id":0,"enabled":false},"version":2}},"categories":[1161,10781,186,44,1],"tags":[],"class_list":["post-77943","post","type-post","status-publish","format-standard","has-post-thumbnail","hentry","category-ciudadania","category-granada","category-instituciones","category-noticias-de-hoy","category-uncategorized"],"jetpack_publicize_connections":[],"jetpack_featured_media_url":"https:\/\/i0.wp.com\/miradordeatarfe.es\/wp-content\/uploads\/2025\/06\/planta-kJ8E-U2302203583907mEF-1200x840%40Ideal.jpg?fit=1200%2C840&ssl=1","jetpack_likes_enabled":true,"jetpack_sharing_enabled":true,"_links":{"self":[{"href":"https:\/\/miradordeatarfe.es\/index.php?rest_route=\/wp\/v2\/posts\/77943","targetHints":{"allow":["GET"]}}],"collection":[{"href":"https:\/\/miradordeatarfe.es\/index.php?rest_route=\/wp\/v2\/posts"}],"about":[{"href":"https:\/\/miradordeatarfe.es\/index.php?rest_route=\/wp\/v2\/types\/post"}],"author":[{"embeddable":true,"href":"https:\/\/miradordeatarfe.es\/index.php?rest_route=\/wp\/v2\/users\/1"}],"replies":[{"embeddable":true,"href":"https:\/\/miradordeatarfe.es\/index.php?rest_route=%2Fwp%2Fv2%2Fcomments&post=77943"}],"version-history":[{"count":1,"href":"https:\/\/miradordeatarfe.es\/index.php?rest_route=\/wp\/v2\/posts\/77943\/revisions"}],"predecessor-version":[{"id":77945,"href":"https:\/\/miradordeatarfe.es\/index.php?rest_route=\/wp\/v2\/posts\/77943\/revisions\/77945"}],"wp:featuredmedia":[{"embeddable":true,"href":"https:\/\/miradordeatarfe.es\/index.php?rest_route=\/wp\/v2\/media\/77944"}],"wp:attachment":[{"href":"https:\/\/miradordeatarfe.es\/index.php?rest_route=%2Fwp%2Fv2%2Fmedia&parent=77943"}],"wp:term":[{"taxonomy":"category","embeddable":true,"href":"https:\/\/miradordeatarfe.es\/index.php?rest_route=%2Fwp%2Fv2%2Fcategories&post=77943"},{"taxonomy":"post_tag","embeddable":true,"href":"https:\/\/miradordeatarfe.es\/index.php?rest_route=%2Fwp%2Fv2%2Ftags&post=77943"}],"curies":[{"name":"wp","href":"https:\/\/api.w.org\/{rel}","templated":true}]}}