{"id":77946,"date":"2025-07-03T08:11:00","date_gmt":"2025-07-03T06:11:00","guid":{"rendered":"https:\/\/miradordeatarfe.es\/?p=77946"},"modified":"2025-06-30T12:15:06","modified_gmt":"2025-06-30T10:15:06","slug":"balance-pobre-de-marifran","status":"publish","type":"post","link":"https:\/\/miradordeatarfe.es\/?p=77946","title":{"rendered":"Balance (pobre) de Marifr\u00e1n"},"content":{"rendered":"\n<p class=\"has-medium-font-size\"><strong><em>Dos a\u00f1os de la llegada de Marifr\u00e1n Carazo a la Plaza del Carmen. Balance de una gesti\u00f3n plana, sin ambici\u00f3n y carente de rumbo.&nbsp;<\/em><\/strong><\/p>\n\n\n\n<p>La alcaldesa de Granada est\u00e1 realizando estos d\u00edas, en el ecuador de su mandato, un balance de su gesti\u00f3n al frente del gobierno municipal. Con el lema <em>&#8216;Dos a\u00f1os cuidando Granada&#8217;,<\/em> Marifr\u00e1n (como aparenta cercan\u00eda me permito llamarla por su nombre), se pasea reivindicando el alto grado de cumplimiento de su programa electoral y se\u00f1alando sus intenciones para los dos a\u00f1os que nos quedan (<em>\u201cpor sufrirla\u201d<\/em>, que dir\u00eda un malafoll\u00e1 local).<\/p>\n\n\n\n<p>El mismo ChatGPT cuando le he pedido que me hiciera un balance del cumplimiento de ese programa me ha contestado lo siguiente: <em>\u201cno dispongo de informaci\u00f3n espec\u00edfica sobre las principales medidas del programa electoral del Partido Popular de Granada en las elecciones municipales de 2023<\/em><em>\u201d<\/em><\/p>\n\n\n\n<p>En primer lugar hay que indicar que tiene m\u00e9rito evaluar un programa que no se present\u00f3, (tal y como entendemos un programa, maquetado, encuadernado o alojado en una web, con sus apartados y medidas estructuradas),&nbsp; y que no es posible en la actualidad&nbsp; cotejarlo porque no est\u00e1 accesible en ning\u00fan lugar y mira que he navegado intent\u00e1ndolo. El mismo <strong>ChatGPT<\/strong> cuando le he pedido que me hiciera un balance del cumplimiento de ese programa me ha contestado lo siguiente: <em>\u201cno dispongo de informaci\u00f3n espec\u00edfica sobre las principales medidas del programa electoral del Partido Popular de Granada en las elecciones municipales de 2023<\/em>.<em> Te recomendar\u00eda consultar directamente la p\u00e1gina oficial del Partido Popular de Granada o sus documentos oficiales de campa\u00f1a, donde suelen detallar sus propuestas y prioridades para esas elecciones\u201d.<\/em> Pero siguiendo su consejo he realizado esa b\u00fasqueda y ha sido en vano.<\/p>\n\n\n\n<p>He probado despu\u00e9s pidi\u00e9ndole a <strong>Gemini AI <\/strong>que me hiciera ese balance y me ha elaborado un informe a base de noticias de entonces y de ahora que, claro est\u00e1, tiene grandes sesgos en la medida que las fuentes que ha usado recogen principalmente declaraciones de los propios protagonistas, con lo que en hay una manifiesta divisi\u00f3n de opiniones sobre avances o retrocesos, logros y fracasos obtenidos.<\/p>\n\n\n\n<p>En ese rastreo he encontrado una especie de folleto, presentado al final de la \u00faltima campa\u00f1a electoral,&nbsp; con una relaci\u00f3n de<strong> actuaciones en cada uno de los ocho distritos municipales. El&nbsp; cumplimiento no supera (en la estimaci\u00f3n m\u00e1s favorable) el 10% <\/strong>seg\u00fan las comprobaciones realizadas por el grupo municipal socialista, encabezado en la actualidad por la concejala Raquel Ruz, la nueva secretaria general de los socialistas granadinos.<\/p>\n\n\n\n<p>Mi olfato pol\u00edtico de tantos a\u00f1os (m\u00e1s sabe el diablo por viejo que por diablo) me hace desconfiar de un balance que se apoya en el titular con el que la alcaldesa ha querido sentenciar su gesti\u00f3n hasta la fecha:<em> \u201clos granadinos llaman a la puerta y el Ayuntamiento responde\u201d.<\/em>&nbsp; Querer incluir bajo este paraguas inversiones, medidas en marcha y compromisos cumplidos, y cubrirse con palabras como <em>\u201cla recuperaci\u00f3n de la estabilidad institucional, la transformaci\u00f3n urbana, la apuesta cultural y la proyecci\u00f3n de Granada como ciudad inteligente, referente en Andaluc\u00eda\u201d<\/em>, para los que acumulamos trienios curti\u00e9ndonos en analizar balances de gobierno, presupuestos y otras evaluaciones de gesti\u00f3n,<strong> nos hace sospechar que son recursos de los que tira un \u2018pol\u00edtico\u2019 cuando tiene un pobre balance que echarse a la boca.<\/strong><\/p>\n\n\n\n<p>Fuera de esta campa\u00f1a propagand\u00edstica y el gran esfuerzo creativo para adornar una paup\u00e9rrima gesti\u00f3n, la realidad es que estamos ante una alcaldesa sin liderazgo y un gobierno municipal mediocre, sin un proyecto como el que nuestra ciudad necesita<\/p>\n\n\n\n<p>Fuera de esta campa\u00f1a propagand\u00edstica y el gran esfuerzo creativo para adornar una paup\u00e9rrima gesti\u00f3n, la realidad es que <strong>estamos ante una alcaldesa sin liderazgo y un gobierno municipal mediocre, sin un proyecto como el que nuestra ciudad necesita<\/strong>. \u2018Esconderse\u2019 bajo frases de una gesti\u00f3n ordinaria de los asuntos p\u00fablicos, lo que algunos llaman la micropol\u00edtica, <em>\u201chacer que las persianas de los servicios p\u00fablicos se suban y las cosas funciones con normalidad\u201d, <\/em>no es m\u00e1s que la constataci\u00f3n de la evidencia de que <strong>no hay un rumbo, con ambici\u00f3n, al que dirigir la acci\u00f3n pol\u00edtica<\/strong>. Y lo m\u00e1s grave, para m\u00e1s INRI, es que adem\u00e1s esas afirmaciones de que la ciudad funciona no se sostienen porque la mayor\u00eda de los granadinos y granadinas no sentimos esas aparentes mejoras ni percibimos que los servicios p\u00fablicos municipales hayan mejorado en estos dos a\u00f1os, antes al contrario, en muchos barrios de la capital observamos el abandono, el olvido y la ausencia de la alcaldesa y su equipo, y, en buena parte de la gesti\u00f3n municipal, <strong>la indolencia y la insensibilidad del gobierno municipal como se mostr\u00f3 en el \u00faltimo Pleno<\/strong> y pudieron comprobar, por ejemplo, la gente del Fargue o la plataforma <em>\u201cLa Calle Mata\u201d, <\/em>que cuando los vecinos llamaban a la puerta el ayuntamiento Marifr\u00e1n et al. no les respond\u00edan. O como pueden constatar todos los granadinos que ven que la vallisoletana entra por la puerta trasera del ayuntamiento para no \u2018chocarse con la gente normal\u2019. <strong>Vamos, que ni se est\u00e1 cuidando a la ciudad como se merece ni se est\u00e1 atendiendo a la ciudadan\u00eda cuando y c\u00f3mo lo necesita.<\/strong><\/p>\n\n\n\n<p>Presume Marifr\u00e1n de estabilidad econ\u00f3mica y de haber aprobado dos presupuestos consecutivos. Gracias a su mayor\u00eda absoluta puede exhibir este \u2018\u00e9xito\u2019 que la situaci\u00f3n pol\u00edtica de mandatos anteriores no hab\u00eda permitido aunque <strong>se le ha escapado reconocer que la mala situaci\u00f3n econ\u00f3mica municipal viene de largo, de cuando gobernaba el Partido Popular<\/strong> y era alcalde Pepe Torres Hurtado, (el que sali\u00f3 entre cartones escoltado por la Polic\u00eda); el ayuntamiento lleg\u00f3 a alcanzar una deuda, en 2016, de 240 millones de euros, cantidad que en los mandatos de Paco Cuenca se fue reduciendo hasta dejarla a la mitad en junio de 2023.<\/p>\n\n\n\n<p>Esta deuda ha vuelto a aumentar peligrosamente en 16 millones en los \u00faltimos meses, lo que me hace temer que se haya vuelto a la senda de la nefasta gesti\u00f3n econ\u00f3mica de aquellos gobiernos municipales del PP que llevaron a la ruina y a la bancarrota de las arcas municipales (en alguno de ellos la Carazo misma era concejala).<\/p>\n\n\n\n<p>Se le ha olvidado a la alcaldesa referirse a<strong> la aportaci\u00f3n del gobierno de la naci\u00f3n<\/strong> y se\u00f1alar que el rescate de las cuentas municipales del que presume se debe en buena&nbsp; medida a las aportaciones recibidas de Pedro S\u00e1nchez, (es una manera de hablar, ya s\u00e9 que no sale de su bolsillo), <strong>que ha transferido ya al ayuntamiento de Granada 84 millones (con las entregas a cuenta) y ahora se han hecho efectivos otros 18 millones (de euros oigan) extra<\/strong>, con la liquidaci\u00f3n definitiva de los impuestos, gracias a la excelente gesti\u00f3n econ\u00f3mica a nivel nacional. Dinero que viene de esos impuestos que dice Feij\u00f3o que va a bajar, pero que cuando lo hacen solo afectan a las rentas m\u00e1s altas.<\/p>\n\n\n\n<p>Este \u2018bal\u00f3n de ox\u00edgeno\u2019 deber\u00eda aprovecharse para cuadrar las cuentas municipales, afrontar pagos a peque\u00f1os y medianos proveedores, sufragar la subvenci\u00f3n al transporte p\u00fablico o pagar las n\u00f3minas y en definitiva para cumplir con el Plan de Ajuste, como le han se\u00f1alado desde la oposici\u00f3n.<\/p>\n\n\n\n<p>Y \u2018olvida\u2019 tambi\u00e9n la alcaldesa, (flaca memoria), que las cuentas que presenta y el balance que realiza de estos dos a\u00f1os tiene <strong>una herencia recibida del anterior gobierno municipal<\/strong> que, bajo el liderazgo de Paco Cuenca, <a href=\"https:\/\/www.elindependientedegranada.es\/blog\/cuenca-granada\">puso al mundo mirando a Granada<\/a>, y ha permitido que en estos meses se desarrollen proyectos gestionados en aquella \u00e9poca como los<strong> m\u00e1s de 40 millones de euros de fondos europeos destinados a la reforma del Palacio Municipal de Deportes, el parque inundable del Flor\u00edo<\/strong> <strong>y el rebautizado<\/strong>, (supongo que para despistar quien lo proyect\u00f3 y consigui\u00f3 la financiaci\u00f3n) <strong>como \u2018Parque de las Familias\u2019 o&nbsp; las millonarias actuaciones en el Palacio de Congresos y Exposiciones,<\/strong> (que la alcaldesa y la consejera olvidaron que el 80% de su financiaci\u00f3n corresponde al Gobierno de la Naci\u00f3n).<\/p>\n\n\n\n<p>Si quitamos los proyectos que por pura inercia han avanzado en estos dos a\u00f1os, el balance del gobierno municipal de Carazo es bastante flojo sin grandes, ni peque\u00f1os, proyectos que ilusionen y que se\u00f1alen una estrategia de ciudad, con una gesti\u00f3n plana, abandonada por <strong>Moreno Bonilla que ha puesto el foco de la Junta de Andaluc\u00eda en el eje Sevilla-M\u00e1laga.<\/strong><\/p>\n\n\n\n<p>De este flojo balance hay que excluir un indudable \u00e9xito que hay que aplaudir y reconocer ya que tendr\u00e1 una gran trascendencia para el futuro de Granada, para su desarrollo, para la imagen de la ciudad y para el urbanismo: el proyecto de integraci\u00f3n del ferrocarril<\/p>\n\n\n\n<p>De este flojo balance hay que excluir un <strong>indudable \u00e9xito que hay que aplaudir y reconocer<\/strong> ya que tendr\u00e1 una gran trascendencia para el futuro de Granada, para su desarrollo, para la imagen de la ciudad y para el urbanismo: <strong>el proyecto de integraci\u00f3n del ferrocarril. <\/strong>Esta asignatura pendiente durante mucho tiempo y que tras muchos vaivenes ha encontrado por fin una soluci\u00f3n. Si bien es cierto que <strong>el principal protagonismo en este asunto no se lo puede arrogar la alcaldesa sino que la iniciativa la lleva el \u2018odiado\u2019 ministro de Transportes y Movilidad Sostenible, \u00d3scar Puente<\/strong>, y que \u2018los dineros\u2019 en su mayor parte los pone el gobierno de Pedro S\u00e1nchez. Hace unos d\u00edas hemos conocido que&nbsp; el Ministerio, a trav\u00e9s de ADIF, ha licitado por 5,2 millones de euros el contrato de redacci\u00f3n del anteproyecto de esta integraci\u00f3n, que incluye la ampliaci\u00f3n de la estaci\u00f3n de la Avenida de Andaluces. Una actuaci\u00f3n que conllevar\u00e1 una transformaci\u00f3n urbana en la que se ganar\u00e1n nuevos espacios p\u00fablicos y zonas verdes, manteniendo la llegada de pasajeros en el coraz\u00f3n de la ciudad. La alcaldesa podr\u00e1 decir que ha contribuido a lograr el acuerdo alcanzado para la necesaria cooperaci\u00f3n entre instituciones, o por lo menos debemos reconocerle que no ha estorbado para la soluci\u00f3n encontrada como hizo alguno de sus compa\u00f1eros de partido.<\/p>\n\n\n\n<p><a href=\"https:\/\/www.elindependientedegranada.es\/blog-t\/sacando-punta\"><strong>Sacando punta<\/strong><\/a> &#8211; <a href=\"https:\/\/www.elindependientedegranada.es\/autor\/121\">Ignacio Henares<\/a><\/p>\n\n\n\n<p>FOTO: Visita a la planta de tratamiento de residuos de Alhend\u00edn. Ideal<\/p>\n\n\n\n<p><a href=\"https:\/\/www.ideal.es\/granada\/diputacion-crea-servicio-pionero-recoger-basura-municipios-20250629000846-nt.html\">https:\/\/www.ideal.es\/granada\/diputacion-crea-servicio-pionero-recoger-basura-municipios-20250629000846-nt.html<\/a><\/p>\n","protected":false},"excerpt":{"rendered":"<p>Dos a\u00f1os de la llegada de Marifr\u00e1n Carazo a la Plaza del Carmen. Balance de&#8230;<\/p>\n","protected":false},"author":1,"featured_media":77948,"comment_status":"closed","ping_status":"closed","sticky":false,"template":"","format":"standard","meta":{"_coblocks_attr":"","_coblocks_dimensions":"","_coblocks_responsive_height":"","_coblocks_accordion_ie_support":"","jetpack_post_was_ever_published":false,"_jetpack_newsletter_access":"","_jetpack_dont_email_post_to_subs":false,"_jetpack_newsletter_tier_id":0,"_jetpack_memberships_contains_paywalled_content":false,"_jetpack_memberships_contains_paid_content":false,"footnotes":"","jetpack_publicize_message":"","jetpack_publicize_feature_enabled":true,"jetpack_social_post_already_shared":true,"jetpack_social_options":{"image_generator_settings":{"template":"highway","default_image_id":0,"enabled":false},"version":2}},"categories":[1161,10781,44],"tags":[],"class_list":["post-77946","post","type-post","status-publish","format-standard","has-post-thumbnail","hentry","category-ciudadania","category-granada","category-noticias-de-hoy"],"jetpack_publicize_connections":[],"jetpack_featured_media_url":"https:\/\/i0.wp.com\/miradordeatarfe.es\/wp-content\/uploads\/2025\/06\/dentro_noticia.jpg?fit=659%2C390&ssl=1","jetpack_likes_enabled":true,"jetpack_sharing_enabled":true,"_links":{"self":[{"href":"https:\/\/miradordeatarfe.es\/index.php?rest_route=\/wp\/v2\/posts\/77946","targetHints":{"allow":["GET"]}}],"collection":[{"href":"https:\/\/miradordeatarfe.es\/index.php?rest_route=\/wp\/v2\/posts"}],"about":[{"href":"https:\/\/miradordeatarfe.es\/index.php?rest_route=\/wp\/v2\/types\/post"}],"author":[{"embeddable":true,"href":"https:\/\/miradordeatarfe.es\/index.php?rest_route=\/wp\/v2\/users\/1"}],"replies":[{"embeddable":true,"href":"https:\/\/miradordeatarfe.es\/index.php?rest_route=%2Fwp%2Fv2%2Fcomments&post=77946"}],"version-history":[{"count":1,"href":"https:\/\/miradordeatarfe.es\/index.php?rest_route=\/wp\/v2\/posts\/77946\/revisions"}],"predecessor-version":[{"id":77949,"href":"https:\/\/miradordeatarfe.es\/index.php?rest_route=\/wp\/v2\/posts\/77946\/revisions\/77949"}],"wp:featuredmedia":[{"embeddable":true,"href":"https:\/\/miradordeatarfe.es\/index.php?rest_route=\/wp\/v2\/media\/77948"}],"wp:attachment":[{"href":"https:\/\/miradordeatarfe.es\/index.php?rest_route=%2Fwp%2Fv2%2Fmedia&parent=77946"}],"wp:term":[{"taxonomy":"category","embeddable":true,"href":"https:\/\/miradordeatarfe.es\/index.php?rest_route=%2Fwp%2Fv2%2Fcategories&post=77946"},{"taxonomy":"post_tag","embeddable":true,"href":"https:\/\/miradordeatarfe.es\/index.php?rest_route=%2Fwp%2Fv2%2Ftags&post=77946"}],"curies":[{"name":"wp","href":"https:\/\/api.w.org\/{rel}","templated":true}]}}