{"id":77950,"date":"2025-07-02T10:15:00","date_gmt":"2025-07-02T08:15:00","guid":{"rendered":"https:\/\/miradordeatarfe.es\/?p=77950"},"modified":"2025-06-30T12:19:47","modified_gmt":"2025-06-30T10:19:47","slug":"maria-duenas-granada-no-ha-dejado-de-crecer-culturalmente-en-los-ultimos-anos","status":"publish","type":"post","link":"https:\/\/miradordeatarfe.es\/?p=77950","title":{"rendered":"Mar\u00eda Due\u00f1as:  \u00abGranada no ha dejado de crecer culturalmente en los \u00faltimos a\u00f1os\u00bb"},"content":{"rendered":"\n<p>La granadina volvi\u00f3 a la ciudad, donde obtuvo un rotundo \u00e9xito en el Festival, y apuesta por conseguir la Capitalidad Cultural para 2031<\/p>\n\n\n\n<p>La violinista granadina Mar\u00eda Due\u00f1as (2002) volvi\u00f3 a Granada para participar en el Festival Internacional de M\u00fasica y Danza, convertida en una estrella internacional, avalada por una agenda que le lleva a tocar con las mejores orquestas y directores del mundo, y con un contrato discogr\u00e1fico en exclusiva con Deutsche Grammophon (DG), el m\u00edtico sello amarillo, muy selectivo a la hora de escoger a qui\u00e9n le otorga su marchamo. Ha vuelto a pasear por sus calles, disfrutar sus monumentos, y tomar el pulso a una ciudad a la que, precisamente, su endiablada agenda le impide volver cuanto quisiera. Recibi\u00f3 el calor de su p\u00fablico, que se rindi\u00f3 a sus pies cuando, tras interpretar una impecable &#8216;Symphonie espagnole&#8217; de Lalo junto a la Orquesta Nacional, mostr\u00f3 su personal arreglo de &#8216;Granada&#8217; de Agust\u00edn Lara para viol\u00edn y arpa, un arreglo que termin\u00f3 apenas unas semanas atr\u00e1s. M\u00e1s all\u00e1 de su indiscutible \u00e9xito como int\u00e9rprete, las mayores cualidades de Due\u00f1as son su humildad y ser una persona agradecida, tambi\u00e9n hacia la ciudad donde vivi\u00f3 su ni\u00f1ez y los primeros a\u00f1os de su formaci\u00f3n.<\/p>\n\n\n\n<p>\u2013<strong>\u00bfLe gusta haber conseguido ser profeta en su tierra?<\/strong><\/p>\n\n\n\n<p>\u2013(Sonr\u00ede) Yo no me atrever\u00eda a decir tanto, pero s\u00ed que estoy muy contenta de tocar otra vez ante mis paisanos, y que ellos hayan sido tan generosos conmigo y con mi esfuerzo es algo que agradezco profundamente. En el concierto me sent\u00ed verdaderamente en casa, muy arropada por un p\u00fablico que me ha visto crecer con mi viol\u00edn entre las manos. Con mi trabajo, he intentado devolver a la gente todo ese cari\u00f1o y ese apoyo que me han prestado durante a\u00f1os.<\/p>\n\n\n\n<p>Thanks for watching!<\/p>\n\n\n\n<figure class=\"wp-block-embed\"><div class=\"wp-block-embed__wrapper\">\nhttps:\/\/imasdk.googleapis.com\/js\/core\/bridge3.704.0_en.html?gdpr=1#fid=goog_101441687\n<\/div><\/figure>\n\n\n\n<p>\u2013<strong>El primer &#8216;bis&#8217; que ofreci\u00f3, la obra de Halvorsen, sorprendi\u00f3 mucho al p\u00fablico.<\/strong><\/p>\n\n\n\n<p>\u2013S\u00ed, es una obra que he tocado en varias ocasiones \u00faltimamente, se titula en espa\u00f1ol &#8216;La ni\u00f1ita est\u00e1 cantando&#8217;. Tras la exuberancia de la sinfon\u00eda de Lalo, tocarla con la orquesta fue un momento muy especial. Es una obra con una historia muy particular, muy interesante, que merece ser m\u00e1s interpretado. De hecho, lo toqu\u00e9 en la pel\u00edcula &#8216;Opus 28&#8217;, donde particip\u00e9 como actriz, interpretando al fantasma de Kathleen Parlow, la violinista que recuper\u00f3 la obra de Halvorsen.<\/p>\n\n\n\n<p>\u2013<strong>Durante las \u00faltimas semanas ha tenido contacto &#8216;Real&#8217;. \u00bfC\u00f3mo fue volver a representar a Espa\u00f1a en un concierto como el de New York?<\/strong><\/p>\n\n\n\n<p>\u2013Fue un evento precioso, porque ten\u00eda el objetivo, precisamente, de poner en valor todo lo bueno que hacemos desde el punto de vista musical. Aunque no todos los compositores que interpretamos eran espa\u00f1oles, s\u00ed que ofrecimos la visi\u00f3n que los autores extranjeros ten\u00edan sobre Espa\u00f1a, lo cual es muy enriquecedor. En cuanto a la presencia de la Princesa de Asturias, esta denota que se interesa por la m\u00fasica cl\u00e1sica, lo cual es estupendo, y que nos preocupamos por ofrecer nuestra mejor imagen en el exterior.<\/p>\n\n\n\n<p>\u2013<strong>Adem\u00e1s, usted recibi\u00f3 el premio que lleva el nombre de otro de sus t\u00edtulos protocolarios, el de Princesa de Girona.<\/strong><\/p>\n\n\n\n<p>\u2013\u00a1S\u00ed! No es la primera vez que nos encontramos, y siempre que lo hacemos es s\u00faper amable y muy cercana. Pienso que el trabajo que est\u00e1 desarrollando es un excelente ejemplo para nuestra generaci\u00f3n.<\/p>\n\n\n\n<h3 class=\"wp-block-heading\">Una gran oportunidad<\/h3>\n\n\n\n<p>\u2013<strong>En su anterior presencia en el Festival, la dirigi\u00f3 Juanjo Mena, y ahora ha venido usted con la ONE. Ambos est\u00e1n en el programa de 2025, en unas circunstancias muy diversas.<\/strong><\/p>\n\n\n\n<p>\u2013Este Festival es, para todos los m\u00fasicos, una gran oportunidad. Tocar en estos espacios es una aut\u00e9ntica maravilla, y este a\u00f1o, adem\u00e1s, con el maestro Andr\u00e9s Orozco-Estrada, con quien he trabajado mucho, y con una obra como la &#8216;Symphonie Espagnole&#8217;, con la que me identifico. No s\u00f3lo el Carlos V; cualquiera de los espacios donde se desarrollan los espect\u00e1culos es maravilloso. M\u00e1s all\u00e1 incluso de los escenarios, los m\u00fasicos nos sentimos en casa cuando venimos aqu\u00ed, aunque s\u00f3lo unos pocos tengamos la suerte de haber nacido aqu\u00ed. Para nuestra ciudad, es muy importante mantener un ciclo como este.<\/p>\n\n\n\n<p><strong>\u2013El a\u00f1o que viene, adem\u00e1s, llega el septuag\u00e9simo quinto aniversario, una cifra redonda.<\/strong><\/p>\n\n\n\n<p>\u2013S\u00ed, estoy segura de que ser\u00e1 una gran celebraci\u00f3n.<\/p>\n\n\n\n<p>\u2013<strong>Id\u00f3nea para que vuelva&#8230;<\/strong><\/p>\n\n\n\n<p>\u2013 (Risas) \u00a1Ojal\u00e1! Ser\u00eda fant\u00e1stico. No me canso de venir. Puedo ver a mis familiares y a mis amigos de siempre, y no pierdo la oportunidad de darme una vuelta por la Alhambra.<\/p>\n\n\n\n<p>\u2013<strong>\u00bfC\u00f3mo le ha cambiado la vida su contrato con DG?<\/strong><\/p>\n\n\n\n<p>\u2013Para m\u00ed es un sue\u00f1o hecho realidad, porque los discos de este sello estaban en mi casa desde siempre, y poder llegar a cualquier rinc\u00f3n del mundo de su mano es una gran alegr\u00eda. Adem\u00e1s, me dan total libertad para hacer lo que quiero, y me siento muy valorada.<\/p>\n\n\n\n<p>\u2013<strong>\u00bfQu\u00e9 puede contar del pr\u00f3ximo?<\/strong><\/p>\n\n\n\n<p>\u2013(Sonr\u00ede) De momento, le puedo decir que lo estamos preparando.<\/p>\n\n\n\n<h3 class=\"wp-block-heading\">M\u00e1s de 50 conciertos<\/h3>\n\n\n\n<p>\u2013<strong>\u00bfCu\u00e1ntos conciertos va a ofrecer este a\u00f1o?<\/strong><\/p>\n\n\n\n<p>\u2013Unos 50, creo. No es mucho, pero me gusta mantener un balance entre el trabajo en el escenario, el estudio y la composici\u00f3n.<\/p>\n\n\n\n<p>\u2013<strong>\u00bfC\u00f3mo avanza en este \u00faltimo aspecto?<\/strong><\/p>\n\n\n\n<p>\u2013Bien, estoy haciendo ahora algunos arreglos. Me gusta componer y trato de encontrar tiempo para hacerlo.<\/p>\n\n\n\n<p>\u2013<strong>\u00bfSigue recibiendo clases?<\/strong><\/p>\n\n\n\n<p>\u2013No regularmente, pero s\u00ed tengo contacto con profesores que me dan su visi\u00f3n sobre mi trabajo. Tener una voz de afuera siempre es enriquecedor.<\/p>\n\n\n\n<p>LA AGENDA CULTURAL<\/p>\n\n\n\n<h3 class=\"wp-block-heading\">\u00abCada vez que vengo encuentro m\u00e1s y m\u00e1s diversas propuestas; es importante que sigamos as\u00ed\u00bb<\/h3>\n\n\n\n<p>\u2013<strong>Ha tocado en el \u00faltimo a\u00f1o con algunas de las mejores orquestas del mundo. \u00bfAlg\u00fan nuevo encuentro que le haya sorprendido?<\/strong><\/p>\n\n\n\n<p>\u2013Este a\u00f1o he disfrutado mucho con la Budapest Festival Orchestra, que tambi\u00e9n est\u00e1 aqu\u00ed en Granada este a\u00f1o. Me parece un grupo de m\u00fasicos magn\u00edfico, y me sent\u00ed muy a gusto trabajando con ellos.<\/p>\n\n\n\n<p>\u2013<strong>Usted dej\u00f3 de residir de forma permanente en Granada hace ya 11 a\u00f1os. \u00bfC\u00f3mo ha visto la evoluci\u00f3n cultural de la ciudad?<\/strong><\/p>\n\n\n\n<p>\u2013De forma muy positiva. Cada vez hay mayor cantidad de actividades, propuestas muy diversas, para todos los gustos. Eso enriquece mucho tanto a quien vive en Granada como a quien la visita. Opino que la ciudad no ha dejado de crecer culturalmente en los \u00faltimos a\u00f1os.<\/p>\n\n\n\n<p>\u2013<strong>Ahora, se aspira a ser Capital Cultural de Europa en 2031.<\/strong><\/p>\n\n\n\n<p>\u2013Ya es hora. Es preciso que se reconozca el talento que hay en nuestra tierra, y la oferta que cada d\u00eda se pone a disposici\u00f3n de las personas a las que interesa la cultura. Granada es una ciudad muy rica, que merece ser a\u00fan m\u00e1s conocida, y si de alguna manera puedo aportar mi granito de arena para ello, lo har\u00e9 encantada.<\/p>\n\n\n\n<p><a href=\"https:\/\/www.ideal.es\/autor\/jose-antonio-munoz-2730.html\"><strong>Jos\u00e9 Antonio Mu\u00f1oz<\/strong><\/a><\/p>\n\n\n\n<p>FOTO: La violinista, en el Palacio de Carlos V, con el viol\u00edn Nicol\u00f2 Gagliano que le ha cedido el Fondo Alem\u00e1n de Instrumentos Musicales. JAVIER MART\u00cdN<\/p>\n\n\n\n<p><a href=\"https:\/\/www.ideal.es\/culturas\/granada-dejado-crecer-culturalmente-ultimos-anos-20250630000511-nt.html\">https:\/\/www.ideal.es\/culturas\/granada-dejado-crecer-culturalmente-ultimos-anos-20250630000511-nt.html<\/a><\/p>\n\n\n\n<p><a href=\"https:\/\/www.ideal.es\/autor\/jose-antonio-munoz-2730.html\"><\/a><\/p>\n","protected":false},"excerpt":{"rendered":"<p>La granadina volvi\u00f3 a la ciudad, donde obtuvo un rotundo \u00e9xito en el Festival, y&#8230;<\/p>\n","protected":false},"author":1,"featured_media":77951,"comment_status":"closed","ping_status":"closed","sticky":false,"template":"","format":"standard","meta":{"_coblocks_attr":"","_coblocks_dimensions":"","_coblocks_responsive_height":"","_coblocks_accordion_ie_support":"","jetpack_post_was_ever_published":false,"_jetpack_newsletter_access":"","_jetpack_dont_email_post_to_subs":false,"_jetpack_newsletter_tier_id":0,"_jetpack_memberships_contains_paywalled_content":false,"_jetpack_memberships_contains_paid_content":false,"footnotes":"","jetpack_publicize_message":"","jetpack_publicize_feature_enabled":true,"jetpack_social_post_already_shared":true,"jetpack_social_options":{"image_generator_settings":{"template":"highway","default_image_id":0,"enabled":false},"version":2}},"categories":[1161,10781,44],"tags":[],"class_list":["post-77950","post","type-post","status-publish","format-standard","has-post-thumbnail","hentry","category-ciudadania","category-granada","category-noticias-de-hoy"],"jetpack_publicize_connections":[],"jetpack_featured_media_url":"https:\/\/i0.wp.com\/miradordeatarfe.es\/wp-content\/uploads\/2025\/06\/MARIADUEASENTREVISTAFESTIVAL-kQTG-U2302210728296axF-1200x840%40Ideal.webp?fit=1200%2C840&ssl=1","jetpack_likes_enabled":true,"jetpack_sharing_enabled":true,"_links":{"self":[{"href":"https:\/\/miradordeatarfe.es\/index.php?rest_route=\/wp\/v2\/posts\/77950","targetHints":{"allow":["GET"]}}],"collection":[{"href":"https:\/\/miradordeatarfe.es\/index.php?rest_route=\/wp\/v2\/posts"}],"about":[{"href":"https:\/\/miradordeatarfe.es\/index.php?rest_route=\/wp\/v2\/types\/post"}],"author":[{"embeddable":true,"href":"https:\/\/miradordeatarfe.es\/index.php?rest_route=\/wp\/v2\/users\/1"}],"replies":[{"embeddable":true,"href":"https:\/\/miradordeatarfe.es\/index.php?rest_route=%2Fwp%2Fv2%2Fcomments&post=77950"}],"version-history":[{"count":1,"href":"https:\/\/miradordeatarfe.es\/index.php?rest_route=\/wp\/v2\/posts\/77950\/revisions"}],"predecessor-version":[{"id":77952,"href":"https:\/\/miradordeatarfe.es\/index.php?rest_route=\/wp\/v2\/posts\/77950\/revisions\/77952"}],"wp:featuredmedia":[{"embeddable":true,"href":"https:\/\/miradordeatarfe.es\/index.php?rest_route=\/wp\/v2\/media\/77951"}],"wp:attachment":[{"href":"https:\/\/miradordeatarfe.es\/index.php?rest_route=%2Fwp%2Fv2%2Fmedia&parent=77950"}],"wp:term":[{"taxonomy":"category","embeddable":true,"href":"https:\/\/miradordeatarfe.es\/index.php?rest_route=%2Fwp%2Fv2%2Fcategories&post=77950"},{"taxonomy":"post_tag","embeddable":true,"href":"https:\/\/miradordeatarfe.es\/index.php?rest_route=%2Fwp%2Fv2%2Ftags&post=77950"}],"curies":[{"name":"wp","href":"https:\/\/api.w.org\/{rel}","templated":true}]}}