{"id":77956,"date":"2025-07-01T08:29:00","date_gmt":"2025-07-01T06:29:00","guid":{"rendered":"https:\/\/miradordeatarfe.es\/?p=77956"},"modified":"2025-06-30T12:32:38","modified_gmt":"2025-06-30T10:32:38","slug":"enfado-en-la-universidad-de-granada-con-la-junta-por-el-rechazo-al-grado-de-inteligencia-artificial-hemos-perdido-la-confianza","status":"publish","type":"post","link":"https:\/\/miradordeatarfe.es\/?p=77956","title":{"rendered":"Enfado en la Universidad de Granada con la Junta por el rechazo al grado de Inteligencia Artificial: \u00abHemos perdido la confianza\u00bb"},"content":{"rendered":"\n<p class=\"has-medium-font-size\"><strong>El rector cuestiona a la Agencia para la Calidad Cient\u00edfica y Universitaria que tiene evaluar las titulaciones que se imparten en Andaluc\u00eda<\/strong><\/p>\n\n\n\n<p>\u00abSorpresa\u00bb, \u00abestupor\u00bb e \u00abindignaci\u00f3n\u00bb han sido las primeras palabras de Pedro Mercado, rector de la <a href=\"https:\/\/www.granadahoy.com\/tag\/universidad-de-granada\/\">Universidad de Granada <\/a>(UGR) en la rueda de prensa convocada para dar explicaciones despu\u00e9s de que la Agencia para la Calidad Cient\u00edfica y Universitaria de Andaluc\u00eda (Accua) <strong>emitiese un informe desfavorable<\/strong> para el grado en Ciencia de Datos e Inteligencia Artificial. Una negativa que ha supuesto, en palabras del rector, \u00abla p\u00e9rdida de confianza en un pilar fundamental de todo el sistema universitario\u00bb.<\/p>\n\n\n\n<p>Mercado, que ha dejado claro que la intenci\u00f3n de la UGR es recurrir este informe ante el Consejo de Universidades del Ministerio de Ciencia, Innovaci\u00f3n y Universidades, y se ha mostrado convencido de que el recurso saldr\u00e1 adelante, ha asegurado que lo vivido esta pasada semana <strong>es un \u00absentir coyuntural\u00bb <\/strong>de la UGR y ha puesto como ejemplo otros casos recientes como la implantaci\u00f3n de los nuevos grupos de Ingenier\u00eda Inform\u00e1tica y de Telecomunicaciones, dos solicitudes realizadas de forma id\u00e9ntica, pero que una fue aprobada mientras que la otra fue rechazada. \u00abSon ejemplos, pero nos ponen en preocupaci\u00f3n por el funcionamiento de la agencia\u00bb, ha asegurado el rector.<\/p>\n\n\n\n<p>El informe desfavorable llega a pocos d\u00edas del inicio del periodo de matriculaci\u00f3n y con m\u00e1s de mil alumnos \u00abque han confiado\u00bb en la Universidad y han hecho la preinscripci\u00f3n en el grado, que era ofertado, pero siempre condicionado a la decisi\u00f3n de este organismo, como dicta la normativa. Ahora, esa opci\u00f3n desaparecer\u00e1 del Distrito \u00danico Andaluz y la segunda opci\u00f3n elegida por los alumnos se convertir\u00e1 en la primera, ha detallado el rector, para quien \u00ab<strong>no tiene sentido esperar a septiembre<\/strong>\u00bb para saber si finalmente se oferta o no ese curso.<\/p>\n\n\n\n<p>Junto al grado de Inteligencia Artificial, la Accua, a trav\u00e9s de la comisi\u00f3n de Ingenier\u00eda y Arquitectura, tambi\u00e9n ha emitido informes desfavorables respecto al Grado en Ingenier\u00eda Biom\u00e9dica, el M\u00e1ster Universitario en Inteligencia Artificial Aplicada a las Ciencias de la Salud y el Programa de Doctorado en Arquitectura, cuatro rechazos que suponen una \u00absituaci\u00f3n an\u00f3mala\u00bb para una instituci\u00f3n acad\u00e9mica que suma m\u00e1s de 15 a\u00f1os de experiencia en la tramitaci\u00f3n de titulaciones oficiales en el contexto del Espacio Europeo de Educaci\u00f3n Superior, durante los que se han superado los 60 t\u00edtulos de grado y los 150 m\u00e1sters verificados con \u00e9xito<\/p>\n\n\n\n<p><a href=\"https:\/\/www.granadahoy.com\/miguel-navas\/\"><strong>Miguel Navas<\/strong><\/a><\/p>\n\n\n\n<p>Pedro Mercado, rector de la UGR, en rueda de prensa. \/ Jos\u00e9 Velasco \/ GPMedia<\/p>\n\n\n\n<p><a href=\"https:\/\/www.granadahoy.com\/granada\/enfado-universidad-granada-junta-rechazo-grado-inteligencia-artificial-confianza_0_2004252751.html\">https:\/\/www.granadahoy.com\/granada\/enfado-universidad-granada-junta-rechazo-grado-inteligencia-artificial-confianza_0_2004252751.html<\/a><\/p>\n","protected":false},"excerpt":{"rendered":"<p>El rector cuestiona a la Agencia para la Calidad Cient\u00edfica y Universitaria que tiene evaluar&#8230;<\/p>\n","protected":false},"author":1,"featured_media":77957,"comment_status":"closed","ping_status":"closed","sticky":false,"template":"","format":"standard","meta":{"_coblocks_attr":"","_coblocks_dimensions":"","_coblocks_responsive_height":"","_coblocks_accordion_ie_support":"","jetpack_post_was_ever_published":false,"_jetpack_newsletter_access":"","_jetpack_dont_email_post_to_subs":false,"_jetpack_newsletter_tier_id":0,"_jetpack_memberships_contains_paywalled_content":false,"_jetpack_memberships_contains_paid_content":false,"footnotes":"","jetpack_publicize_message":"","jetpack_publicize_feature_enabled":true,"jetpack_social_post_already_shared":true,"jetpack_social_options":{"image_generator_settings":{"template":"highway","default_image_id":0,"enabled":false},"version":2}},"categories":[187,1161,186,44],"tags":[],"class_list":["post-77956","post","type-post","status-publish","format-standard","has-post-thumbnail","hentry","category-centros-educativos","category-ciudadania","category-instituciones","category-noticias-de-hoy"],"jetpack_publicize_connections":[],"jetpack_featured_media_url":"https:\/\/i0.wp.com\/miradordeatarfe.es\/wp-content\/uploads\/2025\/06\/c145c042-fd4d-4cc9-8c03-f81c9d35f638_16-9-aspect-ratio_1600w_0.webp?fit=1600%2C900&ssl=1","jetpack_likes_enabled":true,"jetpack_sharing_enabled":true,"_links":{"self":[{"href":"https:\/\/miradordeatarfe.es\/index.php?rest_route=\/wp\/v2\/posts\/77956","targetHints":{"allow":["GET"]}}],"collection":[{"href":"https:\/\/miradordeatarfe.es\/index.php?rest_route=\/wp\/v2\/posts"}],"about":[{"href":"https:\/\/miradordeatarfe.es\/index.php?rest_route=\/wp\/v2\/types\/post"}],"author":[{"embeddable":true,"href":"https:\/\/miradordeatarfe.es\/index.php?rest_route=\/wp\/v2\/users\/1"}],"replies":[{"embeddable":true,"href":"https:\/\/miradordeatarfe.es\/index.php?rest_route=%2Fwp%2Fv2%2Fcomments&post=77956"}],"version-history":[{"count":1,"href":"https:\/\/miradordeatarfe.es\/index.php?rest_route=\/wp\/v2\/posts\/77956\/revisions"}],"predecessor-version":[{"id":77958,"href":"https:\/\/miradordeatarfe.es\/index.php?rest_route=\/wp\/v2\/posts\/77956\/revisions\/77958"}],"wp:featuredmedia":[{"embeddable":true,"href":"https:\/\/miradordeatarfe.es\/index.php?rest_route=\/wp\/v2\/media\/77957"}],"wp:attachment":[{"href":"https:\/\/miradordeatarfe.es\/index.php?rest_route=%2Fwp%2Fv2%2Fmedia&parent=77956"}],"wp:term":[{"taxonomy":"category","embeddable":true,"href":"https:\/\/miradordeatarfe.es\/index.php?rest_route=%2Fwp%2Fv2%2Fcategories&post=77956"},{"taxonomy":"post_tag","embeddable":true,"href":"https:\/\/miradordeatarfe.es\/index.php?rest_route=%2Fwp%2Fv2%2Ftags&post=77956"}],"curies":[{"name":"wp","href":"https:\/\/api.w.org\/{rel}","templated":true}]}}