{"id":77962,"date":"2025-07-01T08:31:00","date_gmt":"2025-07-01T06:31:00","guid":{"rendered":"https:\/\/miradordeatarfe.es\/?p=77962"},"modified":"2025-06-30T12:55:40","modified_gmt":"2025-06-30T10:55:40","slug":"tras-el-color-la-conversacion-sobre-el-verdadero-orgullo-en-granada","status":"publish","type":"post","link":"https:\/\/miradordeatarfe.es\/?p=77962","title":{"rendered":"Tras el color, la conversaci\u00f3n sobre el verdadero Orgullo en Granada"},"content":{"rendered":"\n<p class=\"has-medium-font-size\"><strong>Cuatro relatos del colectivo LGTBIQ+ que muestran la realidad de la diversidad en la ciudad<\/strong><\/p>\n\n\n\n<p>Un d\u00eda despu\u00e9s de que <strong>Granada<\/strong> viviera una de las jornadas m\u00e1s emocionantes y multitudinarias del a\u00f1o, nos sentamos a hablar. La ciudad a\u00fan respira la energ\u00eda del s\u00e1bado, cuando la bandera l\u00e9sbica m\u00e1s grande del pa\u00eds onde\u00f3 entre aplausos por sus calles, la m\u00fasica de las batucadas hizo vibrar cada rinc\u00f3n del centro y se vieron escenas que dejan huella: abuelas bailando con sus nietos, familias enteras mostrando su apoyo sin reservas, una ciudad que se llen\u00f3 de vida, de colores y de reivindicaci\u00f3n. Ni el calor logr\u00f3 frenar las ganas de <a href=\"https:\/\/www.granadadigital.es\/fiesta-reivindicaciones-temas-celebracion-dia-orgullo-lgtbiq-granada\/\"><strong>celebrar un Orgullo<\/strong><\/a> que, m\u00e1s que fiesta, fue historia.<\/p>\n\n\n\n<p>Una celebraci\u00f3n coronada por el preg\u00f3n flamenco de <strong>Curro Albaic\u00edn<\/strong>, que supo mezclar arte, memoria y compromiso en un discurso que emocion\u00f3 a quienes lo escucharon, dejando claro que el flamenco tambi\u00e9n se viste de diversidad cuando habla con el alma. Un \u00e9xito de jornada que deja un poso imborrable en la memoria colectiva de Granada.<\/p>\n\n\n\n<p>Y tras ese despliegue de orgullo, lleg\u00f3 el momento de sentarse a hablar. A parar y escuchar. Porque m\u00e1s all\u00e1 de la alegr\u00eda compartida, hay muchas realidades que siguen siendo dif\u00edciles de contar, de asumir y de transformar. En el centro de Granada, reunimos a cuatro personas del <strong>colectivo LGTBIQ+<\/strong> para hablar, sin filtros, de lo que supone vivir su verdad en una ciudad multicultural que todav\u00eda arrastra miedos, prejuicios y silencios.<\/p>\n\n\n\n<p>Ninguna de ellas naci\u00f3 en Granada, pero sus caminos -muy distintos- las han tra\u00eddo hasta aqu\u00ed. Desde quienes llegaron en los a\u00f1os 80, cuando amar fuera de la norma era casi clandestino, hasta quienes han crecido con m\u00e1s libertades pero a\u00fan han sentido miedo de decir en casa qui\u00e9nes son. Una conversaci\u00f3n necesaria, potente, a veces inc\u00f3moda, siempre honesta.<\/p>\n\n\n\n<h3 class=\"wp-block-heading\">Visibilidad real<\/h3>\n\n\n\n<p>\u201cHay que dejar de confundir visibilidad con espect\u00e1culo\u00bb.<\/p>\n\n\n\n<p>Una frase que resume una sensaci\u00f3n compartida en la mesa: la <strong>visibilidad<\/strong> no se limita a aparecer en una foto durante el Orgullo, ni a llenar escaparates de banderas arco\u00edris. La verdadera visibilidad est\u00e1 en sentirse seguro en el trabajo, al ir al m\u00e9dico o al cruzarse con el vecindario. \u201cNos ven, s\u00ed, pero no siempre nos entienden. Y mucho menos nos respetan\u201d, se desliza en la conversaci\u00f3n. Especialmente cuando se habla desde identidades trans o migrantes, para quienes esa visibilidad muchas veces supone un doble filo.<\/p>\n\n\n\n<h3 class=\"wp-block-heading\">Aliados o postureo<\/h3>\n\n\n\n<p>Este concepto encendi\u00f3 el debate. \u201cHay mucha gente que se pone la camiseta arco\u00edris en junio y desaparece el resto del a\u00f1o.\u201d<\/p>\n\n\n\n<p>La cr\u00edtica no va solo a personas particulares, sino a instituciones y empresas que se suben al carro del Orgullo cuando toca, pero no sostienen esa supuesta alianza el resto del tiempo. \u201cEl verdadero aliado es el que est\u00e1 cuando hay un ataque transf\u00f3bico, cuando un adolescente sufre acoso escolar, cuando hay que educar y defender.\u201d<\/p>\n\n\n\n<p>Desde dentro del propio colectivo, tambi\u00e9n se mencionan ciertas tensiones. \u201cA veces entramos en guerras internas que no llevan a ning\u00fan sitio. Se nos olvida que esto es una lucha com\u00fan, no una competici\u00f3n entre letras.\u201d<\/p>\n\n\n\n<p><img data-recalc-dims=\"1\" loading=\"lazy\" decoding=\"async\" src=\"https:\/\/i0.wp.com\/www.granadadigital.es\/wp-content\/uploads\/2025\/06\/Mesa-Redonda-Orgullo-2-533x400.jpeg?resize=533%2C400&#038;ssl=1\" alt=\"Mesa Redonda Orgullo 2\" width=\"533\" height=\"400\"\/><\/p>\n\n\n\n<p id=\"caption-attachment-715614\">Cuatro personas del colectivo LGTBIQ+ opinan y conversan | Foto: GD<\/p>\n\n\n\n<h3 class=\"wp-block-heading\">Granada diversa<\/h3>\n\n\n\n<p>Pese a las dificultades, hay tambi\u00e9n lugar para la esperanza. \u201cGranada es cada vez m\u00e1s consciente\u00bb.<\/p>\n\n\n\n<p>Se percibe en los barrios, en el activismo local, en las nuevas generaciones que comienzan a hacer ruido. Para muchas personas, Granada ha sido un lugar de reconstrucci\u00f3n, donde volver a empezar. \u201cAqu\u00ed encontr\u00e9 amigas, redes, lucha. Aqu\u00ed me sent\u00ed parte de algo\u00bb.<\/p>\n\n\n\n<p>Pero no se idealiza: \u201cSigue habiendo bares donde no te dejan entrar por ser quien eres. No siempre se denuncia, porque a\u00fan hay miedo. Y mucho cansancio\u00bb.<\/p>\n\n\n\n<p>Tambi\u00e9n se valora el tama\u00f1o de la ciudad, ni muy grande ni muy peque\u00f1a, como un punto a favor para generar comunidad. \u201cSi haces algo, se nota. Si luchas, puedes cambiar cosas\u00bb.<\/p>\n\n\n\n<h3 class=\"wp-block-heading\">Referentes locales<\/h3>\n\n\n\n<p>En esta parte de la charla el ambiente se torna m\u00e1s \u00edntimo. Aparece el nombre de <strong>Kim P\u00e9rez<\/strong>. \u201cNos dej\u00f3 hu\u00e9rfanos. No solo por lo que representaba, sino porque nadie ha tomado su relevo con la misma fuerza\u00bb.<\/p>\n\n\n\n<p>Se habla de la falta de referentes visibles en pol\u00edtica, en los medios, en el \u00e1mbito cultural o sanitario. \u201cNo es que no haya personas con capacidad o discurso, es que no hay espacio para ellas. No se les da el foco\u00bb.<\/p>\n\n\n\n<p>La falta de referentes es, para muchas, una forma de invisibilizaci\u00f3n que duele m\u00e1s que el rechazo directo. \u201cNecesitamos vernos arriba, en lugares donde se toman decisiones\u00bb.<\/p>\n\n\n\n<h3 class=\"wp-block-heading\">Lo que viene<\/h3>\n\n\n\n<p>El cierre se vuelve m\u00e1s pol\u00edtico, m\u00e1s encendido. \u201cYo espero que el activismo en Granada vuelva a ser inc\u00f3modo. Que incomode a quienes tienen el poder. Que no se conforme con lo simb\u00f3lico.\u201d<\/p>\n\n\n\n<p>El <strong>futuro<\/strong>, se dice, pasa por m\u00e1s educaci\u00f3n en las aulas, m\u00e1s apoyo a las personas trans, m\u00e1s espacios para las mujeres lesbianas, m\u00e1s pol\u00edticas interseccionales que entiendan las m\u00faltiples realidades dentro del colectivo.<\/p>\n\n\n\n<p><img data-recalc-dims=\"1\" loading=\"lazy\" decoding=\"async\" src=\"https:\/\/i0.wp.com\/www.granadadigital.es\/wp-content\/uploads\/2025\/06\/Mesa-Redonda-Orgullo-3-533x400.jpeg?resize=533%2C400&#038;ssl=1\" alt=\"Mesa Redonda Orgullo 3\" width=\"533\" height=\"400\" srcset=\"https:\/\/www.granadadigital.es\/wp-content\/uploads\/2025\/06\/Mesa-Redonda-Orgullo-3-533x400.jpeg 533w, https:\/\/www.granadadigital.es\/wp-content\/uploads\/2025\/06\/Mesa-Redonda-Orgullo-3-1067x800.jpeg 1067w, https:\/\/www.granadadigital.es\/wp-content\/uploads\/2025\/06\/Mesa-Redonda-Orgullo-3-1536x1152.jpeg 1536w, https:\/\/www.granadadigital.es\/wp-content\/uploads\/2025\/06\/Mesa-Redonda-Orgullo-3-2048x1536.jpeg 2048w, https:\/\/www.granadadigital.es\/wp-content\/uploads\/2025\/06\/Mesa-Redonda-Orgullo-3-1010x758.jpeg 1010w, https:\/\/www.granadadigital.es\/wp-content\/uploads\/2025\/06\/Mesa-Redonda-Orgullo-3-280x210.jpeg 280w, https:\/\/www.granadadigital.es\/wp-content\/uploads\/2025\/06\/Mesa-Redonda-Orgullo-3-127x95.jpeg 127w, https:\/\/www.granadadigital.es\/wp-content\/uploads\/2025\/06\/Mesa-Redonda-Orgullo-3-93x70.jpeg 93w, https:\/\/www.granadadigital.es\/wp-content\/uploads\/2025\/06\/Mesa-Redonda-Orgullo-3-85x64.jpeg 85w, https:\/\/www.granadadigital.es\/wp-content\/uploads\/2025\/06\/Mesa-Redonda-Orgullo-3-240x180.jpeg 240w, https:\/\/www.granadadigital.es\/wp-content\/uploads\/2025\/06\/Mesa-Redonda-Orgullo-3-200x150.jpeg 200w, https:\/\/www.granadadigital.es\/wp-content\/uploads\/2025\/06\/Mesa-Redonda-Orgullo-3-510x382.jpeg 510w, https:\/\/www.granadadigital.es\/wp-content\/uploads\/2025\/06\/Mesa-Redonda-Orgullo-3-1080x810.jpeg 1080w\"\/><\/p>\n\n\n\n<p id=\"caption-attachment-715616\">Cuatro personas del colectivo LGTBIQ+ opinan y conversan | Foto: GD<\/p>\n\n\n\n<p>Y sobre todo, m\u00e1s escucha. M\u00e1s espacios como este.<\/p>\n\n\n\n<p>Las historias que se cruzan en esta mesa no son iguales, pero se reconocen. Y en esa conexi\u00f3n radica la fuerza. \u201cEl Orgullo no termina con la marcha. El <strong>Orgullo<\/strong> es esta charla, es poder decir esto sin miedo.\u201d<\/p>\n\n\n\n<p>Este v\u00eddeo, grabado en pleno centro de Granada, es una pieza imprescindible para entender lo que significa hoy ser parte del colectivo LGTBIQ+ en esta ciudad. Una invitaci\u00f3n a escuchar sin filtros, a empatizar, a entender. Est\u00e1 disponible ya en GranadaDigital.es, y merece ser visto, compartido y debatido.<\/p>\n\n\n\n<p><strong>Porque el Orgullo no se apaga al d\u00eda siguiente: el Orgullo tambi\u00e9n es esto.<\/strong><\/p>\n\n\n\n<p class=\"has-medium-font-size\"><strong><a href=\"https:\/\/www.granadadigital.es\/author\/toni-nogueras\/\">Toni Nogueras<\/a> <\/strong><\/p>\n\n\n\n<p>FOTO: Cuatro personas del colectivo LGTBIQ+ opinan y conversan | Foto: GD<\/p>\n\n\n\n<p><a href=\"https:\/\/www.granadadigital.es\/color-conversacion-verdadero-orgullo-granada\">https:\/\/www.granadadigital.es\/color-conversacion-verdadero-orgullo-granada<\/a><\/p>\n","protected":false},"excerpt":{"rendered":"<p>Cuatro relatos del colectivo LGTBIQ+ que muestran la realidad de la diversidad en la ciudad&#8230;<\/p>\n","protected":false},"author":1,"featured_media":77963,"comment_status":"closed","ping_status":"closed","sticky":false,"template":"","format":"standard","meta":{"_coblocks_attr":"","_coblocks_dimensions":"","_coblocks_responsive_height":"","_coblocks_accordion_ie_support":"","jetpack_post_was_ever_published":false,"_jetpack_newsletter_access":"","_jetpack_dont_email_post_to_subs":false,"_jetpack_newsletter_tier_id":0,"_jetpack_memberships_contains_paywalled_content":false,"_jetpack_memberships_contains_paid_content":false,"footnotes":"","jetpack_publicize_message":"","jetpack_publicize_feature_enabled":true,"jetpack_social_post_already_shared":true,"jetpack_social_options":{"image_generator_settings":{"template":"highway","default_image_id":0,"enabled":false},"version":2}},"categories":[1161,44,6937],"tags":[],"class_list":["post-77962","post","type-post","status-publish","format-standard","has-post-thumbnail","hentry","category-ciudadania","category-noticias-de-hoy","category-sociedad"],"jetpack_publicize_connections":[],"jetpack_featured_media_url":"https:\/\/i0.wp.com\/miradordeatarfe.es\/wp-content\/uploads\/2025\/06\/Mesa-Redonda-Orgullo-2-533x400-1.webp?fit=533%2C400&ssl=1","jetpack_likes_enabled":true,"jetpack_sharing_enabled":true,"_links":{"self":[{"href":"https:\/\/miradordeatarfe.es\/index.php?rest_route=\/wp\/v2\/posts\/77962","targetHints":{"allow":["GET"]}}],"collection":[{"href":"https:\/\/miradordeatarfe.es\/index.php?rest_route=\/wp\/v2\/posts"}],"about":[{"href":"https:\/\/miradordeatarfe.es\/index.php?rest_route=\/wp\/v2\/types\/post"}],"author":[{"embeddable":true,"href":"https:\/\/miradordeatarfe.es\/index.php?rest_route=\/wp\/v2\/users\/1"}],"replies":[{"embeddable":true,"href":"https:\/\/miradordeatarfe.es\/index.php?rest_route=%2Fwp%2Fv2%2Fcomments&post=77962"}],"version-history":[{"count":1,"href":"https:\/\/miradordeatarfe.es\/index.php?rest_route=\/wp\/v2\/posts\/77962\/revisions"}],"predecessor-version":[{"id":77964,"href":"https:\/\/miradordeatarfe.es\/index.php?rest_route=\/wp\/v2\/posts\/77962\/revisions\/77964"}],"wp:featuredmedia":[{"embeddable":true,"href":"https:\/\/miradordeatarfe.es\/index.php?rest_route=\/wp\/v2\/media\/77963"}],"wp:attachment":[{"href":"https:\/\/miradordeatarfe.es\/index.php?rest_route=%2Fwp%2Fv2%2Fmedia&parent=77962"}],"wp:term":[{"taxonomy":"category","embeddable":true,"href":"https:\/\/miradordeatarfe.es\/index.php?rest_route=%2Fwp%2Fv2%2Fcategories&post=77962"},{"taxonomy":"post_tag","embeddable":true,"href":"https:\/\/miradordeatarfe.es\/index.php?rest_route=%2Fwp%2Fv2%2Ftags&post=77962"}],"curies":[{"name":"wp","href":"https:\/\/api.w.org\/{rel}","templated":true}]}}