{"id":77965,"date":"2025-07-03T10:00:00","date_gmt":"2025-07-03T08:00:00","guid":{"rendered":"https:\/\/miradordeatarfe.es\/?p=77965"},"modified":"2025-06-30T13:02:19","modified_gmt":"2025-06-30T11:02:19","slug":"uno-de-cada-cuatro-ninos-vive-en-hogares-que-no-pueden-enfriar-sus-casas","status":"publish","type":"post","link":"https:\/\/miradordeatarfe.es\/?p=77965","title":{"rendered":"Uno de cada cuatro ni\u00f1os vive en hogares que no pueden enfriar sus casas"},"content":{"rendered":"\n<p class=\"has-medium-font-size\"><strong>Esta investigaci\u00f3n ense\u00f1a que la infancia en Andaluc\u00eda ser\u00eda de la m\u00e1s impactada por la crisis clim\u00e1tica y la pobreza<\/strong><\/p>\n\n\n\n<p>El <strong>25,2% <\/strong>de los<strong> ni\u00f1os<\/strong> vive en <strong>hogares<\/strong> que <strong>no pueden enfriar sus casas<\/strong>, seg\u00fan la Encuesta de Condiciones de Vida del Instituto Nacional de Estad\u00edstica (INE). Esto se traduce en que uno de cada menores en Espa\u00f1a (2.013.600) se encuentra en hogares que no pueden mantener una temperatura fresca en verano, seg\u00fan ha advertido Save The Children coincidiendo con la <a href=\"https:\/\/www.granadadigital.es\/granada-alerta-primera-ola-calor-verano-fin-semana\/\"><strong>primera ola de calor<\/strong><\/a> de verano que comienza este s\u00e1bado.<\/p>\n\n\n\n<p>La entidad social ha recordado que si junio de este a\u00f1o ya ha sido el mes m\u00e1s c\u00e1lido desde que hay registros, seg\u00fan la AEMT, este verano puede llegar a ser m\u00e1s c\u00e1lido de lo normal. \u00abEsto es ya nuestra nueva normalidad. Este calor extremo solo nos vuelve a mostrar la necesidad de actuar para mitigar los efectos de la crisis clim\u00e1tica, y especialmente en la infancia, la m\u00e1s vulnerable\u00bb, ha explicado la responsable de incidencia de Save the Children, Carmela del Moral.<\/p>\n\n\n\n<h2 class=\"wp-block-heading\">Andaluc\u00eda entre las zonas m\u00e1s impactadas<\/h2>\n\n\n\n<p>Esta investigaci\u00f3n ense\u00f1a que la infancia de Andaluc\u00eda (39%), Murcia (37%) y Extremadura (35%) ser\u00edan las m\u00e1s impactadas por la crisis clim\u00e1tica y la pobreza, una doble vulnerabilidad. \u00abAdem\u00e1s, el calor afecta a su descanso y calidad de su ocio, agravando riesgos que ya padecen en t\u00e9rminos de salud o rendimiento escolar\u00bb, ha argumentado Del Moral.<\/p>\n\n\n\n<p>El an\u00e1lisis de esta Encuesta de Condiciones de Vida se\u00f1ala que las viviendas de Andaluc\u00eda, Canarias y la Comunidad Valenciana son las que presentan m\u00e1s problemas para enfriar su casa.<\/p>\n\n\n\n<p>La responsable de Save the Children ha indicado que la <strong>pobreza energ\u00e9tica<\/strong> impide a muchas familias tener sus casas a una temperatura adecuada. A esto se suma que el parque de viviendas est\u00e1 especialmente envejecido en barrios de rentas bajas, con edificios energ\u00e9ticamente poco eficientes.<\/p>\n\n\n\n<p>GRANADA DIGITAL<\/p>\n\n\n\n<p>FOTO: La pobreza energ\u00e9tica impide a muchas familias tener sus casas a una temperatura adecuada<br \/>Foto: EP<\/p>\n\n\n\n<p><a href=\"https:\/\/www.granadadigital.es\/uno-cuatro-ninos-hogares-enfriar-casas\">https:\/\/www.granadadigital.es\/uno-cuatro-ninos-hogares-enfriar-casas<\/a><\/p>\n\n\n\n\n","protected":false},"excerpt":{"rendered":"<p>Esta investigaci\u00f3n ense\u00f1a que la infancia en Andaluc\u00eda ser\u00eda de la m\u00e1s impactada por la&#8230;<\/p>\n","protected":false},"author":1,"featured_media":77966,"comment_status":"closed","ping_status":"closed","sticky":false,"template":"","format":"standard","meta":{"_coblocks_attr":"","_coblocks_dimensions":"","_coblocks_responsive_height":"","_coblocks_accordion_ie_support":"","jetpack_post_was_ever_published":false,"_jetpack_newsletter_access":"","_jetpack_dont_email_post_to_subs":false,"_jetpack_newsletter_tier_id":0,"_jetpack_memberships_contains_paywalled_content":false,"_jetpack_memberships_contains_paid_content":false,"footnotes":"","jetpack_publicize_message":"","jetpack_publicize_feature_enabled":true,"jetpack_social_post_already_shared":true,"jetpack_social_options":{"image_generator_settings":{"template":"highway","default_image_id":0,"enabled":false},"version":2}},"categories":[186,44,10],"tags":[],"class_list":["post-77965","post","type-post","status-publish","format-standard","has-post-thumbnail","hentry","category-instituciones","category-noticias-de-hoy","category-salud"],"jetpack_publicize_connections":[],"jetpack_featured_media_url":"https:\/\/i0.wp.com\/miradordeatarfe.es\/wp-content\/uploads\/2025\/06\/EuropaPress_5373184_imagen_recurso_aire_acondicionado-1010x673-1.webp?fit=1010%2C673&ssl=1","jetpack_likes_enabled":true,"jetpack_sharing_enabled":true,"_links":{"self":[{"href":"https:\/\/miradordeatarfe.es\/index.php?rest_route=\/wp\/v2\/posts\/77965","targetHints":{"allow":["GET"]}}],"collection":[{"href":"https:\/\/miradordeatarfe.es\/index.php?rest_route=\/wp\/v2\/posts"}],"about":[{"href":"https:\/\/miradordeatarfe.es\/index.php?rest_route=\/wp\/v2\/types\/post"}],"author":[{"embeddable":true,"href":"https:\/\/miradordeatarfe.es\/index.php?rest_route=\/wp\/v2\/users\/1"}],"replies":[{"embeddable":true,"href":"https:\/\/miradordeatarfe.es\/index.php?rest_route=%2Fwp%2Fv2%2Fcomments&post=77965"}],"version-history":[{"count":1,"href":"https:\/\/miradordeatarfe.es\/index.php?rest_route=\/wp\/v2\/posts\/77965\/revisions"}],"predecessor-version":[{"id":77967,"href":"https:\/\/miradordeatarfe.es\/index.php?rest_route=\/wp\/v2\/posts\/77965\/revisions\/77967"}],"wp:featuredmedia":[{"embeddable":true,"href":"https:\/\/miradordeatarfe.es\/index.php?rest_route=\/wp\/v2\/media\/77966"}],"wp:attachment":[{"href":"https:\/\/miradordeatarfe.es\/index.php?rest_route=%2Fwp%2Fv2%2Fmedia&parent=77965"}],"wp:term":[{"taxonomy":"category","embeddable":true,"href":"https:\/\/miradordeatarfe.es\/index.php?rest_route=%2Fwp%2Fv2%2Fcategories&post=77965"},{"taxonomy":"post_tag","embeddable":true,"href":"https:\/\/miradordeatarfe.es\/index.php?rest_route=%2Fwp%2Fv2%2Ftags&post=77965"}],"curies":[{"name":"wp","href":"https:\/\/api.w.org\/{rel}","templated":true}]}}