{"id":77968,"date":"2025-07-05T08:30:00","date_gmt":"2025-07-05T06:30:00","guid":{"rendered":"https:\/\/miradordeatarfe.es\/?p=77968"},"modified":"2025-07-04T14:25:58","modified_gmt":"2025-07-04T12:25:58","slug":"granada-consume-ahora-un-11-menos-energia-electrica-que-en-2008","status":"publish","type":"post","link":"https:\/\/miradordeatarfe.es\/?p=77968","title":{"rendered":"Granada consume ahora un 11% menos energ\u00eda el\u00e9ctrica que en 2008"},"content":{"rendered":"\n<p class=\"has-medium-font-size\"><strong>Sin embargo, Gobierno central y Junta tramitan proyectos de energ\u00edas renovables que equivalen a cuatro veces la demanda actual de electricidad de la provincia.<\/strong><\/p>\n\n\n\n<p>El consumo de electricidad de la provincia de Granada lleva en descenso, con alg\u00fan altibajo, desde 2008, cuando alcanz\u00f3 su pico m\u00e1ximo y, a partir de ah\u00ed, coincidiendo con la gran crisis que estall\u00f3 ese a\u00f1o, fue yendo a la baja. Y no ha recuperado ni mucho menos esos niveles de consumo. Sin embargo, las Administraciones -Gobierno central y Junta- siguen tramitando y autorizando macroproyectos de energ\u00eda el\u00e9ctrica, sobre todo fotovoltaica, que van camino de superar hasta en cinco veces la demanda de electricidad de la provincia.&nbsp;<\/p>\n\n\n\n<h2 class=\"wp-block-heading\"><a href=\"https:\/\/www.elindependientedegranada.es\/file\/conselec2008-2023jpg\">cons_elec_2008-2023.jpg<\/a><\/h2>\n\n\n\n<figure class=\"wp-block-image\"><img data-recalc-dims=\"1\" decoding=\"async\" src=\"https:\/\/i0.wp.com\/www.elindependientedegranada.es\/sites\/default\/files\/cons_elec_2008-2023.jpg?w=640&#038;ssl=1\" alt=\"\"\/><\/figure>\n\n\n\n<p>El diagrama de barras, con datos de la Agencia Andaluza de la Energ\u00eda, muestra el consumo el\u00e9ctrico de Granada a lo largo de 16 a\u00f1os, entre 2008 y 2023. En el primer a\u00f1o de la serie, 2008, la provincia consumi\u00f3 cerca de 3.500 gigavatios\/hora (GWh), en concreto 3.482 GWh. De ah\u00ed baj\u00f3 baj\u00f3 durante la gran crisis hasta los 3.080 GWh en 2014 (a\u00f1o 7 de la serie de barras), y fue subiendo hasta 3.303 GWh en 2018, para despu\u00e9s volver a descender hasta quedar incluso por debajo de los 3.000 GWh en 2021 (a\u00f1o 14 de la serie), con 2.970 GWh. En los dos a\u00f1os siguientes, 2022 y 2023, no ha llegado a los 3.100 GWh, lejos de los casi 3.500 de 2008. La Agencia Andaluza de la Energ\u00eda no ofrece a\u00fan datos de 2024, si bien seg\u00fan Endesa, el nivel ha estado ligeramente por encima de los 3.100 GWh. Es decir, desde 2008 el consumo de electricidad en Granada se ha reducido un 11%.<\/p>\n\n\n\n<p>En Espa\u00f1a, la evoluci\u00f3n es parecida. Se alcanz\u00f3 el pico en 2008, con 281.000 GWh y, tambi\u00e9n con altibajos tras el descenso por la crisis econ\u00f3mica, no ha vuelto a recuperar esos niveles de consumo y en 2024 no lleg\u00f3 a los 249.000 GWh, en torno a un 11,4% menos que en 2008.&nbsp;<\/p>\n\n\n\n<p>Entre las causas del descenso del consumo de electricidad en estos a\u00f1os est\u00e1 la ca\u00edda de la actividad que conllev\u00f3 la gran crisis, que produjo una desindustrializaci\u00f3n que no se ha restablecido, aunque tambi\u00e9n influyen las mejoras de eficiencia energ\u00e9tica y, en menor medida, el aumento del autoconsumo.&nbsp;<\/p>\n\n\n\n<p>Sin embargo, pese a esa continua y sostenida reduci\u00f3n de la demanda de electricidad, en los \u00faltimos a\u00f1os se ha desatado una carrera promovida por el Gobierno central y secundada por las comunidades aut\u00f3nomas por aumentar la potencia el\u00e9ctrica instalada hasta superar en much\u00edsimo las necesidades de electricidad.&nbsp;<\/p>\n\n\n\n<p>El objetivo oficial es lograr el m\u00e1ximo de energ\u00edas renovables en la generaci\u00f3n de electricidad para &#8216;descarbonizar&#8217; el sector el\u00e9ctrico y lograr tambi\u00e9n una mayor electrificaci\u00f3n de la econom\u00eda, tanto a nivel industrial como en el transporte.&nbsp;<\/p>\n\n\n\n<p>Para Granada -como sucede en otras zonas de Espa\u00f1a, especialmente rurales-, ese plan de &#8216;transici\u00f3n&#8217; energ\u00e9tica se est\u00e1 traduciendo en una proliferaci\u00f3n de proyectos de energ\u00edas renovables, tanto e\u00f3licos como sobre todo fotovoltaicos, que van a superar varias veces el consumo el\u00e9ctrico de la provincia.&nbsp;<\/p>\n\n\n\n<p>Granada cerr\u00f3 el a\u00f1o pasado con 1.588 megvatios (MW) de potencia el\u00e9ctrica instalados. De ellos, <strong>1.452 renovables<\/strong> y 136 no renovables (plantas de cogeneraci\u00f3n en f\u00e1bricas que emplean gas o gas\u00f3leo).<\/p>\n\n\n\n<h2 class=\"wp-block-heading\"><a href=\"https:\/\/www.elindependientedegranada.es\/file\/renovgrevolucjpg\">renov_gr_evoluc.jpg<\/a><\/h2>\n\n\n\n<figure class=\"wp-block-image\"><img data-recalc-dims=\"1\" decoding=\"async\" src=\"https:\/\/i0.wp.com\/www.elindependientedegranada.es\/sites\/default\/files\/renov_gr_evoluc.jpg?w=640&#038;ssl=1\" alt=\"\"\/><\/figure>\n\n\n\n<p>Como se ve en la tabla, de esos 1.452 MW de energ\u00eda renovable, <strong>m\u00e1s de la mitad son ya de fotovoltaica<\/strong>, casi 800 MW, que es la que m\u00e1s ha crecido en los \u00faltimos a\u00f1os, son casi 8 veces m\u00e1s de los que hab\u00eda hace solo cinco a\u00f1os, en 2019. Por su parte, el resto de tecnolog\u00edas no ha variado, hay pr\u00e1cticamente lo mismo de e\u00f3lica, hidroel\u00e9ctrica y termosolar, aunque hay varios parques e\u00f3licos ya autorizados pendientes de construir o ya en ejecuci\u00f3n.&nbsp;<\/p>\n\n\n\n<p>En 2023, cuando Granada ten\u00eda 1.267,7 MW de energ\u00eda renovable, la provincia gener\u00f3 con esos megavatios 2.018 GWh de electricidad. Dado que el consumo el\u00e9ctrico de la provincia fue ese a\u00f1o 3.071 GWh, quiere decir que logr\u00f3 producir el 66% de ese consumo con su potencia renovable.&nbsp;<\/p>\n\n\n\n<p>De 2024 a\u00fan no hay datos de producci\u00f3n el\u00e9ctrica, pero, si consideramos un rendimiento similar, los 1.452 MW de energ\u00eda renovable disponibles habr\u00e1n generado unos 2.311 GWh, casi <strong>un 75% del consumo.<\/strong><\/p>\n\n\n\n<p>Es decir, <strong>Granada necesitar\u00eda algo menos de 2.000 MW<\/strong> <strong>de potencia renovable<\/strong> (en torno a 1.950) <strong>para generar todo el consumo el\u00e9ctrico de la provincia<\/strong>, que est\u00e1 en torno a los 3.100 GWh. Solo unos 500 MW m\u00e1s de lo que ten\u00eda al cierre de 2024.&nbsp;<\/p>\n\n\n\n<p>En los primeros meses de este a\u00f1o se inauguraron dos megaparques fotovoltaicos en Pinos Puente y Albolote, con unos 185 MW de potencia instalada en total. Con lo que solo restar\u00edan poco m\u00e1s de 300 MW m\u00e1s para lograr el autoconsumo el\u00e9ctrico de la provincia con fuentes de energ\u00eda renovables. Pr\u00e1cticamente con solo uno de los proyectos que hay ahora mismo en construcci\u00f3n, la megaplanta de Iberdrola en Cac\u00edn, de 275 MW nominales (330 instalados) se alcanzar\u00e1n los 2.000 MW de potencia renovable necesarios para generar todo el consumo el\u00e9ctrico provincial.&nbsp;<\/p>\n\n\n\n<p>Y es solo una avanzadilla de los proyectos ya autorizados, y de los muchos m\u00e1s que est\u00e1n en tramitaci\u00f3n a la espera de evaluaci\u00f3n ambiental. Hay que coger la calculadora.&nbsp;<\/p>\n\n\n\n<h4 class=\"wp-block-heading\">Hidroel\u00e9ctica y e\u00f3lica marina<\/h4>\n\n\n\n<p>Solo los seis macroproyectos fotovoltaicos aprobados ya por el Ministerio para la Transici\u00f3n Ecol\u00f3gica, que tramita los m\u00e1s grandes (a partir de 50 MW), suman <strong>casi 1.000 MW<\/strong> de potencia el\u00e9ctrica. Y el Ministerio tiene otras diez megaplantas fotovoltaicas en tr\u00e1mite pendientes de evaluar, que a\u00f1aden m\u00e1s de 2.100 MW. M\u00e1s otros 109 MW de dos megaparques e\u00f3licos.&nbsp;<\/p>\n\n\n\n<p>A todo ello hay que sumar los proyectos que tramita la <strong>Junta<\/strong>, los inferiores a 50 MW, que son much\u00edsimos m\u00e1s. El consejero de Industria, Energ\u00eda y Minas, Jorge Paradela, dijo en marzo pasado que la Junta estaba tramitando 118 proyectos de renovables en la provincia, con <strong>1.664 MW<\/strong>.&nbsp;<\/p>\n\n\n\n<p>Pero hay m\u00e1s, mucho m\u00e1s. Adem\u00e1s de fotovoltaicos y e\u00f3licos, est\u00e1n en tramitaci\u00f3n en el Ministerio (pendientes de evaluaci\u00f3n ambiental) <strong>tres centrales hidroel\u00e9ctricas reversibles <\/strong>(tambi\u00e9n llamadas de bombeo), dos en el embalse de Rules y una en el Negrat\u00edn. Se trata de instalaciones con una gran potencia el\u00e9ctrica, pues entre las tres suman <strong>1.680 MW<\/strong>, m\u00e1s que toda la potencia el\u00e9ctrica actual de la provincia.&nbsp;<\/p>\n\n\n\n<p>Y el Ministerio tambi\u00e9n est\u00e1 evaluando dos megaparques de e\u00f3lica marina proyectados frente a la costa granadina. Uno de ellos, denominado Pinta, tiene <strong>990 MW <\/strong>de potencia, aunque tambi\u00e9n toca aguas de Almer\u00eda y el promotor no tiene decidido si, en caso de construirse, verter\u00e1 la electricidad a una provincia u a otra. El otro, llamado Albaic\u00edn, tiene <strong>510 MW <\/strong>de potencia.&nbsp;<\/p>\n\n\n\n<figure class=\"wp-block-image\"><img data-recalc-dims=\"1\" decoding=\"async\" src=\"https:\/\/i0.wp.com\/www.elindependientedegranada.es\/sites\/default\/files\/di_no_verde_0.jpg?w=640&#038;ssl=1\" alt=\"\"\/><\/figure>\n\n\n\n<p class=\"has-small-font-size\">Manifestaci\u00f3n en Torrenueva el verano pasado contra la instalaci\u00f3n de megaparques e\u00f3licos marinos. plataforma di no en la costa<\/p>\n\n\n\n<p><strong>Sumando todo, salen unos 8.000 MW,<\/strong> entre los ya autorizados y los pendientes de aprobar. <strong>Recapitulemos:<\/strong> Granada ten\u00eda al cierre de 2024 unos 1.450 MW de energ\u00eda renovable instalados con los que puede generar el 75% de la electricidad que consume la provincia. Y necesitaba unos 500 MW m\u00e1s para llegar a los cerca de 2.000 MW que precisa para generar todo su consumo el\u00e9ctrico anual de fuentes renovables. Es decir, que <strong>esos 8.000 MW suponen cuatro veces m\u00e1s que todo el consumo el\u00e9ctrico de la provincia<\/strong>. Si esos 8.000 MW pendientes se instalaran, se sumar\u00edan a.los 1.450 MW renovables que hab\u00eda al cierre de 2024 (m\u00e1s los inaugurados ya este a\u00f1o 2025, que son 185 MW m\u00e1s). Esto es, la provincia <strong>tendr\u00eda m\u00e1s de 9.600 MW de potencia el\u00e9ctrica renovable, cerca de cinco veces lo que consume<\/strong>.&nbsp;<\/p>\n\n\n\n<p>No es algo que solo afecte a Granada. La sobrecapacidad el\u00e9ctrica est\u00e1 presente en todo el plan de transici\u00f3n energ\u00e9tica nacional. Espa\u00f1a, como se ha dicho, consume algo menos de 249.000 GWh al a\u00f1o, seg\u00fan datos de 2024. Eso significa que precisa una potencia el\u00e9ctrica media (dividimos por las 8.760 horas que tiene un a\u00f1o) de entre 28 y 29 GW, con picos m\u00e1ximos que no suelen superar los 40 GW.<\/p>\n\n\n\n<p>Sin embargo, la potencia el\u00e9ctrica instalada en Espa\u00f1a al cierre de 2024 era de 129 gigavatios, de ellos unos 85 de energ\u00edas renovables. Es decir, Espa\u00f1a tiene al menos cuatro veces m\u00e1s potencia el\u00e9ctrica que su consumo medio. Y la previsi\u00f3n del plan de transici\u00f3n energ\u00e9tica (PNIEC) es alcanzar los 214 GW de potencia el\u00e9ctrica en 2030, de los que 160 GW sean renovables. Y ya hemos visto que la evoluci\u00f3n del consumo el\u00e9ctrico en Espa\u00f1a no se ha recuperado desde su pico de 2008 y est\u00e1 estacanda y con muy ligeras variaciones en los \u00faltimos a\u00f1os.&nbsp;<\/p>\n\n\n\n<figure class=\"wp-block-image\"><img data-recalc-dims=\"1\" decoding=\"async\" src=\"https:\/\/i0.wp.com\/www.elindependientedegranada.es\/sites\/default\/files\/potenc_ree.jpg?w=640&#038;ssl=1\" alt=\"\"\/><\/figure>\n\n\n\n<p class=\"has-small-font-size\">Gr\u00e1fico de Red El\u00e9ctrica que muestra la distribuci\u00f3n de la potencia el\u00e9ctrica en Espa\u00f1a por tecnolog\u00edas.&nbsp;<\/p>\n\n\n\n<p>En el caso de Espa\u00f1a en conjunto, es normal y conveniente que la potencia el\u00e9ctrica instalada sea superior a la demanda, porque es preciso contar en todo momento con energ\u00eda de respaldo suficiente, ya que las renovables tienen grandes fluctuaciones (no siempre hace sol, ni viento, ni hay agua suficiente en los embalses, etc.) y, como se vio en el apag\u00f3n, generan inestabilidad en la red -sobre todo la fotovoltaica- que debe ser compensada por otras fuentes, pero <strong>disponer de siete veces m\u00e1s capacidad el\u00e9ctrica que el consumo medio parece dif\u00edcil de justificar<\/strong>.&nbsp;<\/p>\n\n\n\n<p><strong>\u00bfQu\u00e9 se va a hacer con toda esa capacidad el\u00e9ctrica que no se consume?<\/strong> El Gobierno conf\u00eda en electrificar al m\u00e1ximo la econom\u00eda, pero uno de los grandes objetivos para ello, el coche el\u00e9ctrico que disminuya el uso de combustibles f\u00f3siles en el transporte, no acaba de arrancar, su presencia en el parque m\u00f3vil es todav\u00eda insignificante y no parece que su peso vaya a aumentar sustancialmente. El hidr\u00f3geno verde, otro de los posibles usos para esa electricidad (necesaria para dividir la mol\u00e9cula de agua mediante electr\u00f3lisis y extraer el hidr\u00f3geno) es una tecnolog\u00eda muy ineficiente (p\u00e9rdidas de hasta el 80% en el proceso), costosa y que requiere un elevado consumo de agua. La exportaci\u00f3n de electricidad est\u00e1 subiendo, pero todav\u00eda las conexiones de Espa\u00f1a con Europa son muy limitadas.&nbsp;<\/p>\n\n\n\n<p>No hay un horizonte nada claro para ese exceso de capacidad el\u00e9ctrica y la situaci\u00f3n se asemeja cada vez m\u00e1s a la burbuja inmobiliaria de 2008, que dej\u00f3 cientos de miles de viviendas sin vender y un sector quebrado que arrastr\u00f3 al financiero y al resto de la econom\u00eda.&nbsp;<\/p>\n\n\n\n<p>&#8211; J. M. M. DEL INDEPENDIENTE DE GRANADA<\/p>\n\n\n\n<p>FOTO: Megaplanta de Iberdrola en construcci\u00f3n en Cac\u00edn, la mayor de las autorizadas hasta ahora en la provincia.<\/p>\n\n\n\n<p><a href=\"https:\/\/www.elindependientedegranada.es\/economia\/granada-consume-ahora-11-menos-energia-electrica-que-2008\">https:\/\/www.elindependientedegranada.es\/economia\/granada-consume-ahora-11-menos-energia-electrica-que-2008<\/a><\/p>\n","protected":false},"excerpt":{"rendered":"<p>Sin embargo, Gobierno central y Junta tramitan proyectos de energ\u00edas renovables que equivalen a cuatro&#8230;<\/p>\n","protected":false},"author":1,"featured_media":77969,"comment_status":"closed","ping_status":"closed","sticky":false,"template":"","format":"standard","meta":{"_coblocks_attr":"","_coblocks_dimensions":"","_coblocks_responsive_height":"","_coblocks_accordion_ie_support":"","jetpack_post_was_ever_published":false,"_jetpack_newsletter_access":"","_jetpack_dont_email_post_to_subs":false,"_jetpack_newsletter_tier_id":0,"_jetpack_memberships_contains_paywalled_content":false,"_jetpack_memberships_contains_paid_content":false,"footnotes":"","jetpack_publicize_message":"","jetpack_publicize_feature_enabled":true,"jetpack_social_post_already_shared":true,"jetpack_social_options":{"image_generator_settings":{"template":"highway","default_image_id":0,"enabled":false},"version":2}},"categories":[7725,186,9,44],"tags":[],"class_list":["post-77968","post","type-post","status-publish","format-standard","has-post-thumbnail","hentry","category-atarfe-sostenible","category-instituciones","category-medio-ambiente","category-noticias-de-hoy"],"jetpack_publicize_connections":[],"jetpack_featured_media_url":"https:\/\/i0.wp.com\/miradordeatarfe.es\/wp-content\/uploads\/2025\/06\/iber_cacpor.jpg?fit=750%2C353&ssl=1","jetpack_likes_enabled":true,"jetpack_sharing_enabled":true,"_links":{"self":[{"href":"https:\/\/miradordeatarfe.es\/index.php?rest_route=\/wp\/v2\/posts\/77968","targetHints":{"allow":["GET"]}}],"collection":[{"href":"https:\/\/miradordeatarfe.es\/index.php?rest_route=\/wp\/v2\/posts"}],"about":[{"href":"https:\/\/miradordeatarfe.es\/index.php?rest_route=\/wp\/v2\/types\/post"}],"author":[{"embeddable":true,"href":"https:\/\/miradordeatarfe.es\/index.php?rest_route=\/wp\/v2\/users\/1"}],"replies":[{"embeddable":true,"href":"https:\/\/miradordeatarfe.es\/index.php?rest_route=%2Fwp%2Fv2%2Fcomments&post=77968"}],"version-history":[{"count":1,"href":"https:\/\/miradordeatarfe.es\/index.php?rest_route=\/wp\/v2\/posts\/77968\/revisions"}],"predecessor-version":[{"id":77970,"href":"https:\/\/miradordeatarfe.es\/index.php?rest_route=\/wp\/v2\/posts\/77968\/revisions\/77970"}],"wp:featuredmedia":[{"embeddable":true,"href":"https:\/\/miradordeatarfe.es\/index.php?rest_route=\/wp\/v2\/media\/77969"}],"wp:attachment":[{"href":"https:\/\/miradordeatarfe.es\/index.php?rest_route=%2Fwp%2Fv2%2Fmedia&parent=77968"}],"wp:term":[{"taxonomy":"category","embeddable":true,"href":"https:\/\/miradordeatarfe.es\/index.php?rest_route=%2Fwp%2Fv2%2Fcategories&post=77968"},{"taxonomy":"post_tag","embeddable":true,"href":"https:\/\/miradordeatarfe.es\/index.php?rest_route=%2Fwp%2Fv2%2Ftags&post=77968"}],"curies":[{"name":"wp","href":"https:\/\/api.w.org\/{rel}","templated":true}]}}