{"id":77971,"date":"2025-07-03T11:10:00","date_gmt":"2025-07-03T09:10:00","guid":{"rendered":"https:\/\/miradordeatarfe.es\/?p=77971"},"modified":"2025-06-30T13:15:34","modified_gmt":"2025-06-30T11:15:34","slug":"pregon-del-orgullo-de-atarfe-de-benjamin-jaffain-por-jose-enrique-granados","status":"publish","type":"post","link":"https:\/\/miradordeatarfe.es\/?p=77971","title":{"rendered":"\u00abPREGON DEL ORGULLO DE ATARFE de Benjamin Jaffain\u00bb por Jos\u00e9 Enrique Granados"},"content":{"rendered":"\n<p class=\"has-medium-font-size\">\u201c<strong>Vive, siente y ama libre\u201d La Gacetilla se suma a la lucha por la reivindicaci\u00f3n de los derechos de las personas LGBTI+, transcribiendo el preg\u00f3n del ORGULLO ATARFE 2025 a cargo de Benjam\u00edn Jaffrain.<\/strong><\/p>\n\n\n\n<p>&lt;&lt;Antes de empezar, me gustar\u00eda que demos de nuevo las gracias al ayuntamiento por darnos visibilidad con la organizaci\u00f3n del Orgullo.<\/p>\n\n\n\n<p>\u00a1Muchas gracias tambi\u00e9n a los comerciantes que nos apoyan con su patrocinio!<\/p>\n\n\n\n<p>Y finalmente, muchas gracias a todo el mundo por venir a celebrar ese d\u00eda, especialmente a las personas heterosexuales: Sois familiares, amigas y amigos, \u00a1muchas gracias por vuestro apoyo imprescindible!<\/p>\n\n\n\n<p>Antes de empezar con el preg\u00f3n, me presentar\u00e9 r\u00e1pidamente. Me llamo Benji. Entre otras cosas, soy el vicepresidente de la asociaci\u00f3n Arco Iliberis, recientemente creada y cuya presidenta es Cynthia Salvador D\u00edaz. Como lo pod\u00e9is escuchar, no soy de aqu\u00ed. Nac\u00ed en un pueblo peque\u00f1o de Francia y luego me fui a estudiar y vivir en Paris antes de dejarlo todo cuando tuve la suerte de conocer a quien iba a ser mi marido. Lo dej\u00e9 todo, y al llegar aqu\u00ed, a pesar de que no me conociera nadie, me acogieron con mucha bondad y generosidad. As\u00ed que tambi\u00e9n aprovecho para daros las gracias de manera personal. \u00a1Muchas gracias, Atarfe!<\/p>\n\n\n\n<p>\u00a1Empecemos con el preg\u00f3n! Hace unos 15 a\u00f1os, cuando todav\u00eda viv\u00eda en Paris, un amigo me dijo que no era un buen homosexual porque seg\u00fan \u00e9l, no era un activista, no luchaba para que se aceptase la diferencia y no la revindicaba. Pues yo, de ni\u00f1o, nunca me sent\u00ed diferente. Sab\u00eda que en un punto de mi vida iba a enfrentarme a la exclusi\u00f3n, pero nunca me sent\u00ed diferente. Hoy tampoco. No lucho por la diferencia. No la reconozco. No la acepto. No somos diferentes. Somos ciudadanas y ciudadanos que contribuyen a la sociedad. Cumplimos con los mismos deberes que los dem\u00e1s y luchamos por obtener los mismos derechos que los dem\u00e1s, los fundamentales para nosotros son la visibilidad, el reconocimiento y la legitimidad. No somos diferentes, somos parte de la diversidad. Una diversidad universal e infinita que incluye a todo el mundo. Hoy celebramos el Orgullo.<\/p>\n\n\n\n<p>Antes de todo, el Orgullo es una manifestaci\u00f3n. Cuando alzamos nuestras banderas, es por orgullo hac\u00eda las mujeres y los hombres valientes que, en 1969, derramaron sangre y l\u00e1grimas al enfrentarse a un sistema opresivo y violento. Cuando desfilamos, es para honrar a estas personas que nos abrieron el camino hac\u00eda una vida mejor y para seguir con la lucha. Porque todav\u00eda existen pa\u00edses en los que se discriminan o penalizan a las personas LGBTI+. Algunos de estos pa\u00edses incluso tienen leyes que criminalizan la homosexualidad, y en algunos casos, la pena puede ser la muerte. Porque este a\u00f1o, en Espa\u00f1a, las agresiones hom\u00f3fobas y tr\u00e1nsfobas se han multiplicado por dos. Porque una de cuatro personas LGTBI+ sufre discriminaci\u00f3n, y porque seg\u00fan la confederaci\u00f3n de Salud Mental de Espa\u00f1a, las personas LGBTI+ se enfrentan dos veces m\u00e1s que la poblaci\u00f3n general al suicidio. Las numerosas declaraciones p\u00fablicas de algunos pol\u00edticos y dirigentes de algunas instituciones no son ajenas a ese aumento de agresiones. Se llama incitaci\u00f3n al odio. Pero al parecer, el art\u00edculo 510 del c\u00f3digo penal que califica la incitaci\u00f3n al odio como delito, no se aplica mucho a estos pol\u00edticos e instituciones. Ten\u00e9is un dicho en Espa\u00f1a: El ladr\u00f3n cree que todos son de su condici\u00f3n. Las mismas personas que nos acusan de querer convertir a los heterosexuales, ya sean ni\u00f1os o adultos, son las mismas personas que llevan terapias de conversi\u00f3n para nuestra comunidad. Estas terapias de conversi\u00f3n se aplican tanto a los ni\u00f1os como a los adultos, y en el a\u00f1o 2020, un experto present\u00f3 un expediente al consejo de los Derechos Humanos de la ONU calificando estas terapias de actos de tortura. ACTOS DE TORTURA HACIA ADULTOS. ACTOS DE TORTURA HACIA NI\u00d1OS. Algunos pa\u00edses espabilaron antes de que se avisara a la ONU: En 1999, \u00a1m\u00e1s de 20 a\u00f1os antes! Brasil fue pionero, siendo el primero en prohibir est\u00e1s terapias. Siguieron otros pa\u00edses: las Islas Fidjis en 2010. Ecuador en 2014. Malta, \u00a1primer pa\u00eds europeo! en 2016 Argentina y Uruguay en 2017. Taiw\u00e1n en 2018. Albania y Alemania en 2020. Francia y Grecia en 2022 (Grecia prohibiendo s\u00f3lo las terapias de conversi\u00f3n de los ni\u00f1os) Espa\u00f1a, Portugal y Chipre en 2023.<\/p>\n\n\n\n<p>El mundo no es de algunos pol\u00edticos e instituciones ignorantes y prepotentes que se toman la libertad de decidir qui\u00e9nes son las personas v\u00e1lidas y quienes no lo son. Cada ser humano es v\u00e1lido. El combate sigue. La uni\u00f3n es nuestro escudo. La educaci\u00f3n nuestra espada. Ganaremos la batalla contra la ignorancia y la promoci\u00f3n de ideas retr\u00f3gradas e irracionales. Gracias por escucharme.&gt;&gt;<\/p>\n\n\n\n<p>Gacetilla y curiosidades elvirenses.<\/p>\n","protected":false},"excerpt":{"rendered":"<p>\u201cVive, siente y ama libre\u201d La Gacetilla se suma a la lucha por la reivindicaci\u00f3n&#8230;<\/p>\n","protected":false},"author":1,"featured_media":77972,"comment_status":"closed","ping_status":"closed","sticky":false,"template":"","format":"standard","meta":{"_coblocks_attr":"","_coblocks_dimensions":"","_coblocks_responsive_height":"","_coblocks_accordion_ie_support":"","jetpack_post_was_ever_published":false,"_jetpack_newsletter_access":"","_jetpack_dont_email_post_to_subs":false,"_jetpack_newsletter_tier_id":0,"_jetpack_memberships_contains_paywalled_content":false,"_jetpack_memberships_contains_paid_content":false,"footnotes":"","jetpack_publicize_message":"","jetpack_publicize_feature_enabled":true,"jetpack_social_post_already_shared":true,"jetpack_social_options":{"image_generator_settings":{"template":"highway","default_image_id":0,"enabled":false},"version":2}},"categories":[12,1161,186,38,44,6539],"tags":[],"class_list":["post-77971","post","type-post","status-publish","format-standard","has-post-thumbnail","hentry","category-cultura","category-ciudadania","category-instituciones","category-opinion-de-jose-enrique-granados","category-noticias-de-hoy","category-personajes-de-ataref"],"jetpack_publicize_connections":[],"jetpack_featured_media_url":"https:\/\/i0.wp.com\/miradordeatarfe.es\/wp-content\/uploads\/2025\/06\/514110253_1276941257772687_5396167598945302912_n.jpg?fit=526%2C789&ssl=1","jetpack_likes_enabled":true,"jetpack_sharing_enabled":true,"_links":{"self":[{"href":"https:\/\/miradordeatarfe.es\/index.php?rest_route=\/wp\/v2\/posts\/77971","targetHints":{"allow":["GET"]}}],"collection":[{"href":"https:\/\/miradordeatarfe.es\/index.php?rest_route=\/wp\/v2\/posts"}],"about":[{"href":"https:\/\/miradordeatarfe.es\/index.php?rest_route=\/wp\/v2\/types\/post"}],"author":[{"embeddable":true,"href":"https:\/\/miradordeatarfe.es\/index.php?rest_route=\/wp\/v2\/users\/1"}],"replies":[{"embeddable":true,"href":"https:\/\/miradordeatarfe.es\/index.php?rest_route=%2Fwp%2Fv2%2Fcomments&post=77971"}],"version-history":[{"count":1,"href":"https:\/\/miradordeatarfe.es\/index.php?rest_route=\/wp\/v2\/posts\/77971\/revisions"}],"predecessor-version":[{"id":77973,"href":"https:\/\/miradordeatarfe.es\/index.php?rest_route=\/wp\/v2\/posts\/77971\/revisions\/77973"}],"wp:featuredmedia":[{"embeddable":true,"href":"https:\/\/miradordeatarfe.es\/index.php?rest_route=\/wp\/v2\/media\/77972"}],"wp:attachment":[{"href":"https:\/\/miradordeatarfe.es\/index.php?rest_route=%2Fwp%2Fv2%2Fmedia&parent=77971"}],"wp:term":[{"taxonomy":"category","embeddable":true,"href":"https:\/\/miradordeatarfe.es\/index.php?rest_route=%2Fwp%2Fv2%2Fcategories&post=77971"},{"taxonomy":"post_tag","embeddable":true,"href":"https:\/\/miradordeatarfe.es\/index.php?rest_route=%2Fwp%2Fv2%2Ftags&post=77971"}],"curies":[{"name":"wp","href":"https:\/\/api.w.org\/{rel}","templated":true}]}}