{"id":77979,"date":"2025-07-02T11:21:00","date_gmt":"2025-07-02T09:21:00","guid":{"rendered":"https:\/\/miradordeatarfe.es\/?p=77979"},"modified":"2025-07-02T10:34:05","modified_gmt":"2025-07-02T08:34:05","slug":"77979","status":"publish","type":"post","link":"https:\/\/miradordeatarfe.es\/?p=77979","title":{"rendered":"Serie pict\u00f3rica del apostolado e imaginer\u00eda de la Iglesia Parroquial de Atarfe (parte 2)"},"content":{"rendered":"\n<p>I<strong>maginer\u00eda de la iglesia atarfe\u00f1a<\/strong><\/p>\n\n\n\n<p>Entre la imaginer\u00eda presente en la Iglesia Parroquial de Nuestra Se\u00f1ora de la Encarnaci\u00f3n de Atarfe, destacan las siguientes esculturas:<\/p>\n\n\n\n<p><strong>San Luis, rey de Francia.<\/strong> De autor an\u00f3nimo, es una talla en madera cubierta de estuco y policromada. Escultura de talla completa, mide 1,24 m de altura y se ubica en el segmento tramo de la nave central, lado del evangelio.<\/p>\n\n\n\n<p>La imagen representa a San Luis de pie, vestido con una coraza dorada. Fald\u00f3n de color verde y capa real roja con bordes dorados. Se le representa como a un hombre maduro de cabellos y barba casta\u00f1os. Su mano derecha la apoya sobre el pecho mientras que en la izquierda porta un cetro real. Su estado de conservaci\u00f3n es bueno.<\/p>\n\n\n\n<p><strong>San Francisco de Paula eremita.<\/strong> De autor desconocido, es una talla completa de 1,78 m de altura, realizada en madera tallada cubierta de estuco y policromada. Se encuentra localizada en el tercer tramo de la nave central, lado del evangelio. La imagen representa a San Francisco de Padua de pie, vestido con un h\u00e1bito negro cuyos bordes est\u00e1n realzados con motivos vegetales de color dorado. El santo es un hombre anciano de barba blanca, el cual porta un b\u00e1culo en su mano derecha y en la izquierda una custodia hacia la que dirige su mirada.<\/p>\n\n\n\n<p>Su estado de conservaci\u00f3n es malo, ya que aparecen grietas en el h\u00e1bito, p\u00e9rdida de color y le faltan asimismo los dedos \u00edndices de ambas manos, la base y algunos rayos de la custodia.<\/p>\n\n\n\n<p><strong>San Antonio de Padua.<\/strong> De autor desconocido, es una talla completa de 1,65 m de altura. Se ubica en la nave central, en el lado del evangelio del arco toral. La imagen representa al santo, de pie, vestido con el h\u00e1bito franciscano marr\u00f3a, que recoge en la cintura con un cord\u00f3n. En sus manos, sobre un pa\u00f1o blanco, sostiene al ni\u00f1o Jes\u00fas. Aunque su conservaci\u00f3n es buena, tiene una p\u00e9rdida del conjunto pict\u00f3rico en m\u00e1s de un 3% de la superficie de la obra.<\/p>\n\n\n\n<p><strong>Santa Mar\u00eda Magdalena.<\/strong> De autor an\u00f3nimo, la imagen de Mar\u00eda Magdalena se encuentra en el arco toral de la Capilla Mayor. Mide 1,70 m de altura y est\u00e1 realizada sobre madera tallada cubierta de estuco y policromada.<\/p>\n\n\n\n<p>La imagen representa a la santa de pie, como una mujer de larga caballera casta\u00f1a que le cae sobre los hombros. Dirige su mirada al frente y en su mano izquierda porta un crucifijo. Viste t\u00fanica marr\u00f3n ce\u00f1ida al cuerpo y recogida a la cintura por un cord\u00f3n. Su estado de conservaci\u00f3n es bueno, aunque manifiesta una p\u00e9rdida del coinjunto pict\u00f3rico en un 5%. <\/p>\n\n\n\n<p>S<strong>an Blas, obispo y m\u00e1rtir.<\/strong> Escultura de madera policromada de talla completa de autor an\u00f3nimo, se encuentra en la Capilla Mayor. Mide 1,43 m de altura. La iconograf\u00eda representa a San Blas de pie, como un hombre maduro, de t\u00fanica blanca, manto de interior verde y exterior rojo con decoraci\u00f3n floral y vegetal. Sobre la cabeza lleva una tiara de fondo verde decorada con motivos florales dorados. Las manos est\u00e1n cubiertas con guantes verdes, portando a la derecha un b\u00e1culo y en la izquierda un libro abierto. Su conservaci\u00f3n es regular, presentando algunos deterioros. A la mano derecha le faltan los cinco dedos.<\/p>\n\n\n\n<p><strong>San Agust\u00edn, obispo y doctor de la iglesia.<\/strong> Ubicada en el testero de la Capilla Mayor, tampoco se conoce el autor de esta escultura de talla completa, cuya altura es de 1,32 m. La iconograf\u00eda representa al santo sobre una peana en la que aparece la inscripci\u00f3n D(o)n Agustin Ruiz. Se representa como un hombre maduro de barba oscura, con sotana negra sobre pelliz blanco y manto de fondo dorado y decoraci\u00f3n floral. En su mano derecha porta un b\u00e1culo y en la izquierda la maqueta de un templo a la que dirige su mirada. Su estado de conservaci\u00f3n es regular con p\u00e9rdida crom\u00e1tica y grietas en el manto.<\/p>\n\n\n\n<p><strong>Santa Clara de As\u00eds.<\/strong> Ubicada en el arco toral de la Capilla Mayor, la escultura mide 1,67 m de altura. Es de madera policromada y su autor an\u00f3nimo. La imagen representa a la santa vistiendo h\u00e1bito blanco y toca blanca alrededor del rostro. Porta en su mano derecha una custodia con una cruz en relieve en el viril. Su mano izquierda la apoya sobre el pecho. Esta imagen formaba parte del retablo mayor hoy desaparecido. Su estado de conservaci\u00f3n es malo.<\/p>\n\n\n\n<p><strong>San Antonio Abad.<\/strong> Ubicada en el tercer tramo de la nave central lado del evangelio, la escultura de madera policromada es de autor desconocido y mide 1,61 m de altura. La imagen representa al santo como un hombre anciano de cabellos y barba blanca. Viste t\u00fanica color ocre, escapulario marr\u00f3n oscuro de bordes dorados. En su mano izquierda lleva la llama del fuego y su derecha la apoya sobre un bast\u00f3n. Su estado de conservaci\u00f3n es malo, falt\u00e1ndole el bast\u00f3n sobre el que apoya la mano derecha, apareciendo el borde inferior de la t\u00fanica con roturas.<\/p>\n\n\n\n<p><strong>San Francisco de As\u00eds.<\/strong> Se localiza en la nave central, lado de la ep\u00edstola. Esta escultura de madera tallada mide 1 metro de altura y seg\u00fan el libro de inventarios de 1667, esta imagen se encontraba en el antiguo retablo de Jes\u00fas Nazareno. La imagen fue donada a la iglesia por D. Tom\u00e1s de Arredo, sacrist\u00e1n que fue de esta parroquia. San Francisco de as\u00eds esta representado de pie, con cabellos y barba oscuros. Viste h\u00e1bito marr\u00f3n que recoge en la cintura con un cord\u00f3n dorado. Su mano derecha la apoya sobre el pecho y en la izquierda porta un crucifijo hacia el que dirige su mirada. Su conservaci\u00f3n es regular, con p\u00e9rdidas en el conjunto pict\u00f3rico del 5%.<\/p>\n\n\n\n<p><strong>San Ram\u00f3n Nonato.<\/strong> Ubicada en la nave central del arco toral, lado de la ep\u00edstola. De autor desconocido,est\u00e1 imagen de 1,21 m de altura, al igual que la anterior formaba parte del retablo de Jes\u00fas Nazareno, hoy desaparecido. La imagen representa al santo de pie, vistiendo t\u00fanica blanca y sobrepelliz blanco con franja inferior decorada con motivos florales en color azul. Sobre \u00e9l, aparece una chaquetilla con capucha de color rojo y bordes dorados. En su mano derecha sostiene una hoja de palma con dos coronas. Su estado de conservaci\u00f3n es malo, presentando manchas de pintura y suciedad.<\/p>\n\n\n\n<p><strong>Cristo Resucitado.<\/strong> Escultura de talla completa, ubicada en el primer tramo de la nave central colateral, lado del evangelio. Realizada en madera policromada, mide 1,35 m de altura, la imagen representa a Jes\u00fas de pie, semidesnudo con manto rojo de decoraci\u00f3n floral y vegetal dorada que le cubre la espalda, la cintura y su hombro izquierdo. Presenta una larga caballera y barba casta\u00f1as. En su mano izquierda porta un b\u00e1culo y la derecha la tiene levantada en actitud de bendecir. Este Cristo formaba parte del retablo Mayor, hoy desaparecido. Su estado de conservaci\u00f3n es regular, destacando una fina grieta que le recorre verticalmente el dorso.<\/p>\n\n\n\n<p><strong>San Jos\u00e9 con el Ni\u00f1o.<\/strong> Escultura de talla completa, se encuentra ubicada en los pies de la nave de la ep\u00edstola. De autor an\u00f3nimo est\u00e1 realizado en madera tallada y policromada. Mide 1,52 m de altura. La imagen representa a san Jos\u00e9 de pie con cabellos y barba casta\u00f1os. Viste t\u00fanica azul y manto marr\u00f3n, ambos con bordes florales dorados. En su mano izquierda lleva bast\u00f3n de lirios y con la derecha, toma la mano a Jes\u00fas ni\u00f1o, quien viste una t\u00fanica morada con bordes dorados y dirige su mirada al santo. Esta obra es muy reciente, primera mitad del siglo XX, por lo que su estado de conservaci\u00f3n es bueno.<\/p>\n\n\n\n<p><strong>Comisi\u00f3n parroquial de medios de comunicaci\u00f3n<\/strong><\/p>\n\n\n\n<p>FOTO: Bella Inmaculada la que alberga la iglesia atarfe\u00f1a<\/p>\n","protected":false},"excerpt":{"rendered":"<p>Imaginer\u00eda de la iglesia atarfe\u00f1a Entre la imaginer\u00eda presente en la Iglesia Parroquial de Nuestra&#8230;<\/p>\n","protected":false},"author":1,"featured_media":77980,"comment_status":"closed","ping_status":"closed","sticky":false,"template":"","format":"standard","meta":{"_coblocks_attr":"","_coblocks_dimensions":"","_coblocks_responsive_height":"","_coblocks_accordion_ie_support":"","jetpack_post_was_ever_published":false,"_jetpack_newsletter_access":"","_jetpack_dont_email_post_to_subs":false,"_jetpack_newsletter_tier_id":0,"_jetpack_memberships_contains_paywalled_content":false,"_jetpack_memberships_contains_paid_content":false,"footnotes":"","jetpack_publicize_message":"","jetpack_publicize_feature_enabled":true,"jetpack_social_post_already_shared":true,"jetpack_social_options":{"image_generator_settings":{"template":"highway","default_image_id":0,"enabled":false},"version":2}},"categories":[2,186,44],"tags":[],"class_list":["post-77979","post","type-post","status-publish","format-standard","has-post-thumbnail","hentry","category-atarfe","category-instituciones","category-noticias-de-hoy"],"jetpack_publicize_connections":[],"jetpack_featured_media_url":"https:\/\/i0.wp.com\/miradordeatarfe.es\/wp-content\/uploads\/2025\/07\/Captura20250702103038.png?fit=288%2C393&ssl=1","jetpack_likes_enabled":true,"jetpack_sharing_enabled":true,"_links":{"self":[{"href":"https:\/\/miradordeatarfe.es\/index.php?rest_route=\/wp\/v2\/posts\/77979","targetHints":{"allow":["GET"]}}],"collection":[{"href":"https:\/\/miradordeatarfe.es\/index.php?rest_route=\/wp\/v2\/posts"}],"about":[{"href":"https:\/\/miradordeatarfe.es\/index.php?rest_route=\/wp\/v2\/types\/post"}],"author":[{"embeddable":true,"href":"https:\/\/miradordeatarfe.es\/index.php?rest_route=\/wp\/v2\/users\/1"}],"replies":[{"embeddable":true,"href":"https:\/\/miradordeatarfe.es\/index.php?rest_route=%2Fwp%2Fv2%2Fcomments&post=77979"}],"version-history":[{"count":2,"href":"https:\/\/miradordeatarfe.es\/index.php?rest_route=\/wp\/v2\/posts\/77979\/revisions"}],"predecessor-version":[{"id":77983,"href":"https:\/\/miradordeatarfe.es\/index.php?rest_route=\/wp\/v2\/posts\/77979\/revisions\/77983"}],"wp:featuredmedia":[{"embeddable":true,"href":"https:\/\/miradordeatarfe.es\/index.php?rest_route=\/wp\/v2\/media\/77980"}],"wp:attachment":[{"href":"https:\/\/miradordeatarfe.es\/index.php?rest_route=%2Fwp%2Fv2%2Fmedia&parent=77979"}],"wp:term":[{"taxonomy":"category","embeddable":true,"href":"https:\/\/miradordeatarfe.es\/index.php?rest_route=%2Fwp%2Fv2%2Fcategories&post=77979"},{"taxonomy":"post_tag","embeddable":true,"href":"https:\/\/miradordeatarfe.es\/index.php?rest_route=%2Fwp%2Fv2%2Ftags&post=77979"}],"curies":[{"name":"wp","href":"https:\/\/api.w.org\/{rel}","templated":true}]}}