{"id":77984,"date":"2025-07-03T11:00:00","date_gmt":"2025-07-03T09:00:00","guid":{"rendered":"https:\/\/miradordeatarfe.es\/?p=77984"},"modified":"2025-10-16T10:11:05","modified_gmt":"2025-10-16T08:11:05","slug":"carta-a-trump-por-juan-de-dios-villanueva-roa","status":"publish","type":"post","link":"https:\/\/miradordeatarfe.es\/?p=77984","title":{"rendered":"\u00abCarta a Trump\u00bb por Juan de Dios Villanueva Roa"},"content":{"rendered":"\n<p>Se\u00f1or Trump, perm\u00edtame unas frases brotadas desde la serenidad de quien vive en una tierra en la que todos los que traen buena voluntad son bienvenidos. Usted ha dicho que nosotros nos portamos muy mal porque no queremos rebajar servicios sociales, gastos en sanidad, inversiones en educaci\u00f3n, atenci\u00f3n a la tercera edad\u2026, para gastarlo en armas que su pa\u00eds fabrica. Usted acusa a Espa\u00f1a, que en su d\u00eda acogi\u00f3 y mantiene bases militares que le permiten trazar recorridos hacia Oriente Medio con sus fuerzas de combate, de insolidaria. No entrar\u00e9 a exponer para qu\u00e9, todo el mundo lo sabe. Desde su desconocimiento absoluto, se permite el lujo de descalificarnos a los hispanos, a los de Espa\u00f1a y a los de Am\u00e9rica, porque se considera superior. Tal vez sea porque es rico y est\u00e1 acostumbrado a manipular las vidas de quienes se convierten en s\u00fabditos suyos. Se flanquea por hombres trajeados, ricos, que apoyan sus ideas por muy descabelladas que sean.<\/p>\n\n\n\n<p>Usted, don Donald, nos hace ver que las conquistas sociales jam\u00e1s son definitivas, que su perdurabilidad es manifiesta, que en cualquier momento se pueden caer avances alcanzados, que solo se mantienen mientras las generaciones de cada \u00e9poca lo desean, porque llegadas gentes como usted, que atentan contra los derechos humanos m\u00e1s b\u00e1sicos para ganar dinero, m\u00e1s dinero, y por su ego, todo se puede venir abajo. Y nadie reacciona. Perd\u00f3n, aqu\u00ed s\u00ed, aqu\u00ed hay un gobierno que le ha dicho No, y yo, que puedo estar en acuerdo o desacuerdo con otras acciones, me he sentido orgulloso de que desde Espa\u00f1a hayamos dicho que no somos como usted, que nos quedamos con las mejoras en salud, educaci\u00f3n, pensiones\u2026, antes que en comprarle sus fragatas y misiles. Reflexione, y a sus palmeros los esperamos cuando usted ya no est\u00e9 donde est\u00e1.<\/p>\n\n\n\n<p><a href=\"https:\/\/www.ideal.es\/opinion\/juan-de-dios-villanueva-roa-carta-trump-20250702230709-nt.html\">https:\/\/www.ideal.es\/opinion\/juan-de-dios-villanueva-roa-carta-trump-20250702230709-nt.html<\/a><\/p>\n","protected":false},"excerpt":{"rendered":"<p>Se\u00f1or Trump, perm\u00edtame unas frases brotadas desde la serenidad de quien vive en una tierra&#8230;<\/p>\n","protected":false},"author":1,"featured_media":77985,"comment_status":"closed","ping_status":"closed","sticky":false,"template":"","format":"standard","meta":{"_coblocks_attr":"","_coblocks_dimensions":"","_coblocks_responsive_height":"","_coblocks_accordion_ie_support":"","jetpack_post_was_ever_published":false,"_jetpack_newsletter_access":"","_jetpack_dont_email_post_to_subs":false,"_jetpack_newsletter_tier_id":0,"_jetpack_memberships_contains_paywalled_content":false,"_jetpack_memberships_contains_paid_content":false,"footnotes":"","jetpack_publicize_message":"","jetpack_publicize_feature_enabled":true,"jetpack_social_post_already_shared":true,"jetpack_social_options":{"image_generator_settings":{"template":"highway","default_image_id":0,"enabled":false},"version":2}},"categories":[1161,9772,44,7671,6937],"tags":[],"class_list":["post-77984","post","type-post","status-publish","format-standard","has-post-thumbnail","hentry","category-ciudadania","category-opinion-de-juan-de-dios-villanueva","category-noticias-de-hoy","category-politica","category-sociedad"],"jetpack_publicize_connections":[],"jetpack_featured_media_url":"https:\/\/i0.wp.com\/miradordeatarfe.es\/wp-content\/uploads\/2025\/07\/trump.jpeg?fit=320%2C180&ssl=1","jetpack_likes_enabled":true,"jetpack_sharing_enabled":true,"_links":{"self":[{"href":"https:\/\/miradordeatarfe.es\/index.php?rest_route=\/wp\/v2\/posts\/77984","targetHints":{"allow":["GET"]}}],"collection":[{"href":"https:\/\/miradordeatarfe.es\/index.php?rest_route=\/wp\/v2\/posts"}],"about":[{"href":"https:\/\/miradordeatarfe.es\/index.php?rest_route=\/wp\/v2\/types\/post"}],"author":[{"embeddable":true,"href":"https:\/\/miradordeatarfe.es\/index.php?rest_route=\/wp\/v2\/users\/1"}],"replies":[{"embeddable":true,"href":"https:\/\/miradordeatarfe.es\/index.php?rest_route=%2Fwp%2Fv2%2Fcomments&post=77984"}],"version-history":[{"count":1,"href":"https:\/\/miradordeatarfe.es\/index.php?rest_route=\/wp\/v2\/posts\/77984\/revisions"}],"predecessor-version":[{"id":77986,"href":"https:\/\/miradordeatarfe.es\/index.php?rest_route=\/wp\/v2\/posts\/77984\/revisions\/77986"}],"wp:featuredmedia":[{"embeddable":true,"href":"https:\/\/miradordeatarfe.es\/index.php?rest_route=\/wp\/v2\/media\/77985"}],"wp:attachment":[{"href":"https:\/\/miradordeatarfe.es\/index.php?rest_route=%2Fwp%2Fv2%2Fmedia&parent=77984"}],"wp:term":[{"taxonomy":"category","embeddable":true,"href":"https:\/\/miradordeatarfe.es\/index.php?rest_route=%2Fwp%2Fv2%2Fcategories&post=77984"},{"taxonomy":"post_tag","embeddable":true,"href":"https:\/\/miradordeatarfe.es\/index.php?rest_route=%2Fwp%2Fv2%2Ftags&post=77984"}],"curies":[{"name":"wp","href":"https:\/\/api.w.org\/{rel}","templated":true}]}}