{"id":77988,"date":"2025-07-05T11:00:00","date_gmt":"2025-07-05T09:00:00","guid":{"rendered":"https:\/\/miradordeatarfe.es\/?p=77988"},"modified":"2025-07-04T12:26:56","modified_gmt":"2025-07-04T10:26:56","slug":"la-asociacion-ilbira-mozarabe-propone-mejoras-para-la-ruta-del-camino-mozarabe-a-santiago-a-su-paso-por-granada-capital","status":"publish","type":"post","link":"https:\/\/miradordeatarfe.es\/?p=77988","title":{"rendered":"LA ASOCIACI\u00d3N ILBIRA MOZ\u00c1RABE PROPONE MEJORAS PARA LA RUTA DEL CAMINO MOZ\u00c1RABE A SANTIAGO, A SU PASO POR GRANADA CAPITAL."},"content":{"rendered":"\n<p class=\"has-medium-font-size\"><br \/><strong>Responsables de la asociaci\u00f3n se han reunido el pasado 30-6-2025 con el Concejal y T\u00e9cnicosmunicipales de Cultura y Turismo del Ayuntamiento de Granada para presentar la Asociaci\u00f3n Ilbira Moz\u00e1rabe y proponer posibles mejoras que eviten la desorientaci\u00f3n de los m\u00e1s de 1500 peregrinos al a\u00f1o (de distintas nacionalidades), que pasan por nuestra ciudad haciendo el Camino Moz\u00e1rabe a Santiago.<\/strong><\/p>\n\n\n\n<p class=\"has-medium-font-size\">Durante m\u00e1s de 7 siglos, en la \u00e9poca de Al \u00c1ndalus y Reinos de Taifas en nuestra tierra, los<br \/>creyentes cristianos o \u201cmoz\u00e1rabes\u201d pudieron realizar la visita a la tumba del ap\u00f3stol Santiago<br \/>gracias al Camino Moz\u00e1rabe. Uno de los m\u00e1s antiguos y m\u00e1s largos de la pen\u00ednsula que<br \/>vertebraron las relaciones sociales, econ\u00f3micas, culturales y espirituales de la \u00e9poca medieval.<\/p>\n\n\n\n<p class=\"has-medium-font-size\"> As\u00ed lo acreditan los textos escritos, iglesias, hospeder\u00edas, calzadas y caminos desde Almer\u00eda, Granada, Ja\u00e9n, C\u00f3rdoba hasta M\u00e9rida en direcci\u00f3n a Santiago. Unos 1400 Km que representan un motor cultural y espiritual: El Camino Moz\u00e1rabe. <\/p>\n\n\n\n<p class=\"has-medium-font-size\">Nuestra capital y provincia, Granada, cuenta con una de las etapas m\u00e1s bonitas seg\u00fan los<br \/>especialistas en Caminos de Santiago, la entrada desde Qu\u00e9ntar por los bosques del valle del<br \/>Darro, con el Sacromonte y la Alhambra como escaparates anticipados de la gran belleza de<br \/>nuestra ciudad.<\/p>\n\n\n\n<p class=\"has-medium-font-size\">M\u00e1s de 1500 peregrinos de distintas nacionalidades, seg\u00fan los datos que nos aporta la Asociaci\u00f3nJacobea de Almer\u00eda-Granada viven la experiencia del Camino Moz\u00e1rabe cada a\u00f1o, guiados por monolitos, azulejos, flechas\u2026 descubriendo lo singular de nuestro paisaje: las cumbres de Sierra Nevada, las vegas de nuestros r\u00edos, torreones sobre tajos, iglesias mud\u00e9jares en nuestros pueblos, que acompa\u00f1an personas peregrinas haciendo el camino en el proceso de b\u00fasqueda personal, de pareja o en grupo.<br \/><\/p>\n\n\n\n<p class=\"has-medium-font-size\">La Asociaci\u00f3n Ilbira Moz\u00e1rabe que se constituy\u00f3 en el 2019 tiene como objetivo la difusi\u00f3n y<br \/>protecci\u00f3n del Camino Moz\u00e1rabe en Granada, desde entonces viene colaborando con la<br \/>Federaci\u00f3n Andaluza de Asociaciones Jacobeas y la Asociaci\u00f3n Jacobea Almer\u00eda- Granada para<br \/>facilitar a las personas peregrinas el paso por nuestra provincia, especialmente la zona Oeste hasta el l\u00edmite con la provincia de Ja\u00e9n.<br \/><\/p>\n\n\n\n<p class=\"has-medium-font-size\">En este contexto se ha mantenido una reuni\u00f3n con el Concejal de Cultura y Turismo del<br \/>Ayuntamiento de Granada, Juan Ram\u00f3n Ferreira Siles acompa\u00f1ado por los t\u00e9cnicos responsables del \u00c1rea Municipal de Turismo, para hacerles llegar posibles mejoras en el itinerario del Camino Moz\u00e1rabe por las calles de la capital, una mejor se\u00f1alizaci\u00f3n que evite la desorientaci\u00f3n de peregrinos, zonas de descanso, sellado de credencial\u2026 Los responsables p\u00fablicos se han mostrado muy receptivos, dentro de la singularidad patrimonial del casco hist\u00f3rico granadino, para ello se establecer\u00e1 una v\u00eda de comunicaci\u00f3n entre la Asociaci\u00f3n<br \/>Ilbira Moz\u00e1rabe y los T\u00e9cnicos responsables para compartir las necesidades y posibles soluciones de mejora, intentado implicar tambi\u00e9n a la Diputaci\u00f3n Provincial de Granada y el resto de corporaciones por las que pasa el Camino en su parte Oeste ( Maracena, Albolote, Atarfe, Pinos Puente, Olivares, Mocl\u00edn).<\/p>\n\n\n\n<p>La reuni\u00f3n concluy\u00f3 con el ofrecimiento de la Junta Directiva de la Asociaci\u00f3n Ilbira Moz\u00e1rabe<br \/>para la Candidatura de Granada a ser Capital Europea de la Cultura 2031, puesto que el Camino<br \/>Moz\u00e1rabe es otro gran activo patrimonial de la capital, ejemplo de diversidad cultural desde la<br \/>\u00e9poca de Al \u00c1ndalus hasta nuestros d\u00edas.<\/p>\n\n\n\n<p>ASOCIACI\u00d3N ILBIRA MOZ\u00c1RABE<\/p>\n","protected":false},"excerpt":{"rendered":"<p>Responsables de la asociaci\u00f3n se han reunido el pasado 30-6-2025 con el Concejal y T\u00e9cnicosmunicipales&#8230;<\/p>\n","protected":false},"author":1,"featured_media":77989,"comment_status":"closed","ping_status":"closed","sticky":false,"template":"","format":"standard","meta":{"_coblocks_attr":"","_coblocks_dimensions":"","_coblocks_responsive_height":"","_coblocks_accordion_ie_support":"","jetpack_post_was_ever_published":false,"_jetpack_newsletter_access":"","_jetpack_dont_email_post_to_subs":false,"_jetpack_newsletter_tier_id":0,"_jetpack_memberships_contains_paywalled_content":false,"_jetpack_memberships_contains_paid_content":false,"footnotes":"","jetpack_publicize_message":"","jetpack_publicize_feature_enabled":true,"jetpack_social_post_already_shared":true,"jetpack_social_options":{"image_generator_settings":{"template":"highway","default_image_id":0,"enabled":false},"version":2}},"categories":[1161,186,44,10799],"tags":[],"class_list":["post-77988","post","type-post","status-publish","format-standard","has-post-thumbnail","hentry","category-ciudadania","category-instituciones","category-noticias-de-hoy","category-voluntariado"],"jetpack_publicize_connections":[],"jetpack_featured_media_url":"https:\/\/i0.wp.com\/miradordeatarfe.es\/wp-content\/uploads\/2025\/07\/FotoConcejalGranada30-6-25.png?fit=759%2C548&ssl=1","jetpack_likes_enabled":true,"jetpack_sharing_enabled":true,"_links":{"self":[{"href":"https:\/\/miradordeatarfe.es\/index.php?rest_route=\/wp\/v2\/posts\/77988","targetHints":{"allow":["GET"]}}],"collection":[{"href":"https:\/\/miradordeatarfe.es\/index.php?rest_route=\/wp\/v2\/posts"}],"about":[{"href":"https:\/\/miradordeatarfe.es\/index.php?rest_route=\/wp\/v2\/types\/post"}],"author":[{"embeddable":true,"href":"https:\/\/miradordeatarfe.es\/index.php?rest_route=\/wp\/v2\/users\/1"}],"replies":[{"embeddable":true,"href":"https:\/\/miradordeatarfe.es\/index.php?rest_route=%2Fwp%2Fv2%2Fcomments&post=77988"}],"version-history":[{"count":1,"href":"https:\/\/miradordeatarfe.es\/index.php?rest_route=\/wp\/v2\/posts\/77988\/revisions"}],"predecessor-version":[{"id":77990,"href":"https:\/\/miradordeatarfe.es\/index.php?rest_route=\/wp\/v2\/posts\/77988\/revisions\/77990"}],"wp:featuredmedia":[{"embeddable":true,"href":"https:\/\/miradordeatarfe.es\/index.php?rest_route=\/wp\/v2\/media\/77989"}],"wp:attachment":[{"href":"https:\/\/miradordeatarfe.es\/index.php?rest_route=%2Fwp%2Fv2%2Fmedia&parent=77988"}],"wp:term":[{"taxonomy":"category","embeddable":true,"href":"https:\/\/miradordeatarfe.es\/index.php?rest_route=%2Fwp%2Fv2%2Fcategories&post=77988"},{"taxonomy":"post_tag","embeddable":true,"href":"https:\/\/miradordeatarfe.es\/index.php?rest_route=%2Fwp%2Fv2%2Ftags&post=77988"}],"curies":[{"name":"wp","href":"https:\/\/api.w.org\/{rel}","templated":true}]}}