{"id":77991,"date":"2025-07-05T11:18:00","date_gmt":"2025-07-05T09:18:00","guid":{"rendered":"https:\/\/miradordeatarfe.es\/?p=77991"},"modified":"2025-07-05T12:02:47","modified_gmt":"2025-07-05T10:02:47","slug":"nuestra-vecina-nuria-garay-fundadora-de-educaconarte-premiada-por-su-trayectoria","status":"publish","type":"post","link":"https:\/\/miradordeatarfe.es\/?p=77991","title":{"rendered":"Nuestra vecina  NURIA GARAY FUNDADORA de EducaConArte PREMIADA POR SU TRAYECTORIA"},"content":{"rendered":"\n<p class=\"has-medium-font-size\"><strong>Granada celebra los V Premios al Emprendimiento y Liderazgo Femenino para visibilizar el talento de mujeres referentes<\/strong>: <strong><mark style=\"background-color:rgba(0, 0, 0, 0)\" class=\"has-inline-color has-vivid-red-color\">Nuria Garay, <\/mark><mark style=\"background-color:rgba(0, 0, 0, 0)\" class=\"has-inline-color has-black-color\">Mar\u00eda Jos\u00e9 Gil,<\/mark> Mar\u00eda Jos\u00e9 S\u00e1nchez y Soledad G\u00f3mez son galardonadas en las categor\u00edas de Trayectoria, Proyecto Innovador, Ciencia y Tecnolog\u00eda y Deporte y Cultura<\/strong>.<\/p>\n\n\n\n<p><strong>Nuria Garay Amaro,<\/strong> fundadora y directora de EducaConArte, recibi\u00f3 el <strong>Premio a la Trayectoria Profesional<\/strong>. Nacida en 1978 en C\u00e1diz y residente en Atarfe (Granada), es educadora social por la Universidad de Granada, con formaci\u00f3n adicional en igualdad, mediaci\u00f3n escolar y atenci\u00f3n a necesidades educativas especiales, otorgada por distintos ministerios espa\u00f1oles. <\/p>\n\n\n\n<p>En 2018 fund\u00f3 EducaConArte, un proyecto nacido de su Trabajo Fin de Grado Arte Social Sostenible. Esta organizaci\u00f3n combina intervenciones educativas, sociales y art\u00edsticas, con un enfoque en la creatividad, la inclusi\u00f3n y los Objetivos de Desarrollo Sostenible. <\/p>\n\n\n\n<p>Desde su creaci\u00f3n, EducaConArte se ha consolidado como un centro innovador que ofrece talleres y programas para personas con y sin necesidades educativas especiales, colaborando con instituciones p\u00fablicas y organismos oficiales. Ha sido reconocida con diversos premios y ha gestionado m\u00faltiples programas financiados con fondos europeos, reforzando as\u00ed su liderazgo en integraci\u00f3n social, educaci\u00f3n y arte.<\/p>\n\n\n\n<p>Estos galardones se han convertido en una cita ineludible para el reconocimiento del talento femenino en Andaluc\u00eda. Desde su creaci\u00f3n, han recibido m\u00e1s de 500 candidaturas de toda la comunidad aut\u00f3noma y han celebrado ediciones en ciudades como <strong>M\u00e1laga, Ja\u00e9n, C\u00f3rdoba, Sevilla, C\u00e1diz, Almer\u00eda, Huelva <\/strong>y Granada, as\u00ed como en la <strong>Costa Tropical.<\/strong> Superan ya las 2.000 participantes a lo largo de sus cinco a\u00f1os de trayectoria.<\/p>\n\n\n\n<p>La V Edici\u00f3n de los Premios al Emprendimiento y Liderazgo Femenino cont\u00f3 con la colaboraci\u00f3n de <strong>Granada 2031<\/strong>, Andaluc\u00eda Emprende \u2013 Junta de Andaluc\u00eda, Instituto Andaluz de la Mujer, Universidad de Granada, Caja Rural de Granada, Poniente de Granada, Ilbira Motor, Asisa, Apolo Homes, Cl\u00ednica Belle Stetic y la Asociaci\u00f3n Foro Mujeres L\u00edderes.<\/p>\n","protected":false},"excerpt":{"rendered":"<p>Granada celebra los V Premios al Emprendimiento y Liderazgo Femenino para visibilizar el talento de&#8230;<\/p>\n","protected":false},"author":1,"featured_media":77992,"comment_status":"closed","ping_status":"closed","sticky":false,"template":"","format":"standard","meta":{"_coblocks_attr":"","_coblocks_dimensions":"","_coblocks_responsive_height":"","_coblocks_accordion_ie_support":"","jetpack_post_was_ever_published":false,"_jetpack_newsletter_access":"","_jetpack_dont_email_post_to_subs":false,"_jetpack_newsletter_tier_id":0,"_jetpack_memberships_contains_paywalled_content":false,"_jetpack_memberships_contains_paid_content":false,"footnotes":"","jetpack_publicize_message":"","jetpack_publicize_feature_enabled":true,"jetpack_social_post_already_shared":true,"jetpack_social_options":{"image_generator_settings":{"template":"highway","default_image_id":0,"enabled":false},"version":2}},"categories":[1161,10781,186,44,6539],"tags":[],"class_list":["post-77991","post","type-post","status-publish","format-standard","has-post-thumbnail","hentry","category-ciudadania","category-granada","category-instituciones","category-noticias-de-hoy","category-personajes-de-ataref"],"jetpack_publicize_connections":[],"jetpack_featured_media_url":"https:\/\/i0.wp.com\/miradordeatarfe.es\/wp-content\/uploads\/2025\/07\/88ec40e0-2847-479f-9d68-2e6041a1eac4_16-9-aspect-ratio_1600w_0.webp?fit=1600%2C900&ssl=1","jetpack_likes_enabled":true,"jetpack_sharing_enabled":true,"_links":{"self":[{"href":"https:\/\/miradordeatarfe.es\/index.php?rest_route=\/wp\/v2\/posts\/77991","targetHints":{"allow":["GET"]}}],"collection":[{"href":"https:\/\/miradordeatarfe.es\/index.php?rest_route=\/wp\/v2\/posts"}],"about":[{"href":"https:\/\/miradordeatarfe.es\/index.php?rest_route=\/wp\/v2\/types\/post"}],"author":[{"embeddable":true,"href":"https:\/\/miradordeatarfe.es\/index.php?rest_route=\/wp\/v2\/users\/1"}],"replies":[{"embeddable":true,"href":"https:\/\/miradordeatarfe.es\/index.php?rest_route=%2Fwp%2Fv2%2Fcomments&post=77991"}],"version-history":[{"count":5,"href":"https:\/\/miradordeatarfe.es\/index.php?rest_route=\/wp\/v2\/posts\/77991\/revisions"}],"predecessor-version":[{"id":78056,"href":"https:\/\/miradordeatarfe.es\/index.php?rest_route=\/wp\/v2\/posts\/77991\/revisions\/78056"}],"wp:featuredmedia":[{"embeddable":true,"href":"https:\/\/miradordeatarfe.es\/index.php?rest_route=\/wp\/v2\/media\/77992"}],"wp:attachment":[{"href":"https:\/\/miradordeatarfe.es\/index.php?rest_route=%2Fwp%2Fv2%2Fmedia&parent=77991"}],"wp:term":[{"taxonomy":"category","embeddable":true,"href":"https:\/\/miradordeatarfe.es\/index.php?rest_route=%2Fwp%2Fv2%2Fcategories&post=77991"},{"taxonomy":"post_tag","embeddable":true,"href":"https:\/\/miradordeatarfe.es\/index.php?rest_route=%2Fwp%2Fv2%2Ftags&post=77991"}],"curies":[{"name":"wp","href":"https:\/\/api.w.org\/{rel}","templated":true}]}}