{"id":77996,"date":"2025-07-05T10:28:00","date_gmt":"2025-07-05T08:28:00","guid":{"rendered":"https:\/\/miradordeatarfe.es\/?p=77996"},"modified":"2025-07-04T12:33:31","modified_gmt":"2025-07-04T10:33:31","slug":"pilatos-en-la-junta-por-agustin-martinez","status":"publish","type":"post","link":"https:\/\/miradordeatarfe.es\/?p=77996","title":{"rendered":"\u00abPilatos en la Junta\u00bb por Agust\u00edn Mart\u00ednez"},"content":{"rendered":"\n<p class=\"has-medium-font-size\"><strong>En el surrealista teatro de la pol\u00edtica andaluza, Granada vuelve a ocupar su butaca habitual: la de espectadora del agravio. La Junta de Andaluc\u00eda ha denegado a la Universidad de Granada tres grados estrat\u00e9gicos \u2013Inteligencia Artificial, Ingenier\u00eda Biom\u00e9dica y Ciencia de Datos\u2013 con una elegancia burocr\u00e1tica digna de una tragicomedia.<\/strong><\/p>\n\n\n\n<p> \u00bfLa raz\u00f3n oficial? El dictamen de una \u201cagencia independiente\u201d. \u00bfEl presidente de esta agencia? El propio consejero de Universidad, Jos\u00e9 Carlos G\u00f3mez Villamandos. \u00a1Qu\u00e9 casualidad! La independencia, como el sentido com\u00fan, parece escasa por estos lares.<\/p>\n\n\n\n<p>La jugada roza el esperpento cuando observamos que uno de los grados denegados \u2013el de IA\u2013 s\u00ed ha sido concedido a una universidad privada de M\u00e1laga, a raz\u00f3n de 10.000 euros la matr\u00edcula. El futuro, al parecer, tiene peaje. Y por si fuera poco, basta una visita a su p\u00e1gina web para comprobar que no hay ni rastro de un claustro docente en Inteligencia Artificial. Una formaci\u00f3n de vanguardia, pero sin profesorado. Inteligencia artificial, s\u00ed; previo pago de su importe a ls \u201camiguitos\u201d de toda la vida.<\/p>\n\n\n\n<p>Mientras tanto, en Granada, la Universidad p\u00fablica con mayor reputaci\u00f3n cient\u00edfica de Andaluc\u00eda y una de las mejores del pa\u00eds en tecnolog\u00eda y salud, recibe un portazo con aroma a negocio y a centralismo disfrazado de progreso. Porque claro, el conocimiento es importante&#8230; pero s\u00f3lo cuando llena las arcas privadas.<\/p>\n\n\n\n<p>Y ah\u00ed est\u00e1 la alcaldesa, Marifr\u00e1n Carazo, que hace apenas tres meses posaba sonriente asegurando que el grado de IA estaba garantizado para Granada tras sus gestiones con la Junta. \u00bfSe olvid\u00f3 de preguntar al consejero si hablaba en calidad de pol\u00edtico o de presidente de la agencia \u201cindependiente\u201d? \u00bfO simplemente nos minti\u00f3 con la convicci\u00f3n de quien sabe que la hemeroteca no interesa mientras haya titulares optimistas?<\/p>\n\n\n\n<p>Lo m\u00ednimo que se exige ahora es transparencia: que se haga p\u00fablico el dictamen completo de esa agencia \u201cindependiente\u201d, que se expliquen con claridad las razones para denegar grados a una universidad con m\u00fasculo investigador y experiencia docente. Porque lo que parece es que aqu\u00ed no se ha evaluado calidad, sino otra cosa que tiene un nombre muy feo.<\/p>\n\n\n\n<p>La Junta de Andaluc\u00eda ha convertido la educaci\u00f3n en un negocio en el que la UGR es el enemigo a batir, por su rigor, por su calidad y porque con ella solo hace \u201cnegocio\u201d la sociedad a la que sirve.<\/p>\n\n\n\n<p><a href=\"https:\/\/www.granadahoy.com\/opinion\/articulos\/pilatos-junta_0_2004279353.html\">https:\/\/www.granadahoy.com\/opinion\/articulos\/pilatos-junta_0_2004279353.html<\/a><\/p>\n\n\n\n<p><a target=\"_blank\" rel=\"noreferrer noopener\" href=\"https:\/\/adentroparati.com\/2025\/05\/22\/esto-no-habia-ocurrido-nunca-en-la-television-espanola-un-caso-unico-de-interaccion-entre-el-publico-y-el-aire\"><\/a><\/p>\n\n\n\n<p><a target=\"_blank\" rel=\"noreferrer noopener\" href=\"https:\/\/adentroparati.com\/2025\/05\/22\/esto-no-habia-ocurrido-nunca-en-la-television-espanola-un-caso-unico-de-interaccion-entre-el-publico-y-el-aire\"><\/a><\/p>\n","protected":false},"excerpt":{"rendered":"<p>En el surrealista teatro de la pol\u00edtica andaluza, Granada vuelve a ocupar su butaca habitual:&#8230;<\/p>\n","protected":false},"author":1,"featured_media":77997,"comment_status":"closed","ping_status":"closed","sticky":false,"template":"","format":"standard","meta":{"_coblocks_attr":"","_coblocks_dimensions":"","_coblocks_responsive_height":"","_coblocks_accordion_ie_support":"","jetpack_post_was_ever_published":false,"_jetpack_newsletter_access":"","_jetpack_dont_email_post_to_subs":false,"_jetpack_newsletter_tier_id":0,"_jetpack_memberships_contains_paywalled_content":false,"_jetpack_memberships_contains_paid_content":false,"footnotes":"","jetpack_publicize_message":"","jetpack_publicize_feature_enabled":true,"jetpack_social_post_already_shared":true,"jetpack_social_options":{"image_generator_settings":{"template":"highway","default_image_id":0,"enabled":false},"version":2}},"categories":[10781,44,7671,1],"tags":[],"class_list":["post-77996","post","type-post","status-publish","format-standard","has-post-thumbnail","hentry","category-granada","category-noticias-de-hoy","category-politica","category-uncategorized"],"jetpack_publicize_connections":[],"jetpack_featured_media_url":"https:\/\/i0.wp.com\/miradordeatarfe.es\/wp-content\/uploads\/2025\/07\/ugr.jpeg?fit=299%2C180&ssl=1","jetpack_likes_enabled":true,"jetpack_sharing_enabled":true,"_links":{"self":[{"href":"https:\/\/miradordeatarfe.es\/index.php?rest_route=\/wp\/v2\/posts\/77996","targetHints":{"allow":["GET"]}}],"collection":[{"href":"https:\/\/miradordeatarfe.es\/index.php?rest_route=\/wp\/v2\/posts"}],"about":[{"href":"https:\/\/miradordeatarfe.es\/index.php?rest_route=\/wp\/v2\/types\/post"}],"author":[{"embeddable":true,"href":"https:\/\/miradordeatarfe.es\/index.php?rest_route=\/wp\/v2\/users\/1"}],"replies":[{"embeddable":true,"href":"https:\/\/miradordeatarfe.es\/index.php?rest_route=%2Fwp%2Fv2%2Fcomments&post=77996"}],"version-history":[{"count":1,"href":"https:\/\/miradordeatarfe.es\/index.php?rest_route=\/wp\/v2\/posts\/77996\/revisions"}],"predecessor-version":[{"id":77998,"href":"https:\/\/miradordeatarfe.es\/index.php?rest_route=\/wp\/v2\/posts\/77996\/revisions\/77998"}],"wp:featuredmedia":[{"embeddable":true,"href":"https:\/\/miradordeatarfe.es\/index.php?rest_route=\/wp\/v2\/media\/77997"}],"wp:attachment":[{"href":"https:\/\/miradordeatarfe.es\/index.php?rest_route=%2Fwp%2Fv2%2Fmedia&parent=77996"}],"wp:term":[{"taxonomy":"category","embeddable":true,"href":"https:\/\/miradordeatarfe.es\/index.php?rest_route=%2Fwp%2Fv2%2Fcategories&post=77996"},{"taxonomy":"post_tag","embeddable":true,"href":"https:\/\/miradordeatarfe.es\/index.php?rest_route=%2Fwp%2Fv2%2Ftags&post=77996"}],"curies":[{"name":"wp","href":"https:\/\/api.w.org\/{rel}","templated":true}]}}