{"id":78006,"date":"2025-07-06T09:22:00","date_gmt":"2025-07-06T07:22:00","guid":{"rendered":"https:\/\/miradordeatarfe.es\/?p=78006"},"modified":"2025-07-04T19:07:10","modified_gmt":"2025-07-04T17:07:10","slug":"el-noveno-festival-de-la-guitarra-incluye-diez-recitales-gratuitos","status":"publish","type":"post","link":"https:\/\/miradordeatarfe.es\/?p=78006","title":{"rendered":"El noveno Festival de la Guitarra incluye diez recitales gratuitos"},"content":{"rendered":"\n<p class=\"has-medium-font-size\"><strong>Hace unos d\u00edas tuvo lugar el acto de presentaci\u00f3n de la programaci\u00f3n completa del ciclo en el patio del consistorio capitalino<\/strong><\/p>\n\n\n\n<p>El patio del Ayuntamiento fue  el escenario de la presentaci\u00f3n oficial de la programaci\u00f3n del Festival de la Guitarra, que en buena parte ya adelantara IDEAL. En el acto, el director del Festival, Vicente Coves, anunci\u00f3 los conciertos gratuitos que forman parte de la propuesta de esta novena edici\u00f3n del que sin duda es uno de los ciclos m\u00e1s importantes de las seis cuerdas a nivel mundial, y que tendr\u00e1 lugar entre los <em><strong>pr\u00f3ximos d\u00edas 14 de julio y el 7 de agosto.<\/strong><\/em><\/p>\n\n\n\n<p>El d\u00eda 14, el Festival se iniciar\u00e1 con un recital gratuito de presentaci\u00f3n en el Palacio de Carlos V a las 21.30 horas. Los guitarristas Julia Trinstschuk y Jos\u00e9 Ferm\u00edn Fern\u00e1ndez ocupar\u00e1n sucesivamente el escenario alhambre\u00f1o. Las invitaciones se pueden conseguir a trav\u00e9s de la p\u00e1gina web Redentradas. El d\u00eda 21, actuar\u00e1 la solista Beatriz Pinto a las 21.00 horas en la sala Jim\u00e9nez Torrecillas, situada en la estaci\u00f3n de metro de Alc\u00e1zar Genil. Ser\u00e1 el primer concierto que tendr\u00e1 lugar en este espacio. Tambi\u00e9n tendr\u00e1 car\u00e1cter gratuito y las invitaciones se podr\u00e1n conseguir tambi\u00e9n a trav\u00e9s de Redentradas. Al d\u00eda siguiente,Mario Pino actuar\u00e1 a las 20.00 horas en el Museo Arqueol\u00f3gico, tambi\u00e9n gratis por invitaci\u00f3n, y el 23, ser\u00e1 el gran Pepe Romero el que ofrecer\u00e1 un recital en el Carlos V, tambi\u00e9n gratuito por invitaci\u00f3n, con un programa dedicado a \u00c1ngel Barrios. El d\u00eda 26 habr\u00e1 un concierto gratuito con los alumnos de las masterclass de Romero en el Corral del Carb\u00f3n, con entrada libre hasta completar aforo, y el d\u00eda 28, Jos\u00e9 Miguel Moreno actuar\u00e1 a las 21.00 horas en el Corral del Carb\u00f3n, gratis con invitaci\u00f3n.<\/p>\n\n\n\n<p><a href=\"https:\/\/www.ideal.es\/autor\/jose-antonio-munoz-2730.html\">J<strong>os\u00e9 Antonio Mu\u00f1oz<\/strong><\/a><\/p>\n\n\n\n<p>FOTO: El guitarrista Pepe Romero. F. P.<\/p>\n\n\n\n<p><a href=\"https:\/\/www.ideal.es\/culturas\/noveno-festival-guitarra-incluye-diez-recitales-gratuitos-20250704111842-nt.html\">https:\/\/www.ideal.es\/culturas\/noveno-festival-guitarra-incluye-diez-recitales-gratuitos-20250704111842-nt.html<\/a><\/p>\n\n\n\n<p><a rel=\"noreferrer noopener\" target=\"_blank\" href=\"https:\/\/paid4.invibes.com\/redir\/?t=yAZCDNzfPC-dWvcYl5qrq_w4BMzcmAjwc5TIRsPa7XD1IXGYRevcYoVsQSMeonErx3dMuYEl-X8dVyXvKYI5oiFvbpxy5OoAWoPWZm4CFRId0if8vCz3DFHj9fLUi0RPlGcnxUwQYio-LkA3BGk8MwczfL2EPr6OIVFAFwWJv9U%3d&amp;to=https%3A%2F%2Fad.doubleclick.net%2Fddm%2Ftrackclk%2FN2324950.1921831INVIBES%2FB33713525.423902408%3Bdc_trk_aid%3D616749967%3Bdc_trk_cid%3D213267516%3Bdc_lat%3D%3Bdc_rdid%3D%3Btag_for_child_directed_treatment%3D%3Btfua%3D%3Bltd%3D%3Bdc_tdv%3D1%3Bord%3D1751631557255&amp;tcfPurposes=,1,2,3,4,5,6,7,8,9,10,11,\"><\/a><\/p>\n\n\n\n<p><a rel=\"noreferrer noopener\" target=\"_blank\" href=\"https:\/\/paid4.invibes.com\/redir\/?t=yAZCDNzfPC-dWvcYl5qrq_w4BMzcmAjwc5TIRsPa7XD1IXGYRevcYoVsQSMeonErx3dMuYEl-X8dVyXvKYI5oiFvbpxy5OoAWoPWZm4CFRId0if8vCz3DFHj9fLUi0RPlGcnxUwQYio-LkA3BGk8MwczfL2EPr6OIVFAFwWJv9U%3d&amp;to=https%3A%2F%2Fad.doubleclick.net%2Fddm%2Ftrackclk%2FN2324950.1921831INVIBES%2FB33713525.423902408%3Bdc_trk_aid%3D616749967%3Bdc_trk_cid%3D213267516%3Bdc_lat%3D%3Bdc_rdid%3D%3Btag_for_child_directed_treatment%3D%3Btfua%3D%3Bltd%3D%3Bdc_tdv%3D1%3Bord%3D1751631557255&amp;tcfPurposes=,1,2,3,4,5,6,7,8,9,10,11,\"><\/a><\/p>\n\n\n\n<figure class=\"wp-block-image\"><a href=\"https:\/\/paid4.invibes.com\/redir\/?t=yAZCDNzfPC-dWvcYl5qrq_w4BMzcmAjwc5TIRsPa7XD1IXGYRevcYoVsQSMeonErx3dMuYEl-X8dVyXvKYI5oiFvbpxy5OoAWoPWZm4CFRId0if8vCz3DFHj9fLUi0RPlGcnxUwQYio-LkA3BGk8MwczfL2EPr6OIVFAFwWJv9U%3d&amp;to=https%3A%2F%2Fad.doubleclick.net%2Fddm%2Ftrackclk%2FN2324950.1921831INVIBES%2FB33713525.423902408%3Bdc_trk_aid%3D616749967%3Bdc_trk_cid%3D213267516%3Bdc_lat%3D%3Bdc_rdid%3D%3Btag_for_child_directed_treatment%3D%3Btfua%3D%3Bltd%3D%3Bdc_tdv%3D1%3Bord%3D1751631557255&amp;tcfPurposes=,1,2,3,4,5,6,7,8,9,10,11,\" target=\"_blank\" rel=\"noreferrer noopener\"><img decoding=\"async\" src=\"https:\/\/bvt.r66net.net\/sliders\/next_edge.svg\" alt=\"\"\/><\/a><\/figure>\n\n\n\n<p><a rel=\"noreferrer noopener\" target=\"_blank\" href=\"https:\/\/paid4.invibes.com\/redir\/?t=yAZCDNzfPC-dWvcYl5qrq_w4BMzcmAjwc5TIRsPa7XD1IXGYRevcYoVsQSMeonErx3dMuYEl-X8dVyXvKYI5oiFvbpxy5OoAWoPWZm4CFRId0if8vCz3DFHj9fLUi0RPlGcnxUwQYio-LkA3BGk8MwczfL2EPr6OIVFAFwWJv9U%3d&amp;to=https%3A%2F%2Fad.doubleclick.net%2Fddm%2Ftrackclk%2FN2324950.1921831INVIBES%2FB33713525.423902408%3Bdc_trk_aid%3D616749967%3Bdc_trk_cid%3D213267516%3Bdc_lat%3D%3Bdc_rdid%3D%3Btag_for_child_directed_treatment%3D%3Btfua%3D%3Bltd%3D%3Bdc_tdv%3D1%3Bord%3D1751631557255&amp;tcfPurposes=,1,2,3,4,5,6,7,8,9,10,11,\">Nuevo OMODA 5 EV<\/a><\/p>\n\n\n\n<p><a rel=\"noreferrer noopener\" target=\"_blank\" href=\"https:\/\/paid4.invibes.com\/redir\/?t=yAZCDNzfPC-dWvcYl5qrq_w4BMzcmAjwc5TIRsPa7XD1IXGYRevcYoVsQSMeonErx3dMuYEl-X8dVyXvKYI5oiFvbpxy5OoAWoPWZm4CFRId0if8vCz3DFHj9fLUi0RPlGcnxUwQYio-LkA3BGk8MwczfL2EPr6OIVFAFwWJv9U%3d&amp;to=https%3A%2F%2Fad.doubleclick.net%2Fddm%2Ftrackclk%2FN2324950.1921831INVIBES%2FB33713525.423902408%3Bdc_trk_aid%3D616749967%3Bdc_trk_cid%3D213267516%3Bdc_lat%3D%3Bdc_rdid%3D%3Btag_for_child_directed_treatment%3D%3Btfua%3D%3Bltd%3D%3Bdc_tdv%3D1%3Bord%3D1751631557255&amp;tcfPurposes=,1,2,3,4,5,6,7,8,9,10,11,\">Este mes, compra tu nuevo OMODA 5 EV y la instalaci\u00f3n del cargador \u00a1te la regalamos!<\/a><a rel=\"noreferrer noopener\" target=\"_blank\" href=\"https:\/\/paid4.invibes.com\/redir\/?t=yAZCDNzfPC-dWvcYl5qrq_w4BMzcmAjwc5TIRsPa7XD1IXGYRevcYoVsQSMeonErx3dMuYEl-X8dVyXvKYI5oiFvbpxy5OoAWoPWZm4CFRId0if8vCz3DFHj9fLUi0RPlGcnxUwQYio-LkA3BGk8MwczfL2EPr6OIVFAFwWJv9U%3d&amp;to=https%3A%2F%2Fad.doubleclick.net%2Fddm%2Ftrackclk%2FN2324950.1921831INVIBES%2FB33713525.423902408%3Bdc_trk_aid%3D616749967%3Bdc_trk_cid%3D213267516%3Bdc_lat%3D%3Bdc_rdid%3D%3Btag_for_child_directed_treatment%3D%3Btfua%3D%3Bltd%3D%3Bdc_tdv%3D1%3Bord%3D1751631557255&amp;tcfPurposes=,1,2,3,4,5,6,7,8,9,10,11,\"><\/a><\/p>\n\n\n\n<p>Inspired by <a target=\"_blank\" href=\"https:\/\/www.invibes.com\" rel=\"noreferrer noopener\"><\/a><\/p>\n\n\n\n<p>El 1 de agosto tendr\u00e1 lugar la final del Concurso de Constructores Antonio Mar\u00edn a las 21.00 horas en el Auditorio de la Caja Rural, gratuito hasta completar aforo. En la provincia, estar\u00e1n el D\u00fao \u00c1ngel Barrios el d\u00eda 19 en Capileira y el 2 de agosto en Salobre\u00f1a, y el 26 de julio, Antonio Sanguinetti actuar\u00e1 en Hu\u00e9neja.<\/p>\n","protected":false},"excerpt":{"rendered":"<p>Hace unos d\u00edas tuvo lugar el acto de presentaci\u00f3n de la programaci\u00f3n completa del ciclo&#8230;<\/p>\n","protected":false},"author":1,"featured_media":78007,"comment_status":"closed","ping_status":"closed","sticky":false,"template":"","format":"standard","meta":{"_coblocks_attr":"","_coblocks_dimensions":"","_coblocks_responsive_height":"","_coblocks_accordion_ie_support":"","jetpack_post_was_ever_published":false,"_jetpack_newsletter_access":"","_jetpack_dont_email_post_to_subs":false,"_jetpack_newsletter_tier_id":0,"_jetpack_memberships_contains_paywalled_content":false,"_jetpack_memberships_contains_paid_content":false,"footnotes":"","jetpack_publicize_message":"","jetpack_publicize_feature_enabled":true,"jetpack_social_post_already_shared":true,"jetpack_social_options":{"image_generator_settings":{"template":"highway","default_image_id":0,"enabled":false},"version":2}},"categories":[1161,10781,44],"tags":[],"class_list":["post-78006","post","type-post","status-publish","format-standard","has-post-thumbnail","hentry","category-ciudadania","category-granada","category-noticias-de-hoy"],"jetpack_publicize_connections":[],"jetpack_featured_media_url":"https:\/\/i0.wp.com\/miradordeatarfe.es\/wp-content\/uploads\/2025\/07\/PEPEROMEROBUENA-kuzB-U2302271976030qzB-1200x840%40Ideal.webp?fit=1200%2C840&ssl=1","jetpack_likes_enabled":true,"jetpack_sharing_enabled":true,"_links":{"self":[{"href":"https:\/\/miradordeatarfe.es\/index.php?rest_route=\/wp\/v2\/posts\/78006","targetHints":{"allow":["GET"]}}],"collection":[{"href":"https:\/\/miradordeatarfe.es\/index.php?rest_route=\/wp\/v2\/posts"}],"about":[{"href":"https:\/\/miradordeatarfe.es\/index.php?rest_route=\/wp\/v2\/types\/post"}],"author":[{"embeddable":true,"href":"https:\/\/miradordeatarfe.es\/index.php?rest_route=\/wp\/v2\/users\/1"}],"replies":[{"embeddable":true,"href":"https:\/\/miradordeatarfe.es\/index.php?rest_route=%2Fwp%2Fv2%2Fcomments&post=78006"}],"version-history":[{"count":1,"href":"https:\/\/miradordeatarfe.es\/index.php?rest_route=\/wp\/v2\/posts\/78006\/revisions"}],"predecessor-version":[{"id":78008,"href":"https:\/\/miradordeatarfe.es\/index.php?rest_route=\/wp\/v2\/posts\/78006\/revisions\/78008"}],"wp:featuredmedia":[{"embeddable":true,"href":"https:\/\/miradordeatarfe.es\/index.php?rest_route=\/wp\/v2\/media\/78007"}],"wp:attachment":[{"href":"https:\/\/miradordeatarfe.es\/index.php?rest_route=%2Fwp%2Fv2%2Fmedia&parent=78006"}],"wp:term":[{"taxonomy":"category","embeddable":true,"href":"https:\/\/miradordeatarfe.es\/index.php?rest_route=%2Fwp%2Fv2%2Fcategories&post=78006"},{"taxonomy":"post_tag","embeddable":true,"href":"https:\/\/miradordeatarfe.es\/index.php?rest_route=%2Fwp%2Fv2%2Ftags&post=78006"}],"curies":[{"name":"wp","href":"https:\/\/api.w.org\/{rel}","templated":true}]}}