{"id":78009,"date":"2025-07-08T08:30:00","date_gmt":"2025-07-08T06:30:00","guid":{"rendered":"https:\/\/miradordeatarfe.es\/?p=78009"},"modified":"2025-07-05T12:44:48","modified_gmt":"2025-07-05T10:44:48","slug":"sanidad-denunciara-a-las-autonomias-que-no-garanticen-abortos-en-hospitales-publicos","status":"publish","type":"post","link":"https:\/\/miradordeatarfe.es\/?p=78009","title":{"rendered":"Sanidad denunciar\u00e1 a las autonom\u00edas que no garanticen abortos en hospitales p\u00fablicos"},"content":{"rendered":"\n<p class=\"has-medium-font-size\"><strong>El ministerio advierte por carta a los consejeros que auditar\u00e1 el incumplimiento de la norma en cada territorio y acudir\u00e1 a los tribunales si no rectifican<\/strong><\/p>\n\n\n\n<p>El secretario de Estado de Sanidad ha enviado una carta a los consejeros auton\u00f3micos del ramo en la que les recuerda que la nueva ley del aborto aprobada hace cinco a\u00f1os les obliga a garantizar \u00abel acceso efectivo y en condiciones de igualdad\u00bb de todas las mujeres que as\u00ed lo soliciten o precisen a la interrupci\u00f3n voluntaria del embarazo en hospitales p\u00fablicos.<\/p>\n\n\n\n<p>Javier Padilla les afea que, pese a ser una obligaci\u00f3n de los poderes p\u00fablicos, y pese al tiempo transcurrido desde la entrada en vigor de la ley, muchas mujeres de sus autonom\u00edas \u00absiguen encontrando barreras (geogr\u00e1ficas, administrativas u organizativas) que dificultan su acceso a esta prestaci\u00f3n dentro del Sistema Nacional de Salud\u00bb, por lo que les advierte que el ministerio est\u00e1 dispuesto a dar el paso de denunciarles ante los tribunales si persisten en su incumplimiento.<\/p>\n\n\n\n<p>Sanidad, les explica, va a elaborar un informe, sobre la base de los datos presentados por las comunidades aut\u00f3nomas, con el objetivo de evaluar el grado de cumplimiento de la Ley de Salud Sexual y Reproductiva de 2020 en lo relativo a la interrupci\u00f3n voluntaria del embarazo, para comprobar \u00absi esta prestaci\u00f3n se est\u00e1 garantizando de forma efectiva en los centros sanitarios p\u00fablicos\u00bb.<\/p>\n\n\n\n<h3 class=\"wp-block-heading\">Requerimiento previo<\/h3>\n\n\n\n<p>A partir de los resultados, se\u00f1ala, \u00abel ministerio valorar\u00e1 el inicio de procedimientos legales frente a aquellas autonom\u00edas que no est\u00e9n garantizando este derecho conforme a lo establecido por la ley\u00bb. Explica que, en primera instancia, y en funci\u00f3n de la gravedad de los incumplimientos detectados, la Alta Inspecci\u00f3n del Estado enviar\u00e1 requerimientos formales a las administraciones auton\u00f3micas afectadas, en los que solicitar\u00e1 informaci\u00f3n detallada sobre las medidas que est\u00e1n aplicando o prev\u00e9n aplicar para dar cumplimiento efectivo a la legislaci\u00f3n vigente.<\/p>\n\n\n\n<p>Pero, \u00aben caso de que las respuestas no resulten satisfactorias\u00bb, el ministerio \u00abadoptar\u00e1 las medidas legales oportunas, dentro del marco normativo, para asegurar que se cumple el derecho a la interrupci\u00f3n voluntaria del embarazo en condiciones de igualdad en todo el territorio nacional\u00bb.\u00abEste procedimiento -concluye- se enmarca en la responsabilidad del Estado de garantizar el cumplimiento de la ley y la equidad en el acceso a las prestaciones del Sistema Nacional de Salud\u00bb.<\/p>\n\n\n\n<p><a href=\"https:\/\/www.ideal.es\/autor\/alfonso-torices-118.html\">Alfonso Torices<\/a><\/p>\n\n\n\n<p>FOTO: La ministra M\u00f3nica Garc\u00eda y el secretario de Estado Javier Padilla, durante una rueda de prensa. EP<\/p>\n\n\n\n<h2 class=\"wp-block-heading has-small-font-size\"><a href=\"https:\/\/www.ideal.es\/sociedad\/salud\/sanidad-denunciara-autonomias-garanticen-abortos-hospitales-publicos-20250703200016-ntrc.html\">ht<\/a><strong><a href=\"https:\/\/www.ideal.es\/sociedad\/salud\/sanidad-denunciara-autonomias-garanticen-abortos-hospitales-publicos-20250703200016-ntrc.html\">tps:\/\/www.ideal.es\/sociedad\/salud\/sanidad-denunciara-autonomias-garanticen-abortos-hospitales-publicos-20250703200016-ntrc.html<\/a><a href=\"https:\/\/www.ideal.es\/autor\/alfonso-torices-118.html\"><\/a><\/strong><\/h2>\n\n\n\n\n","protected":false},"excerpt":{"rendered":"<p>El ministerio advierte por carta a los consejeros que auditar\u00e1 el incumplimiento de la norma&#8230;<\/p>\n","protected":false},"author":1,"featured_media":78010,"comment_status":"closed","ping_status":"closed","sticky":false,"template":"","format":"standard","meta":{"_coblocks_attr":"","_coblocks_dimensions":"","_coblocks_responsive_height":"","_coblocks_accordion_ie_support":"","jetpack_post_was_ever_published":false,"_jetpack_newsletter_access":"","_jetpack_dont_email_post_to_subs":false,"_jetpack_newsletter_tier_id":0,"_jetpack_memberships_contains_paywalled_content":false,"_jetpack_memberships_contains_paid_content":false,"footnotes":"","jetpack_publicize_message":"","jetpack_publicize_feature_enabled":true,"jetpack_social_post_already_shared":true,"jetpack_social_options":{"image_generator_settings":{"template":"highway","default_image_id":0,"enabled":false},"version":2}},"categories":[1161,44,10805],"tags":[],"class_list":["post-78009","post","type-post","status-publish","format-standard","has-post-thumbnail","hentry","category-ciudadania","category-noticias-de-hoy","category-plataforma-por-la-sanidad-de-atarfe"],"jetpack_publicize_connections":[],"jetpack_featured_media_url":"https:\/\/i0.wp.com\/miradordeatarfe.es\/wp-content\/uploads\/2025\/07\/padilla-RAs7bVqAa2x873pEXTCU20K-1200x840%40RC.webp?fit=1200%2C840&ssl=1","jetpack_likes_enabled":true,"jetpack_sharing_enabled":true,"_links":{"self":[{"href":"https:\/\/miradordeatarfe.es\/index.php?rest_route=\/wp\/v2\/posts\/78009","targetHints":{"allow":["GET"]}}],"collection":[{"href":"https:\/\/miradordeatarfe.es\/index.php?rest_route=\/wp\/v2\/posts"}],"about":[{"href":"https:\/\/miradordeatarfe.es\/index.php?rest_route=\/wp\/v2\/types\/post"}],"author":[{"embeddable":true,"href":"https:\/\/miradordeatarfe.es\/index.php?rest_route=\/wp\/v2\/users\/1"}],"replies":[{"embeddable":true,"href":"https:\/\/miradordeatarfe.es\/index.php?rest_route=%2Fwp%2Fv2%2Fcomments&post=78009"}],"version-history":[{"count":2,"href":"https:\/\/miradordeatarfe.es\/index.php?rest_route=\/wp\/v2\/posts\/78009\/revisions"}],"predecessor-version":[{"id":78012,"href":"https:\/\/miradordeatarfe.es\/index.php?rest_route=\/wp\/v2\/posts\/78009\/revisions\/78012"}],"wp:featuredmedia":[{"embeddable":true,"href":"https:\/\/miradordeatarfe.es\/index.php?rest_route=\/wp\/v2\/media\/78010"}],"wp:attachment":[{"href":"https:\/\/miradordeatarfe.es\/index.php?rest_route=%2Fwp%2Fv2%2Fmedia&parent=78009"}],"wp:term":[{"taxonomy":"category","embeddable":true,"href":"https:\/\/miradordeatarfe.es\/index.php?rest_route=%2Fwp%2Fv2%2Fcategories&post=78009"},{"taxonomy":"post_tag","embeddable":true,"href":"https:\/\/miradordeatarfe.es\/index.php?rest_route=%2Fwp%2Fv2%2Ftags&post=78009"}],"curies":[{"name":"wp","href":"https:\/\/api.w.org\/{rel}","templated":true}]}}