{"id":78020,"date":"2025-07-06T10:00:00","date_gmt":"2025-07-06T08:00:00","guid":{"rendered":"https:\/\/miradordeatarfe.es\/?p=78020"},"modified":"2025-07-04T19:18:30","modified_gmt":"2025-07-04T17:18:30","slug":"la-web-juntate-nueva-herramienta-para-combatir-la-soledad-no-deseada-en-personas-mayores-de-granada","status":"publish","type":"post","link":"https:\/\/miradordeatarfe.es\/?p=78020","title":{"rendered":"La web &#8216;J\u00fantate&#8217;, nueva herramienta para combatir la soledad no deseada en personas mayores de Granada"},"content":{"rendered":"\n<p class=\"has-medium-font-size\"><strong>El portal digital viene acompa\u00f1ado del tel\u00e9fono gratuito, el 900 100 300, para que aquellas personas que se sientan en esta situaci\u00f3n<\/strong><\/p>\n\n\n\n<p>La <strong>Junta de Andaluc\u00eda<\/strong> ha presentado este viernes en Granada la web <a href=\"https:\/\/juntate.es\/\" target=\"_blank\" rel=\"noreferrer noopener\">Juntate.es<\/a>, una nueva <strong>herramienta<\/strong> que recoge todos los <strong>recursos<\/strong> que el Gobierno andaluz pone a <strong>disposici\u00f3n de las personas mayores<\/strong> para \u00ab<strong>paliar y combatir la soledad no deseada<\/strong>, as\u00ed como informaci\u00f3n actualizada sobre los proyectos desarrollados por las entidades en las ocho provincias andaluzas en este \u00e1mbito\u00bb.<\/p>\n\n\n\n<p>Este portal digital viene acompa\u00f1ado del tel\u00e9fono gratuito, el 900 100 300, que est\u00e1 <strong>disponible desde el pasado 30 de junio para que aquellas personas que se sientan en situaci\u00f3n de soledad no deseada sean escuchadas<\/strong>, atendidas y orientadas por un equipo profesional hacia el recurso que mejor pueda ayudarle. Este servicio estar\u00e1 disponible de lunes a viernes, en horario de 08:00 a 20:00 horas.<\/p>\n\n\n\n<p>La delegada de Inclusi\u00f3n Social, Juventud, Familias e Igualdad de la Junta en Granada, Matilde Ortiz ha se\u00f1alado que identificar y combatir la soledad no deseada es un objetivo \u00abprioritario\u00bb del Gobierno andaluz, ya que <strong>actualmente en Andaluc\u00eda \u00abhay 1,5 millones de personas mayores de 65 a\u00f1os<\/strong>, y la previsi\u00f3n es que, para el a\u00f1o 2050, uno de cada tres andaluces sea mayor de 65&#8243;.<\/p>\n\n\n\n<p>Ante esta situaci\u00f3n se pone en marcha la web, una herramienta que da a conocer todos los recursos disponibles para las personas mayores, sus familias, entidades y profesionales, para hacer frente a la soledad no deseada, en un momento en el que la sociedad \u00abest\u00e1 ante un cambio de paradigma: <strong>la pir\u00e1mide poblacional se invierte y cada vez hay m\u00e1s personas mayores a las que atender<\/strong>\u00ab.<\/p>\n\n\n\n<p>En este sentido, ha apuntado que esta nueva herramienta, con la que la Junta da un paso m\u00e1s para paliar la \u00abnueva pandemia\u00bb de soledad no deseada, se enmarca <strong>en la imagen corporativa <\/strong><em><strong>J\u00fantate<\/strong><\/em>, que, seg\u00fan ha explicado, \u00ab<strong>engloba todas las acciones del Gobierno andaluz encaminadas a reducir los niveles de prevalencia de soledad no deseada<\/strong>; fomentar una vida activa y saludable; prevenir la dependencia y el deterioro cognitivo y derribar estereotipos\u00bb bajo el lema &#8216;Si te sientes en soledad, Andaluc\u00eda te acompa\u00f1a&#8217;.<\/p>\n\n\n\n<p>Sobre la web, ha puesto de manifiesto que se trata de una<strong> herramienta \u00abparticipativa, accesible e intuitiva\u00bb<\/strong> en la que las personas mayores pueden encontrar informaci\u00f3n sobre los recursos de la Junta, como los Centros de Participaci\u00f3n Activa o la Tarjeta Andaluc\u00eda 65, as\u00ed como las \u00faltimas noticias de inter\u00e9s, directorios, actividades, consejos para el envejecimiento saludable, v\u00eddeos o infograf\u00edas, entre otros.<\/p>\n\n\n\n<p>Adem\u00e1s, este nuevo portal digital incluye <strong>pautas para que los familiares puedan identificar y actuar ante posibles situaciones de soledad no deseada,<\/strong> as\u00ed como un espacio colaborativo para instituciones, fundaciones y entidades, a las que la directora general de Personas Mayores ha agradecido \u00absu gran labor diaria, fundamental para llegar a todos los puntos de Andaluc\u00eda.<\/p>\n\n\n\n<p><strong>REDACCI\u00d3N DE GRANADA HOY<\/strong><\/p>\n\n\n\n<p>FOTO: Imagen de la presentaci\u00f3n de la web para combatir la soledad no deseada en Granada \/ G. H.<\/p>\n\n\n\n<p><a href=\"https:\/\/www.granadahoy.com\/granada\/web-juntate-nueva-herramienta-combatir_0_2004284550.html\">https:\/\/www.granadahoy.com\/granada\/web-juntate-nueva-herramienta-combatir_0_2004284550.html<\/a><\/p>\n","protected":false},"excerpt":{"rendered":"<p>El portal digital viene acompa\u00f1ado del tel\u00e9fono gratuito, el 900 100 300, para que aquellas&#8230;<\/p>\n","protected":false},"author":1,"featured_media":78021,"comment_status":"closed","ping_status":"closed","sticky":false,"template":"","format":"standard","meta":{"_coblocks_attr":"","_coblocks_dimensions":"","_coblocks_responsive_height":"","_coblocks_accordion_ie_support":"","jetpack_post_was_ever_published":false,"_jetpack_newsletter_access":"","_jetpack_dont_email_post_to_subs":false,"_jetpack_newsletter_tier_id":0,"_jetpack_memberships_contains_paywalled_content":false,"_jetpack_memberships_contains_paid_content":false,"footnotes":"","jetpack_publicize_message":"","jetpack_publicize_feature_enabled":true,"jetpack_social_post_already_shared":true,"jetpack_social_options":{"image_generator_settings":{"template":"highway","default_image_id":0,"enabled":false},"version":2}},"categories":[10791,1161,44,10],"tags":[],"class_list":["post-78020","post","type-post","status-publish","format-standard","has-post-thumbnail","hentry","category-andalucia","category-ciudadania","category-noticias-de-hoy","category-salud"],"jetpack_publicize_connections":[],"jetpack_featured_media_url":"https:\/\/i0.wp.com\/miradordeatarfe.es\/wp-content\/uploads\/2025\/07\/918ba0f5-1bd3-4358-90c1-bc03e303f962_16-9-aspect-ratio_1600w_0.webp?fit=1600%2C900&ssl=1","jetpack_likes_enabled":true,"jetpack_sharing_enabled":true,"_links":{"self":[{"href":"https:\/\/miradordeatarfe.es\/index.php?rest_route=\/wp\/v2\/posts\/78020","targetHints":{"allow":["GET"]}}],"collection":[{"href":"https:\/\/miradordeatarfe.es\/index.php?rest_route=\/wp\/v2\/posts"}],"about":[{"href":"https:\/\/miradordeatarfe.es\/index.php?rest_route=\/wp\/v2\/types\/post"}],"author":[{"embeddable":true,"href":"https:\/\/miradordeatarfe.es\/index.php?rest_route=\/wp\/v2\/users\/1"}],"replies":[{"embeddable":true,"href":"https:\/\/miradordeatarfe.es\/index.php?rest_route=%2Fwp%2Fv2%2Fcomments&post=78020"}],"version-history":[{"count":1,"href":"https:\/\/miradordeatarfe.es\/index.php?rest_route=\/wp\/v2\/posts\/78020\/revisions"}],"predecessor-version":[{"id":78022,"href":"https:\/\/miradordeatarfe.es\/index.php?rest_route=\/wp\/v2\/posts\/78020\/revisions\/78022"}],"wp:featuredmedia":[{"embeddable":true,"href":"https:\/\/miradordeatarfe.es\/index.php?rest_route=\/wp\/v2\/media\/78021"}],"wp:attachment":[{"href":"https:\/\/miradordeatarfe.es\/index.php?rest_route=%2Fwp%2Fv2%2Fmedia&parent=78020"}],"wp:term":[{"taxonomy":"category","embeddable":true,"href":"https:\/\/miradordeatarfe.es\/index.php?rest_route=%2Fwp%2Fv2%2Fcategories&post=78020"},{"taxonomy":"post_tag","embeddable":true,"href":"https:\/\/miradordeatarfe.es\/index.php?rest_route=%2Fwp%2Fv2%2Ftags&post=78020"}],"curies":[{"name":"wp","href":"https:\/\/api.w.org\/{rel}","templated":true}]}}