{"id":78025,"date":"2025-07-12T09:32:00","date_gmt":"2025-07-12T07:32:00","guid":{"rendered":"https:\/\/miradordeatarfe.es\/?p=78025"},"modified":"2025-07-10T09:41:07","modified_gmt":"2025-07-10T07:41:07","slug":"el-hombre-de-la-basura","status":"publish","type":"post","link":"https:\/\/miradordeatarfe.es\/?p=78025","title":{"rendered":"El hombre de la basura"},"content":{"rendered":"\n<p><strong>Hace ya bastantes a\u00f1os, alguien -no recuerdo qui\u00e9n- me dijo: \u201cAunque te pueda parecer aburrida, la secci\u00f3n econ\u00f3mica de un peri\u00f3dico suele ser de las m\u00e1s instructivas. Refleja fielmente c\u00f3mo podr\u00eda ser el devenir en tu trabajo y en tu econom\u00eda casera. <\/strong><\/p>\n\n\n\n<p>Las noticias de esas secciones suelen guardar informaci\u00f3n &#8216;escondida&#8217; que a poco la sepas interpretar te puede ahorrar m\u00e1s de un disgusto en el futuro adem\u00e1s de alg\u00fan dinerillo\u00bb. Y no iba muy desencaminado qui\u00e9n me aconsej\u00f3 aquello. Ya se sabe que cualquier acontecimiento a nivel mundial o decisi\u00f3n pol\u00edtica puede provocar terremotos econ\u00f3micos de grandes dimensiones que al final acaban por afectar a nuestros bolsillos de una manera u otra y a nuestra vida y entorno.<\/p>\n\n\n\n<p>Fue precisamente en una de ellas donde hace poco le\u00eda una noticia, cuanto menos curiosa y relevante, y que nada tiene que ver, al menos en apariencia, con la econom\u00eda.<\/p>\n\n\n\n<p>\u00bfSe imaginan que al ir a depositar su basura en un contenedor, este le pidiera su DNI? Igual se est\u00e1n destornillando de la risa pero les estoy hablando muy en serio. Eso est\u00e1 ya ocurriendo, los llaman &#8216;contenedores inteligentes&#8217;. A cualquier chisme, trasto o aparato que no hable pero est\u00e9 programado por el ser humano para &#8216;hacer algo&#8217;, ya le llaman inteligente. En Gerona y en la regi\u00f3n de Navarra ya han sido implantados y pr\u00f3ximamente lo ser\u00e1n en Barcelona y Tarrasa.<\/p>\n\n\n\n<p>Concretamente, en la web del Ayuntamiento de Gerona se puede leer que estos contenedores s\u00f3lo se abren desde las 7 de la ma\u00f1ana hasta las 10 de la noche. Las zonas d\u00f3nde est\u00e1n ubicados constan de 2 contenedores, uno de ellos solo para basura org\u00e1nica -la de toda la vida- y otro para el resto de materiales -vidrio, pl\u00e1stico, papel, etc.-, que se va alternando seg\u00fan un calendario preestablecido.<\/p>\n\n\n\n<p>Resumiendo, hay un d\u00eda para cada tipo de residuo que necesitemos tirar. Los lunes papel, los martes vidrio, los mi\u00e9rcoles material sanitario, etc. Por si ten\u00edamos pocos calendarios y agendas, uno m\u00e1s. Terminaremos por ponernos recordatorios en el m\u00f3vil avis\u00e1ndonos de cuando nos toca tirar esta basura o aquel tetrabrik o caja de cart\u00f3n.<\/p>\n\n\n\n<p>Todo esto, aunque pueda sonar a anteayer, se implement\u00f3 en Navarra en oto\u00f1o de 2021. Y no parece estar gustando demasiado al ciudadano, al menos en Gerona, donde muestran su descontento arrojando la basura al lado de dichos contenedores. Al parecer, tambi\u00e9n dan continuos fallos y muchas veces no se abren. Y con esto y un poquito de cabreo y malestar, pues ya tenemos la \u201ctormenta perfecta\u201d.<\/p>\n\n\n\n<p>\u00bfRecuerdan, los m\u00e1s metidos en a\u00f1os de mis lectores, cuando no exist\u00edan en las calles contenedores, ni tontos ni inteligentes? En muchos barrios, especialmente en aquellos con edificios de cierta antig\u00fcedad, exist\u00eda la figura del encargado de la basura. No era un servicio municipal mecanizado como el de ahora, sino una labor vecinal organizada con precisi\u00f3n casi ritual.<\/p>\n\n\n\n<p>Cada tarde, a una hora establecida, un trabajador pasaba con su carro, sacaba los cubos de basura y los dejaba ordenadamente en la acera. A la ma\u00f1ana siguiente, antes de que la ciudad despertara por completo, regresaba a devolverlos a su sitio. Todo esto ocurr\u00eda con una naturalidad que ahora, en la era de los contenedores y los camiones automatizados, nos resulta casi inconcebible. El hombre de la basura le llam\u00e1bamos.<\/p>\n\n\n\n<p>El que sacaba la basura en nuestro bloque se llamaba, si no recuerdo mal, Francisco. Generalmente hablaba poco. Llegaba, hac\u00eda su trabajo y se marchaba hasta el d\u00eda siguiente. A veces se paraba con alg\u00fan vecino pero nosotros, los m\u00e1s j\u00f3venes apenas pas\u00e1bamos de un &#8216;buenos d\u00edas&#8217; o &#8216;buenas tardes&#8217; si encartaba.<\/p>\n\n\n\n<p>Eran otros tiempos, donde el reciclaje apenas exist\u00eda y si lo hab\u00eda no estaba tan mercantilizado como ahora. Terminabas una caja de quintos de cerveza, llevabas los envases vac\u00edos al supermercado y por dicha entrega te hac\u00edan un descuento para los pr\u00f3ximos que te llevaras. Ahora tienes que llevarlos al contenedor verde y encima dar las gracias porque a alguien se le haya ocurrido ponerlo ah\u00ed para que podamos reciclar. Y si no lo haces te origina tal cargo de conciencia que te impide dormir. Este es otro tema que da para mucho.<\/p>\n\n\n\n<p>Lo que antes era un acto sencillo y natural \u2014sacar la basura a la hora establecida\u2014 se ha convertido en un proceso burocr\u00e1tico, impersonal y muchas veces frustrante. Estos contenedores inteligentes, que supuestamente buscan un mejor control de los residuos y la reducci\u00f3n de vertidos inadecuados, han a\u00f1adido una barrera m\u00e1s entre los ciudadanos y su entorno. Antes, el simple hecho de bajar la basura pod\u00eda ser una excusa para cruzarse con un vecino y compartir unas palabras o conversaci\u00f3n. Ahora nos encontramos ante m\u00e1quinas que registran nuestros h\u00e1bitos presentando nuestro DNI y nos recuerdan, con su frialdad mec\u00e1nica, que la ciudad ya no es un espacio de convivencia, sino un entramado de normas y restricciones.<\/p>\n\n\n\n<p>Entre esas peque\u00f1as grandes p\u00e9rdidas que nos ha causado el avance y la modernidad, hay dos que a menudo me invaden con un cierto sentimiento de nostalgia: la desaparici\u00f3n de los antiguos porteros de edificio y de estos hombres de la basura. Eran figuras discretas, pero fundamentales, que tej\u00edan con su presencia una red de seguridad y familiaridad en las calles que hoy parecen cada vez m\u00e1s an\u00f3nimas.<\/p>\n\n\n\n<p>Estos trabajadores eran personajes silenciosos pero indispensables, una especie de memoria viviente del barrio. Conoc\u00edan sus rincones, sus cambios y sus habitantes. Formaban parte del engranaje invisible de la ciudad. Si les digo la verdad, yo los echo de menos y los prefiero a los contenedores actuales y, a\u00fan m\u00e1s si cabe, a los &#8216;inteligentes&#8217;. De lo de reciclar, ya hablamos otro d\u00eda.<\/p>\n\n\n\n<p><a href=\"https:\/\/www.granadadigital.es\/columnista\/juan-carlos-uribe\/\"><strong>Juan Carlos Uribe<\/strong><\/a><\/p>\n\n\n\n<p>FOTO: Los residuos, protagonistas de nuevas iniciativas &#8216;inteligentes&#8217;<br \/>Foto: Remitida<\/p>\n\n\n\n<p><a href=\"https:\/\/www.granadadigital.es\/opinion-hombre-basura\">https:\/\/www.granadadigital.es\/opinion-hombre-basura<\/a><\/p>\n","protected":false},"excerpt":{"rendered":"<p>Hace ya bastantes a\u00f1os, alguien -no recuerdo qui\u00e9n- me dijo: \u201cAunque te pueda parecer aburrida,&#8230;<\/p>\n","protected":false},"author":1,"featured_media":78026,"comment_status":"closed","ping_status":"closed","sticky":false,"template":"","format":"standard","meta":{"_coblocks_attr":"","_coblocks_dimensions":"","_coblocks_responsive_height":"","_coblocks_accordion_ie_support":"","jetpack_post_was_ever_published":false,"_jetpack_newsletter_access":"","_jetpack_dont_email_post_to_subs":false,"_jetpack_newsletter_tier_id":0,"_jetpack_memberships_contains_paywalled_content":false,"_jetpack_memberships_contains_paid_content":false,"footnotes":"","jetpack_publicize_message":"","jetpack_publicize_feature_enabled":true,"jetpack_social_post_already_shared":true,"jetpack_social_options":{"image_generator_settings":{"template":"highway","default_image_id":0,"enabled":false},"version":2}},"categories":[1161,186,44,6937],"tags":[],"class_list":["post-78025","post","type-post","status-publish","format-standard","has-post-thumbnail","hentry","category-ciudadania","category-instituciones","category-noticias-de-hoy","category-sociedad"],"jetpack_publicize_connections":[],"jetpack_featured_media_url":"https:\/\/i0.wp.com\/miradordeatarfe.es\/wp-content\/uploads\/2025\/07\/WhatsApp-Image-2025-06-30-at-08.29.37.webp?fit=640%2C427&ssl=1","jetpack_likes_enabled":true,"jetpack_sharing_enabled":true,"_links":{"self":[{"href":"https:\/\/miradordeatarfe.es\/index.php?rest_route=\/wp\/v2\/posts\/78025","targetHints":{"allow":["GET"]}}],"collection":[{"href":"https:\/\/miradordeatarfe.es\/index.php?rest_route=\/wp\/v2\/posts"}],"about":[{"href":"https:\/\/miradordeatarfe.es\/index.php?rest_route=\/wp\/v2\/types\/post"}],"author":[{"embeddable":true,"href":"https:\/\/miradordeatarfe.es\/index.php?rest_route=\/wp\/v2\/users\/1"}],"replies":[{"embeddable":true,"href":"https:\/\/miradordeatarfe.es\/index.php?rest_route=%2Fwp%2Fv2%2Fcomments&post=78025"}],"version-history":[{"count":1,"href":"https:\/\/miradordeatarfe.es\/index.php?rest_route=\/wp\/v2\/posts\/78025\/revisions"}],"predecessor-version":[{"id":78027,"href":"https:\/\/miradordeatarfe.es\/index.php?rest_route=\/wp\/v2\/posts\/78025\/revisions\/78027"}],"wp:featuredmedia":[{"embeddable":true,"href":"https:\/\/miradordeatarfe.es\/index.php?rest_route=\/wp\/v2\/media\/78026"}],"wp:attachment":[{"href":"https:\/\/miradordeatarfe.es\/index.php?rest_route=%2Fwp%2Fv2%2Fmedia&parent=78025"}],"wp:term":[{"taxonomy":"category","embeddable":true,"href":"https:\/\/miradordeatarfe.es\/index.php?rest_route=%2Fwp%2Fv2%2Fcategories&post=78025"},{"taxonomy":"post_tag","embeddable":true,"href":"https:\/\/miradordeatarfe.es\/index.php?rest_route=%2Fwp%2Fv2%2Ftags&post=78025"}],"curies":[{"name":"wp","href":"https:\/\/api.w.org\/{rel}","templated":true}]}}