{"id":78028,"date":"2025-07-08T09:41:00","date_gmt":"2025-07-08T07:41:00","guid":{"rendered":"https:\/\/miradordeatarfe.es\/?p=78028"},"modified":"2025-07-07T13:50:35","modified_gmt":"2025-07-07T11:50:35","slug":"los-viajes-del-imserso-para-2026","status":"publish","type":"post","link":"https:\/\/miradordeatarfe.es\/?p=78028","title":{"rendered":"LOS VIAJES DEL IMSERSO PARA 2026"},"content":{"rendered":"\n<p class=\"has-medium-font-size\"><strong>La gran novedad que llega a los viajes del Imserso: una de las m\u00e1s esperadas por jubilados y pensionistas.Desde el pasado 1 de julio est\u00e1 abierto el plazo de inscripci\u00f3n para los viajes del Imserso 2025-2026, que incorpora novedades en su programa.<\/strong><\/p>\n\n\n\n<p>Desde el pasado&nbsp;<strong>1 de julio est\u00e1 abierto el plazo de inscripci\u00f3n para los viajes del Imserso 2025-2026<\/strong>.<a href=\"https:\/\/www.20minutos.es\/viajes\/actualidad\/viajes-mas-baratos-imserso-5727010\/\"> Jubilados y pensionistas mayores de 55 a\u00f1os podr\u00e1n ya solicitar su plaza<\/a> para poder obtener as\u00ed uno de los m\u00e1s de 800.000 viajes subvencionados que ofrece el gobierno de Espa\u00f1a. <strong>Las peticiones se podr\u00e1n realizar hasta el pr\u00f3ximo 23 de julio <\/strong>y elegir as\u00ed opciones que comenzar\u00e1n desde octubre y se extender\u00e1 hasta el junio de 2026. Este a\u00f1o, adem\u00e1s, los usuarios contar\u00e1 con novedades, entre las que destacan <strong>la posibilidad de viajar con su animal de compa\u00f1\u00eda.<\/strong><\/p>\n\n\n\n<h2 class=\"wp-block-heading\">La novedad para el Imserso 2026: viajar con tu mascota<\/h2>\n\n\n\n<p>Gracias a la nueva normativa, los jubilados y pensionistas podr\u00e1n irse de <strong>viaje tanto a la costa peninsular como a la costa insular con sus&nbsp;animales&nbsp; dom\u00e9sticos <\/strong>para mantener sus cuidados. No obstante, estos deber\u00e1n cumplir unos criterios con base en el peso del animal, que no deber\u00e1 superar los <strong>10 kilogramos de peso con transport\u00edn incluido<\/strong>.&nbsp;<\/p>\n\n\n\n<h2 class=\"wp-block-heading\">La otra gran novedad: plazas a 50 euros<\/h2>\n\n\n\n<figure class=\"wp-block-image\"><a href=\"https:\/\/www.seedtag.com\/?utm_source=seedtag_publisher&amp;utm_medium=seedtag_tag&amp;utm_campaign=tag\" target=\"_blank\" rel=\"noreferrer noopener\"><img data-recalc-dims=\"1\" decoding=\"async\" src=\"https:\/\/i0.wp.com\/imagenes.20minutos.es\/files\/image_640_480\/uploads\/imagenes\/2025\/05\/16\/viajes-del-imserso.jpeg?w=640&#038;ssl=1\" alt=\"Viajes del Imserso\"\/><\/a><figcaption class=\"wp-element-caption\">Viajes del Imserso<\/figcaption><\/figure>\n\n\n\n<p>Adem\u00e1s de los viajes con animales de compa\u00f1\u00eda, el Imserso tambi\u00e9n ha incorporado una novedad econ\u00f3mica positiva para el bienestar de los mayores. En la nueva temporada, <strong>7.447 plazas tendr\u00e1n un coste de 50 euros<\/strong> para aquellas <a href=\"https:\/\/www.20minutos.es\/noticia\/5726188\/0\/gobierno-vuelve-reducir-descuento-reforzado-bono-electrico-por-inflacion-42-5-para-vulnerables-57-5-para-severos\/\">personas que dispongan de una pensi\u00f3n baja.&nbsp;<\/a><\/p>\n\n\n\n<h2 class=\"wp-block-heading has-medium-font-size\"><strong>\u00abSe destinar\u00e1n a personas con recursos econ\u00f3micos iguales o inferiores al importe de las pensiones no contributivas de jubilaci\u00f3n o invalidez de la Seguridad Social\u00bb<\/strong>, han explicado desde el programa. Estas personas podr\u00e1n elegir cualquier destino que se distribuya en los lotes y modalidad es de viajes que ofrecen en la nueva temporada.\u00a0<\/h2>\n\n\n\n<h2 class=\"wp-block-heading\">Lotes y precios para el Imserso 2026<\/h2>\n\n\n\n<p>La nueva programaci\u00f3n de viajes del Imserso 2026 cuenta con&nbsp;<strong>879.213 plazas subvencionadas <\/strong>que se reparten por lotes. En el lote 1 se agrupa la mayor parte de las plazas, un total de&nbsp;440.284, el lote 2 dispone de 228.142 y el lote 3 tendr\u00e1 210.787 plazas.&nbsp;<\/p>\n\n\n\n<figure class=\"wp-block-image\"><img data-recalc-dims=\"1\" decoding=\"async\" src=\"https:\/\/i0.wp.com\/imagenes.20minutos.es\/files\/image_640_480\/uploads\/imagenes\/2024\/09\/19\/la-alternativa-de-el-corte-ingles-al-imserso-con-viajes-para-mayores-de-60-anos.jpeg?w=640&#038;ssl=1\" alt=\"Viajar con el Imserso: \u00bfqu\u00e9 precios tiene?\"\/><figcaption class=\"wp-element-caption\">Viajar con el Imserso: \u00bfqu\u00e9 precios tiene?<\/figcaption><\/figure>\n\n\n\n<p>Estos viajes del Imserso se caracterizan por la divisi\u00f3n de tres bloques entre los que los pensionistas pueden elegir. As\u00ed pues, tienen como opci\u00f3n la <strong>costa peninsular (lote 1)<\/strong> que comprende&nbsp;Andaluc\u00eda, Catalu\u00f1a, Comunidad Valenciana y Murcia o <strong>la costa insular (lote 2)<\/strong>, que <a href=\"https:\/\/www.20minutos.es\/viajes\/destinos\/destinos-mas-baratos-viajes-imserso-2025-5668648\/\">cuenta a Islas Baleares e Islas Canarias de 8 a 10 d\u00edas<\/a> que puede llegar a <strong>un precio 200 a 500 euros<\/strong> dependiendo del tipo de estancia y si se cuenta con o sin transporte. Y, es que, este a\u00f1o, tambi\u00e9n como novedad, los pensionistas deber\u00e1n contar con que l<strong>a temporada alta tendr\u00e1 un sobrecoste de 100 euros.&nbsp;<\/strong><\/p>\n\n\n\n\n","protected":false},"excerpt":{"rendered":"<p>La gran novedad que llega a los viajes del Imserso: una de las m\u00e1s esperadas&#8230;<\/p>\n","protected":false},"author":1,"featured_media":78029,"comment_status":"closed","ping_status":"closed","sticky":false,"template":"","format":"standard","meta":{"_coblocks_attr":"","_coblocks_dimensions":"","_coblocks_responsive_height":"","_coblocks_accordion_ie_support":"","jetpack_post_was_ever_published":false,"_jetpack_newsletter_access":"","_jetpack_dont_email_post_to_subs":false,"_jetpack_newsletter_tier_id":0,"_jetpack_memberships_contains_paywalled_content":false,"_jetpack_memberships_contains_paid_content":false,"footnotes":"","jetpack_publicize_message":"","jetpack_publicize_feature_enabled":true,"jetpack_social_post_already_shared":true,"jetpack_social_options":{"image_generator_settings":{"template":"highway","default_image_id":0,"enabled":false},"version":2}},"categories":[1161,186,44,6937],"tags":[],"class_list":["post-78028","post","type-post","status-publish","format-standard","has-post-thumbnail","hentry","category-ciudadania","category-instituciones","category-noticias-de-hoy","category-sociedad"],"jetpack_publicize_connections":[],"jetpack_featured_media_url":"https:\/\/i0.wp.com\/miradordeatarfe.es\/wp-content\/uploads\/2025\/07\/mascotas-viajes-imserso-mayores.webp?fit=990%2C556&ssl=1","jetpack_likes_enabled":true,"jetpack_sharing_enabled":true,"_links":{"self":[{"href":"https:\/\/miradordeatarfe.es\/index.php?rest_route=\/wp\/v2\/posts\/78028","targetHints":{"allow":["GET"]}}],"collection":[{"href":"https:\/\/miradordeatarfe.es\/index.php?rest_route=\/wp\/v2\/posts"}],"about":[{"href":"https:\/\/miradordeatarfe.es\/index.php?rest_route=\/wp\/v2\/types\/post"}],"author":[{"embeddable":true,"href":"https:\/\/miradordeatarfe.es\/index.php?rest_route=\/wp\/v2\/users\/1"}],"replies":[{"embeddable":true,"href":"https:\/\/miradordeatarfe.es\/index.php?rest_route=%2Fwp%2Fv2%2Fcomments&post=78028"}],"version-history":[{"count":1,"href":"https:\/\/miradordeatarfe.es\/index.php?rest_route=\/wp\/v2\/posts\/78028\/revisions"}],"predecessor-version":[{"id":78030,"href":"https:\/\/miradordeatarfe.es\/index.php?rest_route=\/wp\/v2\/posts\/78028\/revisions\/78030"}],"wp:featuredmedia":[{"embeddable":true,"href":"https:\/\/miradordeatarfe.es\/index.php?rest_route=\/wp\/v2\/media\/78029"}],"wp:attachment":[{"href":"https:\/\/miradordeatarfe.es\/index.php?rest_route=%2Fwp%2Fv2%2Fmedia&parent=78028"}],"wp:term":[{"taxonomy":"category","embeddable":true,"href":"https:\/\/miradordeatarfe.es\/index.php?rest_route=%2Fwp%2Fv2%2Fcategories&post=78028"},{"taxonomy":"post_tag","embeddable":true,"href":"https:\/\/miradordeatarfe.es\/index.php?rest_route=%2Fwp%2Fv2%2Ftags&post=78028"}],"curies":[{"name":"wp","href":"https:\/\/api.w.org\/{rel}","templated":true}]}}