{"id":78031,"date":"2025-07-10T09:00:00","date_gmt":"2025-07-10T07:00:00","guid":{"rendered":"https:\/\/miradordeatarfe.es\/?p=78031"},"modified":"2025-07-07T13:23:16","modified_gmt":"2025-07-07T11:23:16","slug":"la-eurocopa-femenina-mas-que-una-competicion","status":"publish","type":"post","link":"https:\/\/miradordeatarfe.es\/?p=78031","title":{"rendered":"La Eurocopa Femenina: m\u00e1s que una competici\u00f3n"},"content":{"rendered":"\n<p class=\"has-medium-font-size\"><strong>M\u00e1s all\u00e1 de los goles y las jugadas, la Eurocopa Femenina se ha convertido en una plataforma que refleja el crecimiento, la visibilidad y el cambio cultural que est\u00e1 viviendo el f\u00fatbol femenino en toda Europa y el mundo.<\/strong><\/p>\n\n\n\n<p>La Eurocopa Femenina se ha consolidado como un punto de inflexi\u00f3n en la historia del deporte femenino. No se trata solo de un torneo, sino de un fen\u00f3meno social que refleja un cambio profundo en la percepci\u00f3n, la valoraci\u00f3n y la presencia de las mujeres en el f\u00fatbol y, por extensi\u00f3n, en el deporte profesional.<br \/><br \/>Este cambio queda patente en cifras contundentes a\u00f1o tras a\u00f1o. La Eurocopa de 2022, celebrada en Inglaterra, reuni\u00f3 frente a las pantallas a 365 millones de espectadores a nivel global, m\u00e1s del doble que en la edici\u00f3n anterior. La final entre Inglaterra y Alemania, con 50 millones de espectadores, se convirti\u00f3 en el partido femenino m\u00e1s visto hasta la fecha. Adem\u00e1s, la interacci\u00f3n en redes sociales alcanz\u00f3 niveles in\u00e9ditos, con m\u00e1s de 453 millones de interacciones y un crecimiento explosivo en plataformas como TikTok, donde el hashtag #WEURO2022 super\u00f3 los mil millones de visualizaciones.<\/p>\n\n\n\n<figure class=\"wp-block-image\" id=\"cuatro\"><img data-recalc-dims=\"1\" height=\"359\" width=\"640\" decoding=\"async\" src=\"https:\/\/i0.wp.com\/www.ideal.es\/contentfactory\/post\/wp-content\/uploads\/2025\/07\/AdobeStock_707193896-1024x574.webp?resize=640%2C359&#038;ssl=1\" alt=\"\"\/><\/figure>\n\n\n\n<p>Este auge en la atenci\u00f3n p\u00fablica va acompa\u00f1ado de un incremento paralelo en la base de chicas que lo practican. En Espa\u00f1a, el n\u00famero de licencias federativas femeninas alcanz\u00f3 las 107.853 en la temporada 2023\/24, superando por primera vez la barrera de las 100.000 y registrando un crecimiento del 23% en solo un a\u00f1o. Desde 2012, el aumento es a\u00fan m\u00e1s notable: un 191% de crecimiento que refleja la consolidaci\u00f3n del f\u00fatbol femenino como una pr\u00e1ctica deportiva masiva. La Comunidad de Madrid destaca como motor de este crecimiento, con un alza del 41% en cinco a\u00f1os y casi 15.000 licencias activas.<br \/><br \/>El respaldo institucional, los programas de fomento y las campa\u00f1as de visibilizaci\u00f3n han sido fundamentales, pero no menos decisivo ha sido el impacto social y cultural. El \u2018Bar\u00f3metro de \u00cddolas del Deporte Espa\u00f1ol\u2019, primer estudio que mide el \u00edndice de admiraci\u00f3n hacia las deportistas nacionales sit\u00faa a las actuales campeonas del mundo de f\u00fatbol \u2014Alexia Putellas, Aitana Bonmat\u00ed, Jennifer Hermoso, Olga Carmona y Salma Paralluelo\u2014 entre las deportistas m\u00e1s admiradas. Este fen\u00f3meno no solo confirma el poder medi\u00e1tico de estas atletas, sino que subraya su papel como referentes para miles de j\u00f3venes que ahora sue\u00f1an con pisar un terreno de juego.<\/p>\n\n\n\n<figure class=\"wp-block-image\" id=\"cuatro\"><img data-recalc-dims=\"1\" height=\"427\" width=\"640\" decoding=\"async\" src=\"https:\/\/i0.wp.com\/www.ideal.es\/contentfactory\/post\/wp-content\/uploads\/2025\/07\/AdobeStock_930019732-1024x683.webp?resize=640%2C427&#038;ssl=1\" alt=\"\"\/><\/figure>\n\n\n\n<p>La Eurocopa femenina, por tanto, es mucho m\u00e1s que un campeonato: es un espejo que refleja la transformaci\u00f3n social en tiempo real. Cada pase, cada gol y cada parada no solo cuentan puntos en un marcador, sino que suman a la construcci\u00f3n de un relato colectivo sobre igualdad, visibilidad y derechos. En un mundo donde el deporte femenino ha permanecido demasiado tiempo al margen, este torneo funciona como plataforma para debates esenciales sobre igualdad salarial, condiciones profesionales y oportunidades de futuro.<\/p>\n\n\n\n<figure class=\"wp-block-image\" id=\"cuatro\"><img data-recalc-dims=\"1\" height=\"427\" width=\"640\" decoding=\"async\" src=\"https:\/\/i0.wp.com\/www.ideal.es\/contentfactory\/post\/wp-content\/uploads\/2025\/07\/jeffrey-f-lin-F583AX3HC0c-unsplash-1024x683.webp?resize=640%2C427&#038;ssl=1\" alt=\"\"\/><\/figure>\n\n\n\n<p>La selecci\u00f3n espa\u00f1ola, campeona del mundo, llega a Suiza con una generaci\u00f3n que no solo ha aprendido a ganar, sino tambi\u00e9n a liderar. Con nombres como Alexia Putellas, Aitana Bonmat\u00ed, Olga Carmona o Salma Paralluelo al frente, el equipo representa algo m\u00e1s que talento: encarna un modelo, una inspiraci\u00f3n, una nueva manera de estar en el mundo.<br \/><br \/>Porque la verdadera victoria no se mide solo en t\u00edtulos ni en cifras de audiencia, sino en cada ni\u00f1a que se calza unas botas convencida de que tambi\u00e9n puede estar ah\u00ed. En cada conversaci\u00f3n que deja atr\u00e1s los prejuicios. Y en cada peque\u00f1o avance que nos acerca a una idea m\u00e1s justa del deporte: una donde el talento no tenga g\u00e9nero y los sue\u00f1os no necesiten permiso. Si el bal\u00f3n rueda sin distinci\u00f3n, \u00bfpor qu\u00e9 seguir poniendo barreras nosotros?<\/p>\n\n\n\n<p><h3>Carlos Jimenez<\/h3><\/p>\n\n\n\n<p><a href=\"https:\/\/www.ideal.es\/contentfactory\/post\/2025\/07\/03\/eurocopa-fem-2-la-eurocopa-femenina-mas-que-una-competicion\/?utm_source=VNEWS&amp;utm_medium=branded&amp;utm_campaign=iberdrola_eurocopa_vnews_cont2&amp;utm_content=iberdrola\">https:\/\/www.ideal.es\/contentfactory\/post\/2025\/07\/03\/eurocopa-fem-2-la-eurocopa-femenina-mas-que-una-competicion\/?utm_source=VNEWS&amp;utm_medium=branded&amp;utm_campaign=iberdrola_eurocopa_vnews_cont2&amp;utm_content=iberdrola<\/a><\/p>\n","protected":false},"excerpt":{"rendered":"<p>M\u00e1s all\u00e1 de los goles y las jugadas, la Eurocopa Femenina se ha convertido en&#8230;<\/p>\n","protected":false},"author":1,"featured_media":78032,"comment_status":"closed","ping_status":"closed","sticky":false,"template":"","format":"standard","meta":{"_coblocks_attr":"","_coblocks_dimensions":"","_coblocks_responsive_height":"","_coblocks_accordion_ie_support":"","jetpack_post_was_ever_published":false,"_jetpack_newsletter_access":"","_jetpack_dont_email_post_to_subs":false,"_jetpack_newsletter_tier_id":0,"_jetpack_memberships_contains_paywalled_content":false,"_jetpack_memberships_contains_paid_content":false,"footnotes":"","jetpack_publicize_message":"","jetpack_publicize_feature_enabled":true,"jetpack_social_post_already_shared":true,"jetpack_social_options":{"image_generator_settings":{"template":"highway","default_image_id":0,"enabled":false},"version":2}},"categories":[1161,14,44],"tags":[],"class_list":["post-78031","post","type-post","status-publish","format-standard","has-post-thumbnail","hentry","category-ciudadania","category-feminismo","category-noticias-de-hoy"],"jetpack_publicize_connections":[],"jetpack_featured_media_url":"https:\/\/i0.wp.com\/miradordeatarfe.es\/wp-content\/uploads\/2025\/07\/toma_general_de_un_estadio_lleno_durante_un_partido_de_la_eurocopa_femenina__xdoul7q1zo85exrhzc54_3.webp?fit=1184%2C896&ssl=1","jetpack_likes_enabled":true,"jetpack_sharing_enabled":true,"_links":{"self":[{"href":"https:\/\/miradordeatarfe.es\/index.php?rest_route=\/wp\/v2\/posts\/78031","targetHints":{"allow":["GET"]}}],"collection":[{"href":"https:\/\/miradordeatarfe.es\/index.php?rest_route=\/wp\/v2\/posts"}],"about":[{"href":"https:\/\/miradordeatarfe.es\/index.php?rest_route=\/wp\/v2\/types\/post"}],"author":[{"embeddable":true,"href":"https:\/\/miradordeatarfe.es\/index.php?rest_route=\/wp\/v2\/users\/1"}],"replies":[{"embeddable":true,"href":"https:\/\/miradordeatarfe.es\/index.php?rest_route=%2Fwp%2Fv2%2Fcomments&post=78031"}],"version-history":[{"count":1,"href":"https:\/\/miradordeatarfe.es\/index.php?rest_route=\/wp\/v2\/posts\/78031\/revisions"}],"predecessor-version":[{"id":78033,"href":"https:\/\/miradordeatarfe.es\/index.php?rest_route=\/wp\/v2\/posts\/78031\/revisions\/78033"}],"wp:featuredmedia":[{"embeddable":true,"href":"https:\/\/miradordeatarfe.es\/index.php?rest_route=\/wp\/v2\/media\/78032"}],"wp:attachment":[{"href":"https:\/\/miradordeatarfe.es\/index.php?rest_route=%2Fwp%2Fv2%2Fmedia&parent=78031"}],"wp:term":[{"taxonomy":"category","embeddable":true,"href":"https:\/\/miradordeatarfe.es\/index.php?rest_route=%2Fwp%2Fv2%2Fcategories&post=78031"},{"taxonomy":"post_tag","embeddable":true,"href":"https:\/\/miradordeatarfe.es\/index.php?rest_route=%2Fwp%2Fv2%2Ftags&post=78031"}],"curies":[{"name":"wp","href":"https:\/\/api.w.org\/{rel}","templated":true}]}}