{"id":78049,"date":"2025-07-09T10:00:00","date_gmt":"2025-07-09T08:00:00","guid":{"rendered":"https:\/\/miradordeatarfe.es\/?p=78049"},"modified":"2025-07-09T13:45:20","modified_gmt":"2025-07-09T11:45:20","slug":"la-toga-borroka-por-agustin-martinez","status":"publish","type":"post","link":"https:\/\/miradordeatarfe.es\/?p=78049","title":{"rendered":"La &#8216;toga borroka&#8217; por Agust\u00edn Mart\u00ednez"},"content":{"rendered":"\n<p class=\"has-medium-font-size\"><strong>Agust\u00edn Mart\u00ednez nos ofrece una brillante reflexi\u00f3n sobre la huelga de jueces y fiscales. No dejes de leerlo<\/strong>.<\/p>\n\n\n\n<p>Parece que la judicatura espa\u00f1ola ha decidido quitarse la venda de los ojos y ponerse la capa de superh\u00e9roes agraviados. Jueces y fiscales han secundado esta semana una huelga, indignados por la reforma del acceso a la judicatura y del estatuto de la Fiscal\u00eda que, seg\u00fan claman, amenaza la independencia judicial. Curioso: jam\u00e1s se les vio tan movilizados cuando se recortaban derechos sociales, se privatizaban servicios p\u00fablicos o se degradaba la justicia con medios insuficientes. Pero \u00a1ay! cuando tocan sus privilegios, saltan como resortes. La \u201ctoga borroka\u201d ha comenzado.<\/p>\n\n\n\n<p>Hace apenas unos d\u00edas, la jerarqu\u00eda eclesi\u00e1stica sali\u00f3 tambi\u00e9n de procesi\u00f3n reivindicativa, alarmada porque se les discute su secular tutela moral sobre el Estado<\/p>\n\n\n\n<p>Y no est\u00e1n solos. Hace apenas unos d\u00edas, la jerarqu\u00eda eclesi\u00e1stica sali\u00f3 tambi\u00e9n de procesi\u00f3n reivindicativa, alarmada porque se les discute su secular tutela moral sobre el Estado. Jueces y obispos\u2026 todos alineados en una ofensiva contra el poder legislativo. No ya contra el Gobierno, como fingen, sino contra el Parlamento que representa la soberan\u00eda popular. Como si la Constituci\u00f3n -esa que tanto dicen venerar- no dijera que la justicia emana del pueblo. No, para ellos la justicia emana de sus despachos y de sus \u00e1rboles geneal\u00f3gicos.<\/p>\n\n\n\n<p>La llamada \u201cdivisi\u00f3n de poderes\u201d les sirve de escudo cuando conviene, aunque lo que en realidad pretenden es mantenerse por encima del bien y del mal. Llevan d\u00e9cadas operando en un limbo de impunidad institucional. Porque conviene recordarlo: el poder judicial es el \u00fanico de los tres grandes poderes del Estado que no ha pasado por un proceso de reforma estructural desde la Transici\u00f3n. Los jueces franquistas, con toga y crucifijo, se acostaron un d\u00eda leales al Movimiento y se levantaron al siguiente dem\u00f3cratas convencidos, sin despeinarse.<\/p>\n\n\n\n<p>Esta huelga no es m\u00e1s que la defensa numantina de una casta. De un cuerpo que quiere seguir controlando sus procesos de selecci\u00f3n, su escalaf\u00f3n, su autonom\u00eda corporativa, como si se tratase de una logia inatacable. Lo que est\u00e1 en juego no es la independencia judicial, sino la impunidad del poder judicial ante cualquier forma de control democr\u00e1tico. Y ah\u00ed aparece Aznar, el estratega en la sombra, resucitando su c\u00e9lebre \u201cquien pueda hacer que haga\u201d, convertido en eslogan de este levantamiento togado.<\/p>\n\n\n\n<p>La \u201cbrutal agresi\u00f3n\u201d hacia el poder judicial que ha llevado a un buen n\u00famero de jueces y fiscales a la huelga, consiste en modificar la f\u00f3rmula de acceso a la carrera y que en lugar de una dur\u00edsima oposici\u00f3n, en la que nuestros jueces \u201csolo\u201d tienen que acreditar tener una memoria de elefante, en el futuro sigan teniendo que demostrar ese conocimiento profundo de los c\u00f3digos, pero tambi\u00e9n demuestren que adem\u00e1s de memoria, poseen la habilidad para aplicar lo que han aprendido a trav\u00e9s de una prueba pr\u00e1ctica. No parece que tal modificaci\u00f3n sea un atentado cotra el Estado de Derecho, teniendo en cuenta que todos conocemos a jueces con menos habilidades sociales que una almeja y menos contacto con la realidad que la c\u00e1mara esterilizada de un laboratorio.<\/p>\n\n\n\n<p>Tambi\u00e9n parece que ha molestado mucho a sus se\u00f1or\u00edas que la nueva ley pretenda poner en marcha una academia p\u00fablica que prepare a los opositores aspirantes a jueces, lo que sin duda supondr\u00e1 un serio menoscabo en esos ingresos at\u00edpicos que muchos de nuestros pr\u00f3ceres judiciales perciben, la mayor parte de las veces en \u201cb\u201d, de quienes aspiran a vestir la toga. Una academia que adem\u00e1s posibilitar\u00e1 a aquellas personas con menos recursos poder aspirar a preparar y superar una oposici\u00f3n que tal y como esta concebida, desde finales del siglo XIX, solo parece posible para aquellos aspirantes cuya esconom\u00eda familiar pueda permitirles estar durante cuatro, cinco o seis a\u00f1os, dedicados exclusivamente al estudio sin generar ingreso alguno.&nbsp; &nbsp;<\/p>\n\n\n\n<p>Con esta huelga y algunos pronunciamientos recientes, la toga, te\u00f3ricamente s\u00edmbolo de justicia, se est\u00e1 convirtiendo en barricada. Pero no contra la arbitrariedad, sino contra la democracia y el sentido com\u00fan.<\/p>\n\n\n\n<p>FOTO: Eduardo Parra\/EP archivo. Detalle de la pu\u00f1eta de una toga.<\/p>\n\n\n\n<p><a href=\"https:\/\/www.elindependientedegranada.es\/politica\/toga-borroka\">https:\/\/www.elindependientedegranada.es\/politica\/toga-borroka<\/a><\/p>\n","protected":false},"excerpt":{"rendered":"<p>Agust\u00edn Mart\u00ednez nos ofrece una brillante reflexi\u00f3n sobre la huelga de jueces y fiscales. No&#8230;<\/p>\n","protected":false},"author":1,"featured_media":78050,"comment_status":"closed","ping_status":"closed","sticky":false,"template":"","format":"standard","meta":{"_coblocks_attr":"","_coblocks_dimensions":"","_coblocks_responsive_height":"","_coblocks_accordion_ie_support":"","jetpack_post_was_ever_published":false,"_jetpack_newsletter_access":"","_jetpack_dont_email_post_to_subs":false,"_jetpack_newsletter_tier_id":0,"_jetpack_memberships_contains_paywalled_content":false,"_jetpack_memberships_contains_paid_content":false,"footnotes":"","jetpack_publicize_message":"","jetpack_publicize_feature_enabled":true,"jetpack_social_post_already_shared":true,"jetpack_social_options":{"image_generator_settings":{"template":"highway","default_image_id":0,"enabled":false},"version":2}},"categories":[1161,10798,44,7671],"tags":[],"class_list":["post-78049","post","type-post","status-publish","format-standard","has-post-thumbnail","hentry","category-ciudadania","category-fraude","category-noticias-de-hoy","category-politica"],"jetpack_publicize_connections":[],"jetpack_featured_media_url":"https:\/\/i0.wp.com\/miradordeatarfe.es\/wp-content\/uploads\/2025\/07\/punetas.jpg?fit=650%2C440&ssl=1","jetpack_likes_enabled":true,"jetpack_sharing_enabled":true,"_links":{"self":[{"href":"https:\/\/miradordeatarfe.es\/index.php?rest_route=\/wp\/v2\/posts\/78049","targetHints":{"allow":["GET"]}}],"collection":[{"href":"https:\/\/miradordeatarfe.es\/index.php?rest_route=\/wp\/v2\/posts"}],"about":[{"href":"https:\/\/miradordeatarfe.es\/index.php?rest_route=\/wp\/v2\/types\/post"}],"author":[{"embeddable":true,"href":"https:\/\/miradordeatarfe.es\/index.php?rest_route=\/wp\/v2\/users\/1"}],"replies":[{"embeddable":true,"href":"https:\/\/miradordeatarfe.es\/index.php?rest_route=%2Fwp%2Fv2%2Fcomments&post=78049"}],"version-history":[{"count":2,"href":"https:\/\/miradordeatarfe.es\/index.php?rest_route=\/wp\/v2\/posts\/78049\/revisions"}],"predecessor-version":[{"id":78052,"href":"https:\/\/miradordeatarfe.es\/index.php?rest_route=\/wp\/v2\/posts\/78049\/revisions\/78052"}],"wp:featuredmedia":[{"embeddable":true,"href":"https:\/\/miradordeatarfe.es\/index.php?rest_route=\/wp\/v2\/media\/78050"}],"wp:attachment":[{"href":"https:\/\/miradordeatarfe.es\/index.php?rest_route=%2Fwp%2Fv2%2Fmedia&parent=78049"}],"wp:term":[{"taxonomy":"category","embeddable":true,"href":"https:\/\/miradordeatarfe.es\/index.php?rest_route=%2Fwp%2Fv2%2Fcategories&post=78049"},{"taxonomy":"post_tag","embeddable":true,"href":"https:\/\/miradordeatarfe.es\/index.php?rest_route=%2Fwp%2Fv2%2Ftags&post=78049"}],"curies":[{"name":"wp","href":"https:\/\/api.w.org\/{rel}","templated":true}]}}