{"id":78073,"date":"2025-07-09T11:15:00","date_gmt":"2025-07-09T09:15:00","guid":{"rendered":"https:\/\/miradordeatarfe.es\/?p=78073"},"modified":"2025-07-07T13:15:35","modified_gmt":"2025-07-07T11:15:35","slug":"cumbre-de-jazz-espanol-en-atarfe","status":"publish","type":"post","link":"https:\/\/miradordeatarfe.es\/?p=78073","title":{"rendered":"Cumbre de jazz espa\u00f1ol en Atarfe"},"content":{"rendered":"\n<p class=\"has-medium-font-size\"><strong>Los m\u00edticos m\u00fasicos Chano Dom\u00ednguez y Jorge Pardo act\u00faan en la misma cita para conformar una sesi\u00f3n hist\u00f3rica<\/strong><\/p>\n\n\n\n<p>Las intensas carreras personales de Chano Dom\u00ednguez y Jorge Pardo, anta\u00f1o mas paralelas que ahora, no les permiten coincidir por aqu\u00ed, de hecho, si el archivo no miente hace m\u00e1s de veinte a\u00f1os que no est\u00e1n juntos en un esceanrio cercano (en el \u00faltimo festival gratuito de Almu\u00f1\u00e9car, en 2003) y eso que los primeros discos del gaditano llevaban al madrile\u00f1o en n\u00f3mina. Por eso , aunque no tocaran juntos, poder escucharlos en la misma noche puede denominarse como una &#8216;cumbre&#8217; del jazz hispano. Tanto porque ambos son indiscutiblemente los m\u00e1s populares del ramo, como porque el recinto del Lago de Atarfe est\u00e1 ras de cielo.<\/p>\n\n\n\n<p>Con el festival de Baza, la cita atarfe\u00f1a abre la veda de los 8 festivales de jazz que hay en nuestro verano. Y tiene la particularidad, por emplazamiento, que siempre ofrece una velada fresca, amable y muy agradable. No es de extra\u00f1ar que cerca de 1500 personas asistieran a esa noche tan especial. Y hubiera sido m\u00e1gica si se hubiera pensado un poco m\u00e1s la situaci\u00f3n de la barra de avituallamiento, tan cercana al escenario y la zona de &#8216;butacas&#8217; que el ruido inherente a este servici\u00f3 interfiri\u00f3 en la concentraci\u00f3n de buena parte de la audiencia.<\/p>\n\n\n\n<p>Y as\u00ed, entre tintineos de comandas y olor a fritanga sali\u00f3 el gran Chano, solo, para abrir la noche con un &#8216;My funny Valentine&#8217; que sirvi\u00f3 de introducci\u00f3n a sus compa\u00f1eros Manuel Fortia (que sustitu\u00eda al anunciado Horacio Fumero) y David Xirgu. A estas alturas del de Cai se espera que sea brillantemente \u00e9l mismo, con su caligraf\u00eda impresionista tan enraizada en nuestro sur como en la tradici\u00f3n afroamericana (incluyendo el Caribe). El sistema de pantallas y realizaci\u00f3n de imagen en directo nos permiti\u00f3 la rareza in\u00e9dita de poder seguir sus manos, como agitadas ara\u00f1as movi\u00e9ndose por el teclado, un lujo exclusivo de este festival. Solo, realiz\u00f3 tambi\u00e9n un medley de mil entradas y salidas, yendo desde Paco de Luc\u00eda, al &#8216;St Thomas&#8217; o &#8216;El Manisero&#8217; hasta la bell\u00edsima &#8216;Alma de mujer&#8217;. Y en un momento especialmente emocionante interpret\u00f3 &#8216;Pa mi ni\u00f1o&#8217;, dedicada a su hijo Pablo, recientemente fallecido, y que compuso cuando naci\u00f3.<\/p>\n\n\n\n<p>A la excelencia musical de Jorge Pardo hay que a\u00f1adir su generosidad con los compa\u00f1eros, y as\u00ed le pudimos escuchar en Cantarij\u00e1n con DJ TOner, igual que al frente, un decir porque estuvo m\u00e1s tiempo a su lado, de la Big Band de Atarfe. Se aplicaron en la versi\u00f3n del emblem\u00e1tico &#8216;Huellas&#8217; en formato XXL, con refuerzos premium como &#8216;Petaca&#8217;, Carlo Ligero y el pujante saxofonista local Alejandro Salas (que cerrar\u00eda la noche con su grupo Alsax); los tres tuvieron su momento estelar solista, los saxofonistas, con el director, d\u00e1ndole la r\u00e9plica al maestro de ceremonias; y es que, inhabitualmente dedic\u00f3 m\u00e1s tiempo al tenor que a la flauta.<\/p>\n\n\n\n<p>Pardo con la humildad y simpat\u00eda tan suya, saca lo mejor de cualquiera que se le acerque, llevando a la Big Band a una cuarta dimensi\u00f3n con final feliz, en la selv\u00e1tica (marimba incluida) &#8216;Zapatitos&#8217;, y en &#8216;R\u00edo ancho&#8217;, como haciendo un gui\u00f1o a Chano, puesto que ambos la grabaron en el m\u00edtico disco &#8217;10 de Paco&#8217;.<\/p>\n\n\n\n<h2 class=\"wp-block-heading has-medium-font-size\">Juanje Garc\u00eda<\/h2>\n\n\n\n<p>FOTO: Las actuaciones fueron de un alt\u00edsimo nivel y gustaron al p\u00fablico. J. J. G.<\/p>\n\n\n\n<p><a href=\"https:\/\/www.ideal.es\/culturas\/musica\/cumbre-jazz-espanol-atarfe-20250705193059-nt.html#vca=fixed-btn&amp;vso=elideal&amp;vmc=unknow&amp;vli=culturas\">https:\/\/www.ideal.es\/culturas\/musica\/cumbre-jazz-espanol-atarfe-20250705193059-nt.html#vca=fixed-btn&amp;vso=elideal&amp;vmc=unknow&amp;vli=culturas<\/a><\/p>\n","protected":false},"excerpt":{"rendered":"<p>Los m\u00edticos m\u00fasicos Chano Dom\u00ednguez y Jorge Pardo act\u00faan en la misma cita para conformar&#8230;<\/p>\n","protected":false},"author":1,"featured_media":78074,"comment_status":"closed","ping_status":"closed","sticky":false,"template":"","format":"standard","meta":{"_coblocks_attr":"","_coblocks_dimensions":"","_coblocks_responsive_height":"","_coblocks_accordion_ie_support":"","jetpack_post_was_ever_published":false,"_jetpack_newsletter_access":"","_jetpack_dont_email_post_to_subs":false,"_jetpack_newsletter_tier_id":0,"_jetpack_memberships_contains_paywalled_content":false,"_jetpack_memberships_contains_paid_content":false,"footnotes":"","jetpack_publicize_message":"","jetpack_publicize_feature_enabled":true,"jetpack_social_post_already_shared":true,"jetpack_social_options":{"image_generator_settings":{"template":"highway","default_image_id":0,"enabled":false},"version":2}},"categories":[6916,1161,44],"tags":[],"class_list":["post-78073","post","type-post","status-publish","format-standard","has-post-thumbnail","hentry","category-ayuntamiento-de-atarfe","category-ciudadania","category-noticias-de-hoy"],"jetpack_publicize_connections":[],"jetpack_featured_media_url":"https:\/\/i0.wp.com\/miradordeatarfe.es\/wp-content\/uploads\/2025\/07\/jazz-atarfe-kfiC-U2302288340849eUB-1200x840%40Ideal.webp?fit=1200%2C840&ssl=1","jetpack_likes_enabled":true,"jetpack_sharing_enabled":true,"_links":{"self":[{"href":"https:\/\/miradordeatarfe.es\/index.php?rest_route=\/wp\/v2\/posts\/78073","targetHints":{"allow":["GET"]}}],"collection":[{"href":"https:\/\/miradordeatarfe.es\/index.php?rest_route=\/wp\/v2\/posts"}],"about":[{"href":"https:\/\/miradordeatarfe.es\/index.php?rest_route=\/wp\/v2\/types\/post"}],"author":[{"embeddable":true,"href":"https:\/\/miradordeatarfe.es\/index.php?rest_route=\/wp\/v2\/users\/1"}],"replies":[{"embeddable":true,"href":"https:\/\/miradordeatarfe.es\/index.php?rest_route=%2Fwp%2Fv2%2Fcomments&post=78073"}],"version-history":[{"count":1,"href":"https:\/\/miradordeatarfe.es\/index.php?rest_route=\/wp\/v2\/posts\/78073\/revisions"}],"predecessor-version":[{"id":78075,"href":"https:\/\/miradordeatarfe.es\/index.php?rest_route=\/wp\/v2\/posts\/78073\/revisions\/78075"}],"wp:featuredmedia":[{"embeddable":true,"href":"https:\/\/miradordeatarfe.es\/index.php?rest_route=\/wp\/v2\/media\/78074"}],"wp:attachment":[{"href":"https:\/\/miradordeatarfe.es\/index.php?rest_route=%2Fwp%2Fv2%2Fmedia&parent=78073"}],"wp:term":[{"taxonomy":"category","embeddable":true,"href":"https:\/\/miradordeatarfe.es\/index.php?rest_route=%2Fwp%2Fv2%2Fcategories&post=78073"},{"taxonomy":"post_tag","embeddable":true,"href":"https:\/\/miradordeatarfe.es\/index.php?rest_route=%2Fwp%2Fv2%2Ftags&post=78073"}],"curies":[{"name":"wp","href":"https:\/\/api.w.org\/{rel}","templated":true}]}}