{"id":78076,"date":"2025-07-07T10:22:00","date_gmt":"2025-07-07T08:22:00","guid":{"rendered":"https:\/\/miradordeatarfe.es\/?p=78076"},"modified":"2025-07-07T09:30:06","modified_gmt":"2025-07-07T07:30:06","slug":"hoy-en-atarfe-la-musica-cuenta-cuentos","status":"publish","type":"post","link":"https:\/\/miradordeatarfe.es\/?p=78076","title":{"rendered":"HOY en Atarfe\u2026 \u00a1la m\u00fasica cuenta cuentos!\u00a0"},"content":{"rendered":"\n<p class=\"has-medium-font-size\"><strong>Prep\u00e1rate para una noche m\u00e1gica con el Concierto Did\u00e1ctico \u00abEl Gato con Botas\u00bb, una propuesta ideal para los m\u00e1s peque\u00f1os\u2026 \u00a1y para toda la familia!<\/strong><\/p>\n\n\n\n<p>Un espect\u00e1culo musical lleno de fantas\u00eda, narrado y acompa\u00f1ado por el Ensamble de Profesores de la Escuela de M\u00fasica Ciudad Atarfe, bajo la direcci\u00f3n de Alberto Vallejo Torres.<\/p>\n\n\n\n<p><em><strong>El gato con botas<\/strong> <\/em>es un espect\u00e1culo, orquesta  en vivo que est\u00e1 basado en el texto de <strong>Charles Perrault<\/strong> con m\u00fasica de<strong> Jean-Baptiste Lully<\/strong> y <strong>Marin Marais<\/strong>. Se nos presenta un cl\u00e1sico de la literatura universal que nos sumerge en el ambiente de la corte de Luis XIV y la m\u00fasica de su \u00e9poca. Un espect\u00e1culo de m\u00fasica barroca para que ni\u00f1os y j\u00f3venes descubran la riqueza musical de un periodo esplendoroso musical y culturalmente.<\/p>\n\n\n\n<p>En esta obra os podr\u00e9is sumergir en el ambiente de la corte del rey Luis XIV, acompa\u00f1ado de m\u00fasica francesa de los siglos XVII y XVIII.<\/p>\n\n\n\n<p>&#8211;<strong>\u00a0Parque de la Higueruela<br \/>&#8211;\u00a0Lunes 7 de julio de 2025<br \/>&#8211;\u00a0A las 21:00 h<\/strong><\/p>\n\n\n\n<p>Una historia cl\u00e1sica, contada a trav\u00e9s de la m\u00fasica y pensada para emocionar, divertir y aprender.<\/p>\n\n\n\n<p>No te pierdas esta maravillosa actividad dentro del programa de verano de Atarfe. \u00a1Acom\u00f3date bajo las estrellas y disfruta en familia!<\/p>\n\n\n\n<figure class=\"wp-block-image size-full\"><img data-recalc-dims=\"1\" loading=\"lazy\" decoding=\"async\" width=\"600\" height=\"750\" src=\"https:\/\/i0.wp.com\/miradordeatarfe.es\/wp-content\/uploads\/2025\/07\/el-gato-con-botas-julio-2025.jpg?resize=600%2C750&#038;ssl=1\" alt=\"\" class=\"wp-image-78078\" srcset=\"https:\/\/i0.wp.com\/miradordeatarfe.es\/wp-content\/uploads\/2025\/07\/el-gato-con-botas-julio-2025.jpg?w=600&amp;ssl=1 600w, https:\/\/i0.wp.com\/miradordeatarfe.es\/wp-content\/uploads\/2025\/07\/el-gato-con-botas-julio-2025.jpg?resize=240%2C300&amp;ssl=1 240w\" sizes=\"auto, (max-width: 600px) 100vw, 600px\" \/><\/figure>\n","protected":false},"excerpt":{"rendered":"<p>Prep\u00e1rate para una noche m\u00e1gica con el Concierto Did\u00e1ctico \u00abEl Gato con Botas\u00bb, una propuesta&#8230;<\/p>\n","protected":false},"author":1,"featured_media":78077,"comment_status":"closed","ping_status":"closed","sticky":false,"template":"","format":"standard","meta":{"_coblocks_attr":"","_coblocks_dimensions":"","_coblocks_responsive_height":"","_coblocks_accordion_ie_support":"","jetpack_post_was_ever_published":false,"_jetpack_newsletter_access":"","_jetpack_dont_email_post_to_subs":false,"_jetpack_newsletter_tier_id":0,"_jetpack_memberships_contains_paywalled_content":false,"_jetpack_memberships_contains_paid_content":false,"footnotes":"","jetpack_publicize_message":"","jetpack_publicize_feature_enabled":true,"jetpack_social_post_already_shared":true,"jetpack_social_options":{"image_generator_settings":{"template":"highway","default_image_id":0,"enabled":false},"version":2}},"categories":[12,186,44],"tags":[],"class_list":["post-78076","post","type-post","status-publish","format-standard","has-post-thumbnail","hentry","category-cultura","category-instituciones","category-noticias-de-hoy"],"jetpack_publicize_connections":[],"jetpack_featured_media_url":"https:\/\/i0.wp.com\/miradordeatarfe.es\/wp-content\/uploads\/2025\/07\/gato-con-botas-jpg.webp?fit=1200%2C675&ssl=1","jetpack_likes_enabled":true,"jetpack_sharing_enabled":true,"_links":{"self":[{"href":"https:\/\/miradordeatarfe.es\/index.php?rest_route=\/wp\/v2\/posts\/78076","targetHints":{"allow":["GET"]}}],"collection":[{"href":"https:\/\/miradordeatarfe.es\/index.php?rest_route=\/wp\/v2\/posts"}],"about":[{"href":"https:\/\/miradordeatarfe.es\/index.php?rest_route=\/wp\/v2\/types\/post"}],"author":[{"embeddable":true,"href":"https:\/\/miradordeatarfe.es\/index.php?rest_route=\/wp\/v2\/users\/1"}],"replies":[{"embeddable":true,"href":"https:\/\/miradordeatarfe.es\/index.php?rest_route=%2Fwp%2Fv2%2Fcomments&post=78076"}],"version-history":[{"count":1,"href":"https:\/\/miradordeatarfe.es\/index.php?rest_route=\/wp\/v2\/posts\/78076\/revisions"}],"predecessor-version":[{"id":78079,"href":"https:\/\/miradordeatarfe.es\/index.php?rest_route=\/wp\/v2\/posts\/78076\/revisions\/78079"}],"wp:featuredmedia":[{"embeddable":true,"href":"https:\/\/miradordeatarfe.es\/index.php?rest_route=\/wp\/v2\/media\/78077"}],"wp:attachment":[{"href":"https:\/\/miradordeatarfe.es\/index.php?rest_route=%2Fwp%2Fv2%2Fmedia&parent=78076"}],"wp:term":[{"taxonomy":"category","embeddable":true,"href":"https:\/\/miradordeatarfe.es\/index.php?rest_route=%2Fwp%2Fv2%2Fcategories&post=78076"},{"taxonomy":"post_tag","embeddable":true,"href":"https:\/\/miradordeatarfe.es\/index.php?rest_route=%2Fwp%2Fv2%2Ftags&post=78076"}],"curies":[{"name":"wp","href":"https:\/\/api.w.org\/{rel}","templated":true}]}}