{"id":78088,"date":"2025-07-08T11:02:00","date_gmt":"2025-07-08T09:02:00","guid":{"rendered":"https:\/\/miradordeatarfe.es\/?p=78088"},"modified":"2025-07-07T13:43:43","modified_gmt":"2025-07-07T11:43:43","slug":"atarfe-ayudas-para-la-adquisicion-de-material-escolar-2025-2026","status":"publish","type":"post","link":"https:\/\/miradordeatarfe.es\/?p=78088","title":{"rendered":"ATARFE: Ayudas para la adquisici\u00f3n de Material Escolar 2025\/2026"},"content":{"rendered":"\n<p class=\"has-medium-font-size\"><strong>El Ayuntamiento de Atarfe, trabaja por la igualdad de oportunidades, apoyando a las familias en el inicio del pr\u00f3ximo curso escolar.<\/strong><\/p>\n\n\n\n<p>Las personas destinatarias de las ayudas para material escolar ser\u00e1n las\/os alumnas\/os empadronadas\/os en Atarfe y escolarizadas\/os en Educaci\u00f3n Infantil (de 3 a 5 a\u00f1os), Educaci\u00f3n Primaria, Educaci\u00f3n Secundaria Obligatoria y Educaci\u00f3n Especial en los colegios p\u00fablicos y\/o concertados de Atarfe.<br \/>El presupuesto m\u00e1ximo destinado a estas ayudas ser\u00e1 de 7.000 euros (siete mil euros). <\/p>\n\n\n\n<p>\u00bfA qui\u00e9n van dirigidas?<br \/>A estudiantes empadronados\/as en Atarfe y matriculados\/as en Infantil, Primaria, Secundaria o Educaci\u00f3n Especial, en centros p\u00fablicos o concertados del municipio.<\/p>\n\n\n\n<p>\u00bfQu\u00e9 cubren estas ayudas?<br \/>&#8211;&nbsp;Infantil: Libros y material escolar<br \/>&#8211;&nbsp;Primaria y Secundaria: Material escolar<\/p>\n\n\n\n<p>Los ingresos econ\u00f3micos familiares no habr\u00e1n podido superar el IPREM anual establecido para el a\u00f1o 2025.<\/p>\n\n\n\n<figure class=\"wp-block-image size-full\"><img data-recalc-dims=\"1\" loading=\"lazy\" decoding=\"async\" width=\"640\" height=\"244\" src=\"https:\/\/i0.wp.com\/miradordeatarfe.es\/wp-content\/uploads\/2025\/07\/Captura20250707133630.png?resize=640%2C244&#038;ssl=1\" alt=\"\" class=\"wp-image-78089\" srcset=\"https:\/\/i0.wp.com\/miradordeatarfe.es\/wp-content\/uploads\/2025\/07\/Captura20250707133630.png?w=672&amp;ssl=1 672w, https:\/\/i0.wp.com\/miradordeatarfe.es\/wp-content\/uploads\/2025\/07\/Captura20250707133630.png?resize=300%2C114&amp;ssl=1 300w\" sizes=\"auto, (max-width: 640px) 100vw, 640px\" \/><\/figure>\n\n\n\n<p>La dotaci\u00f3n individual por cada alumna\/o, ser\u00e1 la siguiente:<\/p>\n\n\n\n<ol class=\"wp-block-list\">\n<li>Para Educaci\u00f3n Infantil de 3, 4 y 5 a\u00f1os: ayudas para material escolar (fungible o no fungible)y\/o libros de texto (60\u20ac).<\/li>\n\n\n\n<li>Para Educaci\u00f3n Primaria, Educaci\u00f3n Especial y\/o Educaci\u00f3n Secundaria Obligatoria (desde 1\u00ba E.S.O a 4\u00ba E.S.O, ambos incluidos): ayudas para material escolar (40\u20ac).<\/li>\n<\/ol>\n\n\n\n<p>Plazo de solicitud: <strong>Del 7 al 14 de julio de 2025, ambos inclusive.<\/strong><\/p>\n\n\n\n<p>\u00bfD\u00f3nde solicitarla?<br \/><em><strong>En las oficinas de Servicios Sociales Comunitarios de Atarfe (Plaza de Abastos)<\/strong><\/em>.<\/p>\n\n\n\n<p>\u00a1Te ayudaremos con la tramitaci\u00f3n! Porque ning\u00fan ni\u00f1o o ni\u00f1a debe quedarse atr\u00e1s por falta de recursos. <\/p>\n\n\n\n<p>Bases:<br \/><a href=\"https:\/\/drive.google.com\/file\/d\/19Ug9qpn_xWBrxgX23QHUIPaaPY0ZYJqg\/view?usp=sharing\">https:\/\/drive.google.com\/file\/d\/19Ug9qpn_xWBrxgX23QHUIPaaPY0ZYJqg\/view?usp=sharing<\/a><\/p>\n\n\n\n<p><br \/>Solicitud:<br \/><a href=\"https:\/\/drive.google.com\/file\/d\/1x7dc8bunQn5EJcF8y2LamyQW85iCZgcA\/view?usp=sharing\">https:\/\/drive.google.com\/file\/d\/1x7dc8bunQn5EJcF8y2LamyQW85iCZgcA\/view?usp=sharing<\/a><\/p>\n\n\n\n<p><strong>Concejal\u00eda de Bienestar Social<\/strong> <strong>del Ayuntamiento de Atarfe<\/strong><\/p>\n\n\n\n<figure class=\"wp-block-image size-full\"><img data-recalc-dims=\"1\" loading=\"lazy\" decoding=\"async\" width=\"600\" height=\"750\" src=\"https:\/\/i0.wp.com\/miradordeatarfe.es\/wp-content\/uploads\/2025\/07\/ayuda-material-escolar-2025-2026.jpg?resize=600%2C750&#038;ssl=1\" alt=\"\" class=\"wp-image-78090\" srcset=\"https:\/\/i0.wp.com\/miradordeatarfe.es\/wp-content\/uploads\/2025\/07\/ayuda-material-escolar-2025-2026.jpg?w=600&amp;ssl=1 600w, https:\/\/i0.wp.com\/miradordeatarfe.es\/wp-content\/uploads\/2025\/07\/ayuda-material-escolar-2025-2026.jpg?resize=240%2C300&amp;ssl=1 240w\" sizes=\"auto, (max-width: 600px) 100vw, 600px\" \/><\/figure>\n","protected":false},"excerpt":{"rendered":"<p>El Ayuntamiento de Atarfe, trabaja por la igualdad de oportunidades, apoyando a las familias en&#8230;<\/p>\n","protected":false},"author":1,"featured_media":78091,"comment_status":"closed","ping_status":"closed","sticky":false,"template":"","format":"standard","meta":{"_coblocks_attr":"","_coblocks_dimensions":"","_coblocks_responsive_height":"","_coblocks_accordion_ie_support":"","jetpack_post_was_ever_published":false,"_jetpack_newsletter_access":"","_jetpack_dont_email_post_to_subs":false,"_jetpack_newsletter_tier_id":0,"_jetpack_memberships_contains_paywalled_content":false,"_jetpack_memberships_contains_paid_content":false,"footnotes":"","jetpack_publicize_message":"","jetpack_publicize_feature_enabled":true,"jetpack_social_post_already_shared":true,"jetpack_social_options":{"image_generator_settings":{"template":"highway","default_image_id":0,"enabled":false},"version":2}},"categories":[6916,1161,44],"tags":[],"class_list":["post-78088","post","type-post","status-publish","format-standard","has-post-thumbnail","hentry","category-ayuntamiento-de-atarfe","category-ciudadania","category-noticias-de-hoy"],"jetpack_publicize_connections":[],"jetpack_featured_media_url":"https:\/\/i0.wp.com\/miradordeatarfe.es\/wp-content\/uploads\/2025\/07\/ayuda-material-escolar-2025-2026b.jpg?fit=598%2C417&ssl=1","jetpack_likes_enabled":true,"jetpack_sharing_enabled":true,"_links":{"self":[{"href":"https:\/\/miradordeatarfe.es\/index.php?rest_route=\/wp\/v2\/posts\/78088","targetHints":{"allow":["GET"]}}],"collection":[{"href":"https:\/\/miradordeatarfe.es\/index.php?rest_route=\/wp\/v2\/posts"}],"about":[{"href":"https:\/\/miradordeatarfe.es\/index.php?rest_route=\/wp\/v2\/types\/post"}],"author":[{"embeddable":true,"href":"https:\/\/miradordeatarfe.es\/index.php?rest_route=\/wp\/v2\/users\/1"}],"replies":[{"embeddable":true,"href":"https:\/\/miradordeatarfe.es\/index.php?rest_route=%2Fwp%2Fv2%2Fcomments&post=78088"}],"version-history":[{"count":1,"href":"https:\/\/miradordeatarfe.es\/index.php?rest_route=\/wp\/v2\/posts\/78088\/revisions"}],"predecessor-version":[{"id":78092,"href":"https:\/\/miradordeatarfe.es\/index.php?rest_route=\/wp\/v2\/posts\/78088\/revisions\/78092"}],"wp:featuredmedia":[{"embeddable":true,"href":"https:\/\/miradordeatarfe.es\/index.php?rest_route=\/wp\/v2\/media\/78091"}],"wp:attachment":[{"href":"https:\/\/miradordeatarfe.es\/index.php?rest_route=%2Fwp%2Fv2%2Fmedia&parent=78088"}],"wp:term":[{"taxonomy":"category","embeddable":true,"href":"https:\/\/miradordeatarfe.es\/index.php?rest_route=%2Fwp%2Fv2%2Fcategories&post=78088"},{"taxonomy":"post_tag","embeddable":true,"href":"https:\/\/miradordeatarfe.es\/index.php?rest_route=%2Fwp%2Fv2%2Ftags&post=78088"}],"curies":[{"name":"wp","href":"https:\/\/api.w.org\/{rel}","templated":true}]}}